{"id":139323,"date":"2025-09-26T04:45:07","date_gmt":"2025-09-26T04:45:07","guid":{"rendered":"https:\/\/www.europesays.com\/es\/139323\/"},"modified":"2025-09-26T04:45:07","modified_gmt":"2025-09-26T04:45:07","slug":"europa-asume-que-pagara-la-factura-de-la-guerra-contra-ucrania-tras-el-nuevo-giro-de-trump-internacional","status":"publish","type":"post","link":"https:\/\/www.europesays.com\/es\/139323\/","title":{"rendered":"Europa asume que pagar\u00e1 la factura de la guerra contra Ucrania tras el nuevo giro de Trump | Internacional"},"content":{"rendered":"<p class=\"\">Donald Trump considera un d\u00eda que Ucrania no tiene buenas cartas para derrotar a Rusia, pero otro afirma que <a href=\"https:\/\/elpais.com\/internacional\/2025-09-23\/trump-asegura-que-la-otan-deberia-derribar-cualquier-aeronave-rusa-que-sobrevuele-su-territorio.html\" target=\"_self\" rel=\"nofollow noopener\" title=\"https:\/\/elpais.com\/internacional\/2025-09-23\/trump-asegura-que-la-otan-deberia-derribar-cualquier-aeronave-rusa-que-sobrevuele-su-territorio.html\">Kiev podr\u00eda recuperar el control del pa\u00eds, invadido por las tropas de Vlad\u00edmir Putin hace m\u00e1s de tres a\u00f1os<\/a>. \u201cCreo que Ucrania, con el apoyo de la Uni\u00f3n Europea, est\u00e1 en posici\u00f3n de combatir y RECUPERAR todo [el territorio] ucranio en su forma original\u201d, escribi\u00f3 el presidente estadounidense el martes en las redes sociales. <\/p>\n<p class=\"\">Su comentario, tan distinto a los que suele hacer \u2014se ha mostrado siempre m\u00e1s af\u00edn a Mosc\u00fa que a Kiev\u2014, y sobre todo tan diferente respecto a las estimaciones de los analistas y observadores que ven estancado el conflicto armado (en el que Rusia ha ocupado m\u00e1s del 20% del territorio ucranio), sorprendi\u00f3, pero tambi\u00e9n preocup\u00f3 en Europa, donde algunos leen entre l\u00edneas que Trump est\u00e1 alej\u00e1ndose y desentendi\u00e9ndose de la guerra. Que est\u00e1 a punto de lavarse las manos y se est\u00e1 preparando para dejar definitivamente solo al Viejo Continente en el sost\u00e9n de Ucrania y a cargo de la factura econ\u00f3mica, militar y social.<\/p>\n<p class=\"\">\u201cEl presidente Trump ha declarado que Ucrania podr\u00eda, con el apoyo de la Uni\u00f3n Europea, recuperar parte de su territorio\u201d, coment\u00f3 el primer ministro polaco, Donald Tusk, en las redes sociales. \u201cEste sorprendente optimismo esconde la promesa de una menor intervenci\u00f3n estadounidense, una transferencia de la responsabilidad del fin de la guerra a Europa. La verdad es mejor que la ilusi\u00f3n\u201d, remarc\u00f3 el mandatario polaco. Tusk es quien m\u00e1s claro y m\u00e1s abiertamente ha hablado sobre el asunto. <\/p>\n<p class=\"\">En p\u00fablico, la mayor\u00eda de las c\u00fapulas europeas se han felicitado por el aparente cambio de postura de Trump. Pero en privado las cosas son distintas. Lo cierto es que nadie sabe a qu\u00e9 atenerse. <\/p>\n<p class=\"\"><a href=\"https:\/\/elpais.com\/internacional\/2025-07-31\/el-mundo-contiene-el-aliento-ante-el-nuevo-inicio-de-la-guerra-comercial-de-donald-trump.html\" target=\"_self\" rel=\"nofollow noopener\" title=\"https:\/\/elpais.com\/internacional\/2025-07-31\/el-mundo-contiene-el-aliento-ante-el-nuevo-inicio-de-la-guerra-comercial-de-donald-trump.html\">Los vaivenes de Trump, su volatilidad y cambio de discurso<\/a>, hacen concluir a muchos de los socios europeos de EE UU que Trump no es un aliado fiable. \u201cNo s\u00e9 qu\u00e9 m\u00e1s hace falta para asumir que estamos solos. No solo con Ucrania, que guarda nuestro flanco oriental, sino frente a la amenaza rusa\u201d, dice una veterana fuente comunitaria que habla bajo anonimato para comentar asuntos sensibles. El desconcierto ha vuelto a aflorar, pero como dice una diplom\u00e1tica de un peque\u00f1o pa\u00eds europeo, \u201cno es la primera vez y probablemente no ser\u00e1 la \u00faltima\u201d. <\/p>\n<p class=\"\">Salvo un atisbo de cambio que llev\u00f3 a pensar que Washington prestar\u00eda apoyo a la coalici\u00f3n de voluntarios europeos que busca dar garant\u00edas de seguridad a Ucrania tras un hipot\u00e9tico alto el fuego \u2014y que incluir\u00eda el despliegue de tropas europeas sobre el terreno\u2014, el jefe de la Casa Blanca siempre ha dejado claro que, salvo cierta parte diplom\u00e1tica para atribuirse un posible fin al conflicto, la de Ucrania es una guerra europea. <\/p>\n<p class=\"\">Tras casi cuatro a\u00f1os de invasi\u00f3n a gran escala,<a href=\"https:\/\/elpais.com\/internacional\/2024-10-21\/a-ucrania-le-faltan-soldados-para-frenar-a-rusia.html\" target=\"_self\" rel=\"nofollow noopener\" title=\"https:\/\/elpais.com\/internacional\/2024-10-21\/a-ucrania-le-faltan-soldados-para-frenar-a-rusia.html\"> la situaci\u00f3n en Ucrania es muy dif\u00edcil: faltan armas, munici\u00f3n y tropas<\/a> (aunque en Rusia, la realidad no es mucho mejor). Adem\u00e1s, sin las potentes armas estadounidenses y el apoyo econ\u00f3mico y militar de Washington, el cambio de juego que se necesita para alterar la situaci\u00f3n es impensable. \u201cDecir que con la ayuda de la UE Ucrania podr\u00eda recuperar todo su territorio suena errado. Las cosas no est\u00e1n saliendo como Trump quer\u00eda y est\u00e1 tratando de que la realidad no le salpique\u201d, dice otra fuente de Bruselas. <\/p>\n<p class=\"\">El magnate republicano asegur\u00f3, antes de llegar a la Casa Blanca, que podr\u00eda acabar con la guerra en 24 horas. Una vez en el poder, tras varios contactos con Putin \u2015con quien ha tenido buena relaci\u00f3n hist\u00f3rica\u2015 y <a href=\"https:\/\/elpais.com\/internacional\/2025-08-15\/putin-logra-en-su-visita-a-trump-en-alaska-romper-el-aislamiento-internacional.html\" target=\"_self\" rel=\"nofollow noopener\" title=\"https:\/\/elpais.com\/internacional\/2025-08-15\/putin-logra-en-su-visita-a-trump-en-alaska-romper-el-aislamiento-internacional.html\">una ins\u00f3lita reuni\u00f3n en persona con el ruso en Alaska<\/a>, la situaci\u00f3n no parece haberse movido un \u00e1pice. Esto, dice otro diplom\u00e1tico, puede ser, sin embargo, una buena se\u00f1al de que por fin \u2014como los europeos le llevan tiempo argumentando\u2014 el estadounidense ve que Putin no juega limpio y que eso le puede afectar.<\/p>\n<p class=\"\">Pero ahora, cuando el jefe del Kremlin no ha dado muestras de ser receptivo a sus esfuerzos diplom\u00e1ticos, Trump ha incrementado la presi\u00f3n sobre los europeos para que se desenganchen por completo de los hidrocarburos rusos. <\/p>\n<p class=\"\">\u201c[Trump] est\u00e1 causando desconfianza y enfado a los europeos\u201d, dice Ian Lesser, del laboratorio de ideas German Marshall Fund. Sin embargo, el analista no hace una lectura \u201cc\u00ednica\u201d del mensaje de Trump: no cree que sea un adelanto de que se desentender\u00e1 del conflicto. \u201cQue sea visto as\u00ed [como que va a desengancharse] es una muestra del alto grado de frustraci\u00f3n en Europa sobre su falta de previsibilidad y la carencia de especificidad en la pol\u00edtica estadounidense sobre Ucrania\u201d, se\u00f1ala Lesser por tel\u00e9fono. <\/p>\n<p class=\"\">Llueve sobre mojado. Los comentarios de Trump tienen ahora una lectura todav\u00eda m\u00e1s sensible, ya que Europa se est\u00e1 enfrentando a un incremento de los ataques h\u00edbridos de Rusia \u2015con incursiones de drones y cazas en su espacio a\u00e9reo, por ejemplo\u2015 y hay inquietud sobre el grado de implicaci\u00f3n de Washington en la defensa de sus aliados europeos de la OTAN. Y m\u00e1s cuando en las \u00faltimas semanas ha aflorado de nuevo la idea de que EE UU va a retirar los refuerzos que hab\u00eda enviado a Europa del Este \u2015donde precisamente se han incrementado los ataques h\u00edbridos del Kremlin\u2014 tras la invasi\u00f3n de Ucrania.<\/p>\n","protected":false},"excerpt":{"rendered":"Donald Trump considera un d\u00eda que Ucrania no tiene buenas cartas para derrotar a Rusia, pero otro afirma&hellip;\n","protected":false},"author":2,"featured_media":139324,"comment_status":"","ping_status":"","sticky":false,"template":"","format":"standard","meta":{"footnotes":""},"categories":[42],"tags":[8738,17,18,70,71,72,700,13,14,69,7082,11,61,62,63,64,19,20,9,10,15,16,1613,1614,12,7081,21,22,1617,65,66,67],"class_list":{"0":"post-139323","1":"post","2":"type-post","3":"status-publish","4":"format-standard","5":"has-post-thumbnail","7":"category-internacional","8":"tag-ataques-militares","9":"tag-breaking-news","10":"tag-breakingnews","11":"tag-conflictos","12":"tag-conflictos-armados","13":"tag-conflictos-internacionales","14":"tag-europa","15":"tag-featured-news","16":"tag-featurednews","17":"tag-guerra","18":"tag-guerra-de-rusia-en-ucrania","19":"tag-headlines","20":"tag-internacional","21":"tag-international","22":"tag-international-news","23":"tag-internationalnews","24":"tag-latest-news","25":"tag-latestnews","26":"tag-news","27":"tag-noticias","28":"tag-noticias-destacadas","29":"tag-noticiasdestacadas","30":"tag-otan","31":"tag-rusia","32":"tag-titulares","33":"tag-ucrania","34":"tag-ultimas-noticias","35":"tag-ultimasnoticias","36":"tag-union-europea","37":"tag-world","38":"tag-world-news","39":"tag-worldnews"},"share_on_mastodon":{"url":"","error":""},"_links":{"self":[{"href":"https:\/\/www.europesays.com\/es\/wp-json\/wp\/v2\/posts\/139323","targetHints":{"allow":["GET"]}}],"collection":[{"href":"https:\/\/www.europesays.com\/es\/wp-json\/wp\/v2\/posts"}],"about":[{"href":"https:\/\/www.europesays.com\/es\/wp-json\/wp\/v2\/types\/post"}],"author":[{"embeddable":true,"href":"https:\/\/www.europesays.com\/es\/wp-json\/wp\/v2\/users\/2"}],"replies":[{"embeddable":true,"href":"https:\/\/www.europesays.com\/es\/wp-json\/wp\/v2\/comments?post=139323"}],"version-history":[{"count":0,"href":"https:\/\/www.europesays.com\/es\/wp-json\/wp\/v2\/posts\/139323\/revisions"}],"wp:featuredmedia":[{"embeddable":true,"href":"https:\/\/www.europesays.com\/es\/wp-json\/wp\/v2\/media\/139324"}],"wp:attachment":[{"href":"https:\/\/www.europesays.com\/es\/wp-json\/wp\/v2\/media?parent=139323"}],"wp:term":[{"taxonomy":"category","embeddable":true,"href":"https:\/\/www.europesays.com\/es\/wp-json\/wp\/v2\/categories?post=139323"},{"taxonomy":"post_tag","embeddable":true,"href":"https:\/\/www.europesays.com\/es\/wp-json\/wp\/v2\/tags?post=139323"}],"curies":[{"name":"wp","href":"https:\/\/api.w.org\/{rel}","templated":true}]}}