{"id":139333,"date":"2025-09-26T04:51:13","date_gmt":"2025-09-26T04:51:13","guid":{"rendered":"https:\/\/www.europesays.com\/es\/139333\/"},"modified":"2025-09-26T04:51:13","modified_gmt":"2025-09-26T04:51:13","slug":"la-ryder-de-los-12-del-patibulo","status":"publish","type":"post","link":"https:\/\/www.europesays.com\/es\/139333\/","title":{"rendered":"La Ryder de los \u201812 del pat\u00edbulo\u2019"},"content":{"rendered":"<p class=\"\">No son delincuentes convictos, pero <b>son 12<\/b> y, como Charles Bronson, Lee Marvin, John Cassavetes y compa\u00f1\u00eda en el afamado film de Robert Aldrich, van directos a la boca del lobo. En su caso la misi\u00f3n no tiene que ver con frenar la tiran\u00eda de la Alemania nazi, <b>su tarea<\/b> desde este <b>viernes hasta el domingo<\/b> consiste en <b>acabar con una sequ\u00eda de Europa <\/b>cuando juega la <a href=\"https:\/\/as.com\/noticias\/ryder-cup\/\" target=\"_self\" rel=\"nofollow noopener\" title=\"https:\/\/as.com\/noticias\/ryder-cup\/\">Ryder Cup<\/a> a <b>domicilio <\/b>que <b>dura desde 2012<\/b>, el a\u00f1o del \u2018Milagro de Medinah\u2019. <\/p>\n<p class=\"\">Entre medias,<b> el Viejo Continente <\/b>ha encajado dos de las <b>peores palizas<\/b> de su historia,<b> el 17 a 11 <\/b><a href=\"https:\/\/as.com\/masdeporte\/2016\/10\/02\/golf\/1475443733_033643.html\" target=\"_self\" rel=\"nofollow noopener\" title=\"https:\/\/as.com\/masdeporte\/2016\/10\/02\/golf\/1475443733_033643.html\">de Hazeltine en 2016<\/a> y especialmente<b> el 19 a 9 <\/b><a href=\"https:\/\/as.com\/masdeporte\/2021\/09\/26\/golf\/1632665733_410191.html\" target=\"_self\" rel=\"nofollow noopener\" title=\"https:\/\/as.com\/masdeporte\/2021\/09\/26\/golf\/1632665733_410191.html\">de Whistling Straits hace dos a\u00f1os<\/a>, un via crucis que termin\u00f3 con Rory McIlroy deshecho en l\u00e1grimas. En <a href=\"https:\/\/as.com\/masdeporte\/golf\/bethpage-un-campo-publico-no-apto-para-todos-los-publicos-n\/\" target=\"_self\" rel=\"nofollow noopener\" title=\"https:\/\/as.com\/masdeporte\/golf\/bethpage-un-campo-publico-no-apto-para-todos-los-publicos-n\/\">Bethpage Black (Nueva York, EE UU)<\/a> les aguarda una tropa de <b>ruidosos neoyorquinos<\/b> (se esperan unos 50.000 cada d\u00eda), gentilicio que con los a\u00f1os se ha ganado la fama de ser uno de los m\u00e1s desquiciantes del pa\u00eds, que pondr\u00e1 todo de su parte para entorpecer la tarea de los muchachos de <b>Luke Donald.<\/b><\/p>\n<p class=\"\">Este repite la<b> exitosa f\u00f3rmula<\/b> de hace dos a\u00f1os en <b>Roma<\/b>, cuando Europa gan\u00f3 de forma holgada con un <a href=\"https:\/\/as.com\/masdeporte\/golf\/ryder-cup-2025-equipo-capitanes-y-jugadores-de-europa-n\/\" target=\"_self\" rel=\"nofollow noopener\" title=\"https:\/\/as.com\/masdeporte\/golf\/ryder-cup-2025-equipo-capitanes-y-jugadores-de-europa-n\/\">equipo<\/a> en el que siguen<b> 11 de sus 12 integrantes<\/b>. Todos menos Nicolaj Hojgaard, al que sustituye su gemelo, Nicolaj. El norirland\u00e9s <b>Rory McIlroy<\/b> y el espa\u00f1ol <b>Jon Rahm,<\/b> ambos alineados desde la primera sesi\u00f3n de foursomes son los <b>l\u00edderes<\/b> de un grupo que completan el irland\u00e9s Shane Lowry, los ingleses Justin Rose, Matt Fitzpatrick, Tommy Fleetwood y Tyrrell Hatton, el austriaco Sepp Straka, el escoc\u00e9s Robert MacIntyre, el noruego Viktor Hovland y el sueco Ludvig Aberg. <\/p>\n<p class=\"\">\u201cHasta ahora, ha sido <b>m\u00e1s gracioso<\/b> que otra cosa. Me imagino que ma\u00f1ana (por este viernes) la cosa se va a poner m\u00e1s complicada, pero siempre se escuchan cosas graciosas\u201d, le quitaba hierro a la<b> hostilidad del ambiente <\/b>en su rueda de prensa de este jueves <b>Rahmbo<\/b>, que durante una de sus vueltas de<b> pr\u00e1cticas ya fue increpado<\/b>. \u201c\u00bfD\u00f3nde est\u00e1 el Ozempic (un medicamento para la diabetes que se utiliza tambi\u00e9n para perder peso)\u201d, le grit\u00f3 un aficionado. \u201cFue gracioso\u201d, encaj\u00f3 con buena mand\u00edbula el vizca\u00edno. <\/p>\n<p class=\"\">El <b>miedo <\/b>a la<b> crudeza verbal <\/b>que predican en la Gran Manzana, de la que podr\u00edan hablar largo y tendido franquicias de otros deportes como los Indiana Pacers o los Boston Red Sox, es tal que<b> <\/b>los <b>europeos se han preparado <\/b>incluso <a href=\"https:\/\/as.com\/masdeporte\/golf\/rahm-la-realidad-virtual-nunca-se-acerca-a-la-vida-real-n\/\" target=\"_self\" rel=\"nofollow noopener\" title=\"https:\/\/as.com\/masdeporte\/golf\/rahm-la-realidad-virtual-nunca-se-acerca-a-la-vida-real-n\/\">con realidad virtual<\/a>, y el capit\u00e1n estadounidense,<b> Keegan Bradley, pidi\u00f3 prudencia<\/b> el mi\u00e9rcoles en la ceremonia inaugural, adelantada por las intensas lluvias que obligaron a cancelar la Ryder Junior este jueves. <b>Bradley <\/b>alinear\u00e1 a <b>cuatro novatos <\/b>(Ben Griffin, J. J. Spaun, Russell Henley y Cameron Young) y tiene en <b>Scottie Scheffler,<\/b> el mejor golfista de la actualidad, y en<b> Bryson DeChambeau, <\/b>encargado de encender a las masas, <a href=\"https:\/\/as.com\/masdeporte\/ee-uu-ya-tiene-equipo-para-la-ryder-y-no-esta-keegan-bradley-n\/\" target=\"_self\" rel=\"nofollow noopener\" title=\"https:\/\/as.com\/masdeporte\/ee-uu-ya-tiene-equipo-para-la-ryder-y-no-esta-keegan-bradley-n\/\">los cimientos de un equipo<\/a> que ha perdido 8 de 11 ediciones en este siglo y no puede permitirse no ganar la que promete ser una de las Ryder m\u00e1s recordadas de siempre.<\/p>\n<p>Noticias relacionadas<a href=\"https:\/\/as.com\/masdeporte\/golf\/bethpage-un-campo-publico-no-apto-para-todos-los-publicos-n\/\" class=\"s_m_w\" title=\"El trazado de Nueva York, famoso por su dificultad, acoge a 150.000 ruidosos aficionados en la Ryder. \" data-tb-link=\"\" rel=\"nofollow noopener\" target=\"_blank\"><img decoding=\"async\" src=\"https:\/\/www.europesays.com\/es\/wp-content\/uploads\/2025\/09\/IBSII3E4WZOYLDZEY5KLQHX4SI.jpg\" alt=\"Bethpage: un campo p\u00fablico no apto para todos los p\u00fablicos\" class=\"\" height=\"1\" width=\"1\"   loading=\"lazy\" data-tb-thumbnail=\"\"\/><\/a><a href=\"https:\/\/as.com\/masdeporte\/golf\/todos-con-la-ryder-sentimiento-unanime-del-golf-espanol-en-1997-2025-y-2031-n\/\" class=\"s_m_w\" title=\"La Copa Comunicaci\u00f3n y Empresas impulsa un evento de reconocimiento de Espa\u00f1a como parte fundamental del desarrollo del golf mundial.\" data-tb-link=\"\" rel=\"nofollow noopener\" target=\"_blank\"><img decoding=\"async\" src=\"https:\/\/www.europesays.com\/es\/wp-content\/uploads\/2025\/09\/Q5PLIDQWVREVNJKXIMZYS3Z2XI.jpeg\" alt=\"\u00a1Todos con la Ryder!, sentimiento un\u00e1nime del golf espa\u00f1ol en 1997, 2025 y 2031\" class=\"\" height=\"1\" width=\"1\"   loading=\"lazy\" data-tb-thumbnail=\"\"\/><\/a><\/p>\n<p class=\"\"><b>\u00a1Tus opiniones importan!<\/b> Comenta en los art\u00edculos y suscr\u00edbete gratis a nuestra <a href=\"https:\/\/asfan.as.com\/newsletters\/\" target=\"_blank\" rel=\"nofollow noopener\" title=\"https:\/\/asfan.as.com\/newsletters\/\">newsletter<\/a> y a las alertas informativas en la <a href=\"https:\/\/as.com\/aplicacion-de-as-n\/\" target=\"_blank\" rel=\"nofollow noopener\" title=\"https:\/\/as.com\/aplicacion-de-as-n\/\">App<\/a> o el canal de <a href=\"https:\/\/www.whatsapp.com\/channel\/0029VaAasdA7j6g745nz9M10\" target=\"_blank\" rel=\"nofollow noopener\" title=\"https:\/\/www.whatsapp.com\/channel\/0029VaAasdA7j6g745nz9M10\">WhatsApp<\/a>.<\/p>\n<p class=\"\">\u00bfBuscas licenciar contenido? Haz clic <a href=\"https:\/\/profesional.elpais.com\/soluciones-sindicacion?utm_medium=interno&amp;utm_source=crosslinking&amp;utm_campaign=sindicacion_as_pie_articulos\" target=\"_blank\" rel=\"nofollow noopener\" title=\"https:\/\/profesional.elpais.com\/soluciones-sindicacion?utm_medium=interno&amp;utm_source=crosslinking&amp;utm_campaign=sindicacion_as_pie_articulos\">aqu\u00ed<\/a><\/p>\n","protected":false},"excerpt":{"rendered":"No son delincuentes convictos, pero son 12 y, como Charles Bronson, Lee Marvin, John Cassavetes y compa\u00f1\u00eda en&hellip;\n","protected":false},"author":2,"featured_media":139334,"comment_status":"","ping_status":"","sticky":false,"template":"","format":"standard","meta":{"footnotes":""},"categories":[275],"tags":[168,25,24,329,23,167],"class_list":{"0":"post-139333","1":"post","2":"type-post","3":"status-publish","4":"format-standard","5":"has-post-thumbnail","7":"category-golf","8":"tag-deportes","9":"tag-es","10":"tag-espana","11":"tag-golf","12":"tag-spain","13":"tag-sports"},"share_on_mastodon":{"url":"","error":""},"_links":{"self":[{"href":"https:\/\/www.europesays.com\/es\/wp-json\/wp\/v2\/posts\/139333","targetHints":{"allow":["GET"]}}],"collection":[{"href":"https:\/\/www.europesays.com\/es\/wp-json\/wp\/v2\/posts"}],"about":[{"href":"https:\/\/www.europesays.com\/es\/wp-json\/wp\/v2\/types\/post"}],"author":[{"embeddable":true,"href":"https:\/\/www.europesays.com\/es\/wp-json\/wp\/v2\/users\/2"}],"replies":[{"embeddable":true,"href":"https:\/\/www.europesays.com\/es\/wp-json\/wp\/v2\/comments?post=139333"}],"version-history":[{"count":0,"href":"https:\/\/www.europesays.com\/es\/wp-json\/wp\/v2\/posts\/139333\/revisions"}],"wp:featuredmedia":[{"embeddable":true,"href":"https:\/\/www.europesays.com\/es\/wp-json\/wp\/v2\/media\/139334"}],"wp:attachment":[{"href":"https:\/\/www.europesays.com\/es\/wp-json\/wp\/v2\/media?parent=139333"}],"wp:term":[{"taxonomy":"category","embeddable":true,"href":"https:\/\/www.europesays.com\/es\/wp-json\/wp\/v2\/categories?post=139333"},{"taxonomy":"post_tag","embeddable":true,"href":"https:\/\/www.europesays.com\/es\/wp-json\/wp\/v2\/tags?post=139333"}],"curies":[{"name":"wp","href":"https:\/\/api.w.org\/{rel}","templated":true}]}}