{"id":139337,"date":"2025-09-26T04:54:07","date_gmt":"2025-09-26T04:54:07","guid":{"rendered":"https:\/\/www.europesays.com\/es\/139337\/"},"modified":"2025-09-26T04:54:07","modified_gmt":"2025-09-26T04:54:07","slug":"el-supercanguelo-hace-mella-en-mclaren","status":"publish","type":"post","link":"https:\/\/www.europesays.com\/es\/139337\/","title":{"rendered":"El &#8216;supercanguelo&#8217; hace mella en McLaren"},"content":{"rendered":"<p data-mrf-recirculation=\"Links P\u00e1rrafos\" class=\"ue-c-article__paragraph paragraph ue-c-article--first-letter-highlighted\">Despu\u00e9s de que <strong>Andrea Stella,<\/strong> director de McLaren, haya metido a Max <strong>Verstappen <\/strong>en l<strong>a terna de favoritos para el Mundial 2025,<\/strong>\u00a0<strong>Lando Norris<\/strong>\u00a0tambi\u00e9n expresaba quien expresa sus temores. A<strong>lgo ha cambiado en el MCL39, que ya no se ve tan superior desde Monza,<\/strong> coincidiendo con dos trazados de baja carga que parece ahora el punto m\u00e1s flojo de los coches papaya.\u00a0<\/p>\n<p data-mrf-recirculation=\"Links P\u00e1rrafos\" class=\"ue-c-article__paragraph paragraph\">Pero en<strong> Zandvoort, en un circuito de alta carga,<\/strong> tampoco obtuvieron esas ventajas que se esperaban y<strong> Max Verstappen amenaz\u00f3 el segundo puesto en pista, <\/strong>hasta que lleg\u00f3 el abandono por rotura de motor del propio Norris para sellarlo.<\/p>\n<p data-mrf-recirculation=\"Links P\u00e1rrafos\" class=\"ue-c-article__paragraph paragraph\">La cuesti\u00f3n es que el <strong>pobre ritmo mostrado por Lando en Bak\u00fa, donde se qued\u00f3 atrapado muchas vueltas tras el segundo RB21, el de Yuki Tsunoda <\/strong>y el <strong>s\u00e9ptimo <\/strong>puesto final, han provocado que se quiebre en parte la confianza en que el campe\u00f3n salgo obligatoriamente de uno de los dos pilotos de la escuadra de Woking.<\/p>\n<p data-mrf-recirculation=\"Links P\u00e1rrafos\" class=\"ue-c-article__paragraph paragraph\">\u00abNo es frecuente que sean lentos, as\u00ed que creo que<strong> la gente deber\u00eda dejar de sorprenderse tanto de que sean r\u00e1pidos. Max ya ganaba carreras a principios de a\u00f1o; <\/strong>podr\u00eda haber ganado la primera en Australia, pero creo que estuvo muy cerca de ganar la segunda\u00a0Sprint\u00bb, recuerda Norris sobre el inicio de Red Bull.<\/p>\n<p data-mrf-recirculation=\"Links P\u00e1rrafos\" class=\"ue-c-article__paragraph paragraph\">\u00abHan sido r\u00e1pidos toda la temporada, el Red Bull ha estado bien y <strong>trajeron algunas mejoras a Monza que parecen haberles ayudado<\/strong> a mejorar a\u00fan m\u00e1s. As\u00ed que no es una sorpresa, creo que sabemos que son un equipo incre\u00edblemente fuerte y <strong>uno de los mejores pilotos de la historia de la F\u00f3rmula 1, as\u00ed que no esperamos menos\u00bb<\/strong>, reitera Max y sobre su candidatura al campeonato.<\/p>\n<p>Tsunoda, un muro inesperado<\/p>\n<p data-mrf-recirculation=\"Links P\u00e1rrafos\" class=\"ue-c-article__paragraph paragraph\">Norris avanza que ser\u00e1 parecido en las siete citas que restan, aunque la teor\u00eda dice que Singapur, un lugar donde Verstappen nunca ha ganado, deber\u00eda ser terreno favorable a McLaren y por mucho: \u00abCreo que <strong>nos van a complicar la vida durante el resto de la temporada<\/strong>, pero tambi\u00e9n sabemos por nuestra parte que tuvimos algunas dificultades en Bak\u00fa; Monza claramente no fuimos lo suficientemente r\u00e1pidos\u00bb, sostiene.<\/p>\n<p data-mrf-recirculation=\"Links P\u00e1rrafos\" class=\"ue-c-article__paragraph paragraph\">\u00abHemos mejorado, pero en aspectos donde Red Bull ha sido tan bueno y dominante en el pasado, ellos siguen haci\u00e9ndolo y nosotros no.<strong> Cuando segu\u00eda al Red Bull [de Yuki Tsunoda], claramente hab\u00eda \u00e1reas en las que estaban a un nivel superior al nuestro <\/strong>y necesitamos entender por qu\u00e9\u00bb, a\u00f1ade en una reflaxi\u00f3n preocupante.<\/p>\n<p data-mrf-recirculation=\"Links P\u00e1rrafos\" class=\"ue-c-article__paragraph paragraph\">\u00abCreo que en cuanto al ritmo m\u00e1ximo, no estuvimos mal este fin de semana [en Bak\u00fa]\u00bb, dijo Norris. \u00abSegu\u00ed siendo r\u00e1pido en los FP1, FP2, FP3, etc.\u00a0\u00abSi hubiera sido una clasificaci\u00f3n normal&#8230; <strong>Creo que las condiciones complicadas, la poca lluvia, salir primero en pista, todo contribuy\u00f3 a convertirlo en el peor fin de semana\u00bb,<\/strong> valora.<\/p>\n<p data-mrf-recirculation=\"Links P\u00e1rrafos\" class=\"ue-c-article__paragraph paragraph\">Pero reconoce que en carrera nunca habr\u00eda estado en la lucha con un Verstappen que volaba. \u00abNuestra posici\u00f3n en la carrera&#8230; <strong>creo que si hubiera salido segundo, habr\u00eda terminado segundo.<\/strong> Sinceramente, no creo que tuvi\u00e9ramos el ritmo de Red Bull, eso estaba muy, muy claro. Creo que, <strong>en las pistas con menor carga aerodin\u00e1mica, seguimos teniendo dificultades\u00bb, <\/strong>asegura en segundo clasificado en el Mundial, a 25 puntos de Oscar Piastri.<\/p>\n<p data-mrf-recirculation=\"Links P\u00e1rrafos\" class=\"ue-c-article__paragraph paragraph\">\u00abA\u00fan no tenemos la confianza que necesitamos.<strong> Podemos ser r\u00e1pidos, pero no podemos repetirlo con la frecuencia necesaria ni con la de Red Bull, por ejemplo\u00bb, <\/strong>dice sobre un coche que ha conseguido <strong>nueve poles y 12 victorias <\/strong>en los 17 GPs disputados este a\u00f1o.<\/p>\n<p data-mrf-recirculation=\"Links P\u00e1rrafos\" class=\"ue-c-article__paragraph paragraph\">\u00abHemos tenido <strong>una temporada incre\u00edble, no me malinterpreten\u00bb<\/strong>, se arrepiente luego, \u00abpero claramente <strong>tenemos cosas que no son lo suficientemente buenas <\/strong>y tenemos que seguir trabajando en ellas\u00bb, reitera el ingl\u00e9s. Parece que la piernas tiemblan en McLaren tras las \u00faltimas exhibiciones de Verstappen y que Lando ha mostrado este tipo de excusas muchas m\u00e1s veces de lo necesario.<\/p>\n","protected":false},"excerpt":{"rendered":"Despu\u00e9s de que Andrea Stella, director de McLaren, haya metido a Max Verstappen en la terna de favoritos&hellip;\n","protected":false},"author":2,"featured_media":139338,"comment_status":"","ping_status":"","sticky":false,"template":"","format":"standard","meta":{"footnotes":""},"categories":[270],"tags":[168,25,24,306,271,272,23,167],"class_list":{"0":"post-139337","1":"post","2":"type-post","3":"status-publish","4":"format-standard","5":"has-post-thumbnail","7":"category-formula-1","8":"tag-deportes","9":"tag-es","10":"tag-espana","11":"tag-f1","12":"tag-formula-1","13":"tag-formula1","14":"tag-spain","15":"tag-sports"},"share_on_mastodon":{"url":"","error":""},"_links":{"self":[{"href":"https:\/\/www.europesays.com\/es\/wp-json\/wp\/v2\/posts\/139337","targetHints":{"allow":["GET"]}}],"collection":[{"href":"https:\/\/www.europesays.com\/es\/wp-json\/wp\/v2\/posts"}],"about":[{"href":"https:\/\/www.europesays.com\/es\/wp-json\/wp\/v2\/types\/post"}],"author":[{"embeddable":true,"href":"https:\/\/www.europesays.com\/es\/wp-json\/wp\/v2\/users\/2"}],"replies":[{"embeddable":true,"href":"https:\/\/www.europesays.com\/es\/wp-json\/wp\/v2\/comments?post=139337"}],"version-history":[{"count":0,"href":"https:\/\/www.europesays.com\/es\/wp-json\/wp\/v2\/posts\/139337\/revisions"}],"wp:featuredmedia":[{"embeddable":true,"href":"https:\/\/www.europesays.com\/es\/wp-json\/wp\/v2\/media\/139338"}],"wp:attachment":[{"href":"https:\/\/www.europesays.com\/es\/wp-json\/wp\/v2\/media?parent=139337"}],"wp:term":[{"taxonomy":"category","embeddable":true,"href":"https:\/\/www.europesays.com\/es\/wp-json\/wp\/v2\/categories?post=139337"},{"taxonomy":"post_tag","embeddable":true,"href":"https:\/\/www.europesays.com\/es\/wp-json\/wp\/v2\/tags?post=139337"}],"curies":[{"name":"wp","href":"https:\/\/api.w.org\/{rel}","templated":true}]}}