{"id":139351,"date":"2025-09-26T05:02:08","date_gmt":"2025-09-26T05:02:08","guid":{"rendered":"https:\/\/www.europesays.com\/es\/139351\/"},"modified":"2025-09-26T05:02:08","modified_gmt":"2025-09-26T05:02:08","slug":"maspalomas-explicitud-y-delicadeza-en-el-armario-homosexual-de-la-tercera-edad-cine-estrenos-y-criticas","status":"publish","type":"post","link":"https:\/\/www.europesays.com\/es\/139351\/","title":{"rendered":"\u2018Maspalomas\u2019: explicitud y delicadeza en el armario homosexual de la tercera edad | Cine: estrenos y cr\u00edticas"},"content":{"rendered":"<p class=\"\"><a href=\"https:\/\/elpais.com\/cultura\/2019\/09\/28\/actualidad\/1569693070_570804.html\" target=\"_blank\" rel=\"noreferrer nofollow noopener\" title=\"https:\/\/elpais.com\/cultura\/2019\/09\/28\/actualidad\/1569693070_570804.html\">Los llamados Moriarti<\/a> \u2014colectivo de cineastas formado principalmente por Jose Mari Gonenaga, Jon Gara\u00f1o y Aitor Arregi, adem\u00e1s de Xavier Berzosa y Asier Acha\u2014 se fueron haciendo un nombre entre el gran p\u00fablico fuera del Pa\u00eds Vasco a partir del \u00e9xito de la preciosa <a href=\"https:\/\/elpais.com\/cultura\/2014\/09\/23\/actualidad\/1411490524_020015.html\" target=\"_self\" rel=\"nofollow noopener\" title=\"https:\/\/elpais.com\/cultura\/2014\/09\/23\/actualidad\/1411490524_020015.html\">Loreak (2014)<\/a>. Desde entonces, distribuy\u00e9ndose la labor de direcci\u00f3n y de guion seg\u00fan cada proyecto, cada una de sus pel\u00edculas ha estado presente entre lo mejor del cine espa\u00f1ol del a\u00f1o en que se fueron estrenando, <a href=\"https:\/\/elpais.com\/noticias\/festival-san-sebastian\/\" target=\"_self\" rel=\"nofollow noopener\" title=\"https:\/\/elpais.com\/noticias\/festival-san-sebastian\/\">en el festival de San Sebasti\u00e1n<\/a> y en los Goya, con decenas de nominaciones y premios. Sin embargo, antes de Loreak, de las estupendas Handia (2017), La trinchera infinita (2019) y Marco (2024), y de la serie de televisi\u00f3n Crist\u00f3bal Balenciaga (2024), los Moriarti ya hab\u00edan dirigido un largometraje bastante m\u00e1s desconocido, de un formidable atrevimiento aunque expuesto con la mayor de las naturalidades, titulado 80 egunean: una historia rodada en euskera, ambientada en San Sebasti\u00e1n, en clave realista y tono de melodrama rom\u00e1ntico, sobre el (re)descubrimiento homosexual de una mujer de 65 a\u00f1os al lado de una antigua amiga a la que no ve\u00eda desde 50 a\u00f1os atr\u00e1s. Y esto, en 2010.<\/p>\n<p>M\u00e1s informaci\u00f3n<\/p>\n<p class=\"\">Esa fusi\u00f3n entre llaneza y arrojo reluce de nuevo en su \u00faltima obra: Maspalomas, reci\u00e9n estrenada en el festival de Donosti y desde hoy en cines,<a href=\"https:\/\/elpais.com\/noticias\/homosexualidad\/\" target=\"_self\" rel=\"nofollow noopener\" title=\"https:\/\/elpais.com\/noticias\/homosexualidad\/\"> tratando de nuevo el tema de la homosexualidad<\/a> a una edad avanzada, aunque de un modo distinto; igual de categ\u00f3rico, pero m\u00e1s art\u00edstico. En todos estos a\u00f1os de triunfos, los Moriarti han ido convirtiendo su cine en experiencias mucho m\u00e1s formales, en obras de un exquisito cuidado en la puesta en escena y los aditamentos art\u00edsticos adyacentes (fotograf\u00eda, m\u00fasica, direcci\u00f3n art\u00edstica\u2026), pero sin olvidar el fondo. En Maspalomas, para el que esto escribe, la mejor pel\u00edcula del grupo, se llega a la plenitud en ambos sentidos, en torno a un hombre de 75 a\u00f1os que vive en la poblaci\u00f3n canaria del t\u00edtulo dando rienda suelta a su libertad (la sexual, pero no solo), y que tras un varapalo de salud debe ingresar en una <a href=\"https:\/\/elpais.com\/noticias\/residencias-ancianos\/\" target=\"_self\" rel=\"nofollow noopener\" title=\"https:\/\/elpais.com\/noticias\/residencias-ancianos\/\">residencia de mayores<\/a> del Pa\u00eds Vasco. Un regreso al armario tras haber estado en \u00e9l hasta los 50 a\u00f1os, casado y con una hija, y 25 m\u00e1s en pareja homosexual y viviendo con la sinceridad que antes no pudo desarrollar.<\/p>\n<p><img decoding=\"auto\" class=\"_re lazyload a_m-h\" height=\"224\"  width=\"414\"  src=\"https:\/\/www.europesays.com\/es\/wp-content\/uploads\/2025\/09\/NP22XCOQBRA47D4O4JGUMYPWV4.webp\" loading=\"lazy\"\/>Nagore Aramburu y Jos\u00e9 Ram\u00f3n Soroiz, en &#8216;Maspalomas&#8217;.<\/p>\n<p class=\"\">Hay dos ejes creativos sensacionales en Maspalomas. En primer lugar, el guion de Jose Mari Goenaga, firmado esta vez en solitario, que aborda tal cantidad de temas acerca del ser humano y de nuestra coexistencia en sociedad, que la suma de capas resulta fascinante. La residencia <a href=\"https:\/\/elpais.com\/elpais\/2012\/07\/21\/opinion\/1342893263_393520.html\" target=\"_self\" rel=\"nofollow noopener\" title=\"https:\/\/elpais.com\/elpais\/2012\/07\/21\/opinion\/1342893263_393520.html\">como microcosmos de nuestras distintas sensibilidades<\/a>, libertades, encierros, ideales sociales y hasta pol\u00edticos, pulsiones f\u00edsicas y sentimentales, y modos de acometer el \u00faltimo trecho de unas vidas en proceso de derribo. Personajes reconocibles y cre\u00edbles, que despliegan sus existencias no solo hacia el presente sino tambi\u00e9n hacia su pasado y su futuro, hacia lo que se ha forjado y se ha destruido en sus vidas, con una admirable delicadeza no exenta de esquinazos, y una base may\u00fascula: las personas nunca somos una sola cosa, as\u00ed que no las pintemos con un solo trazo. <\/p>\n<p class=\"\">En segundo lugar, la direcci\u00f3n conjunta de Goenaga y Arregi, elegante y creativa sin resultar invasiva, pues nunca corre el peligro de comerse el poderoso fondo. No pocas veces sus planos, la disposici\u00f3n de los elementos f\u00edsicos y humanos en el encuadre, y la mirada hacia sus criaturas, est\u00e1 diciendo varias cosas al mismo tiempo. Y no como f\u00e1ciles simbolismos, sino como elocuentes formas de conformar una psicolog\u00eda individual y colectiva de enorme expresividad. Un tercer v\u00e9rtice art\u00edstico es sin duda la actuaci\u00f3n de Jos\u00e9 Ram\u00f3n Soroiz (y del resto de int\u00e9rpretes), sobria, cambiante en lo f\u00edsico y de una humanidad desbordante.<\/p>\n<p>M\u00e1s informaci\u00f3n<\/p>\n<p class=\"\">La media hora inicial ambientada en Maspalomas, tan expl\u00edcita en sus im\u00e1genes sexuales, pero de nuevo tan franca, resulta imprescindible para entender, por contraste, lo que viene despu\u00e9s. Y la pandemia, con su concepto asociado de encierro, completa un c\u00edrculo de pasmosa fineza tem\u00e1tica acerca de la sexualidad, la vejez, las trincheras (in)finitas, el deseo y la libertad. <\/p>\n<p>Maspalomas<\/p>\n<p><strong>Direcci\u00f3n:<\/strong> Jos\u00e9 Mari Goenaga, Aitor Arregi.<\/p>\n<p><strong>Int\u00e9rpretes:<\/strong> Jos\u00e9 Ram\u00f3n Soroiz, Nagore Aranburu, Kandido Uranga, Kepa Errasti.<\/p>\n<p><strong>G\u00e9nero:<\/strong> drama. Espa\u00f1a, 2025.<\/p>\n<p><strong>Duraci\u00f3n:<\/strong> 110 minutos.<\/p>\n<p><strong>Estreno: 26 de septiembre.<\/strong><\/p>\n","protected":false},"excerpt":{"rendered":"Los llamados Moriarti \u2014colectivo de cineastas formado principalmente por Jose Mari Gonenaga, Jon Gara\u00f1o y Aitor Arregi, adem\u00e1s&hellip;\n","protected":false},"author":2,"featured_media":139352,"comment_status":"","ping_status":"","sticky":false,"template":"","format":"standard","meta":{"footnotes":""},"categories":[169],"tags":[1014,42048,177,12374,11344,209,9265,146,147,25,24,176,42047,175,753,23],"class_list":{"0":"post-139351","1":"post","2":"type-post","3":"status-publish","4":"format-standard","5":"has-post-thumbnail","7":"category-cine","8":"tag-actores","9":"tag-aitor-arregi","10":"tag-cine","11":"tag-cine-espanol","12":"tag-critica-cine","13":"tag-cultura","14":"tag-directores-cine","15":"tag-entertainment","16":"tag-entretenimiento","17":"tag-es","18":"tag-espana","19":"tag-film","20":"tag-jose-mari-goenaga","21":"tag-movies","22":"tag-peliculas","23":"tag-spain"},"share_on_mastodon":{"url":"","error":""},"_links":{"self":[{"href":"https:\/\/www.europesays.com\/es\/wp-json\/wp\/v2\/posts\/139351","targetHints":{"allow":["GET"]}}],"collection":[{"href":"https:\/\/www.europesays.com\/es\/wp-json\/wp\/v2\/posts"}],"about":[{"href":"https:\/\/www.europesays.com\/es\/wp-json\/wp\/v2\/types\/post"}],"author":[{"embeddable":true,"href":"https:\/\/www.europesays.com\/es\/wp-json\/wp\/v2\/users\/2"}],"replies":[{"embeddable":true,"href":"https:\/\/www.europesays.com\/es\/wp-json\/wp\/v2\/comments?post=139351"}],"version-history":[{"count":0,"href":"https:\/\/www.europesays.com\/es\/wp-json\/wp\/v2\/posts\/139351\/revisions"}],"wp:featuredmedia":[{"embeddable":true,"href":"https:\/\/www.europesays.com\/es\/wp-json\/wp\/v2\/media\/139352"}],"wp:attachment":[{"href":"https:\/\/www.europesays.com\/es\/wp-json\/wp\/v2\/media?parent=139351"}],"wp:term":[{"taxonomy":"category","embeddable":true,"href":"https:\/\/www.europesays.com\/es\/wp-json\/wp\/v2\/categories?post=139351"},{"taxonomy":"post_tag","embeddable":true,"href":"https:\/\/www.europesays.com\/es\/wp-json\/wp\/v2\/tags?post=139351"}],"curies":[{"name":"wp","href":"https:\/\/api.w.org\/{rel}","templated":true}]}}