{"id":139353,"date":"2025-09-26T05:03:10","date_gmt":"2025-09-26T05:03:10","guid":{"rendered":"https:\/\/www.europesays.com\/es\/139353\/"},"modified":"2025-09-26T05:03:10","modified_gmt":"2025-09-26T05:03:10","slug":"sevilla-afronta-un-superfinde-con-casi-70-actividades-que-ponen-a-prueba-los-servicios-publicos","status":"publish","type":"post","link":"https:\/\/www.europesays.com\/es\/139353\/","title":{"rendered":"Sevilla afronta un &#8216;superfinde&#8217; con casi 70 actividades que ponen a prueba los servicios p\u00fablicos"},"content":{"rendered":"<p style=\"\">Sevilla afronta desde este viernes todo un <strong>super fin de semana en materia de actividades p\u00fablicas<\/strong>, al acoger casi 70 eventos de todo tipo, muchos de ellos multitudinarios y en plena v\u00eda p\u00fablica, poniendo una vez m\u00e1s a prueba las capacidades de la ciudad  &#8230; en materia de organizaci\u00f3n y de despliegue de servicios p\u00fablicos, con el consiguiente coste en las arcas municipales. <\/p>\n<p class=\"voc-p\" style=\"\">Se trata de actividades deportivas, religiosas, ciudadanas, musicales y pol\u00edticas, que obviamente, en la mayor\u00eda de los casos necesitan su correspondiente <strong>cobertura en materia de servicios de seguridad, movilidad o limpieza<\/strong>, entre otros aspectos.<\/p>\n<p class=\"voc-p\" style=\"\">Y es que este mismo viernes, sin ir m\u00e1s lejos, arranca el grueso de las actividades de la <strong>vel\u00e1 del Cerro del \u00c1guila<\/strong>, que se prolongar\u00e1 hasta el domingo, al igual que las vel\u00e1s de San Jer\u00f3nimo y Pino Montano; contando esta jornada adem\u00e1s con actividades de esta misma \u00edndole en los barrios de Los Bermejales y del Arenal-Torre del Oro. <\/p>\n<p class=\"voc-p\" style=\"\">La programaci\u00f3n de eventos del viernes incluye adem\u00e1s la apertura de la Feria del Libro Antiguo y de Ocasi\u00f3n en la plaza de San Francisco y una corrida de toros en la plaza de la Real Maestranza con motivo de la F<strong>eria de San Miguel<\/strong>, que cuenta adem\u00e1s con dos tardes m\u00e1s de festejos taurinos el s\u00e1bado y el domingo.<\/p>\n<p class=\"voc-p\" style=\"\">Pero el plato fuerte en materia de eventos de la jornada de este viernes lo constituye la nueva edici\u00f3n de la emblem\u00e1tica <strong>Carrera Nocturna del Guadalquivir<\/strong>, de la que ABC de Sevilla es patrocinador oficial. Con 25.000 participantes, este evento que supone la fiesta del deporte en Sevilla implica una importante movilizaci\u00f3n de recursos municipales, por la necesidad de cerrar al tr\u00e1fico rodado el eje del Paseo de las Delicias y del Paseo Crist\u00f3bal Col\u00f3n, junto con Arjona, la calle Torneo, la Resolana y la Ronda Hist\u00f3rica.<\/p>\n<p class=\"voc-p\" style=\"\">Adem\u00e1s de los efectivos policiales necesarios para estas medidas, la empresa municipal de limpieza, <strong>Lipasam<\/strong>, ha organizado un equipo especial formado por 25 operarios y 12 veh\u00edculos.<\/p>\n<p class=\"voc-p\" style=\"\">El s\u00e1bado cuenta de su lado con<strong> la Coronaci\u00f3n Can\u00f3nica de la Divina Pastora de Santa Marina en la Plaza del Triunfo<\/strong>, con una procesi\u00f3n que se prolongar\u00e1 hasta la madrugada del domingo; la salida procesional de Nuestra Se\u00f1ora de Valvanera por San Benito, la procesi\u00f3n de Nuestro Padre Jes\u00fas de la Salud desde la calle Vel\u00e1zquez, la de la Virgen de la asociaci\u00f3n Fieles Paz y Esperanza, la salida de la Hermandad Mercedes de la Puerta Real, la procesi\u00f3n de la Virgen de los Reyes, patrona de los sastres; la del grupo de fieles de la parroquia de San Jer\u00f3nimo, la procesi\u00f3n de Nuestra Se\u00f1ora de Consolaci\u00f3n, la de Madre de Dios del Dulce Nombre-Colegio La Salle Felipe Benito, la de Santa Mar\u00eda del Buen Aire de la hermandad de Pasi\u00f3n y Muerte y el rosario vespertino del Inmaculado Coraz\u00f3n de la hermandad de Mar\u00eda en Torreblanca. <\/p>\n<p class=\"voc-p\" style=\"\">Esta jornada tambi\u00e9n hay prevista una concentraci\u00f3n de la plataforma por el derecho a la vivienda en la calle San Juan de Ribera y otra en la plaza de la Gavidia en pro de las exhumaciones de v\u00edctimas de la represi\u00f3n dictatorial, as\u00ed como la fiesta de las familias en <strong>Los Remedios<\/strong>. <\/p>\n<p class=\"voc-p\" style=\"\">Y por si fuese poco, esa misma noche el auditorio del palacio de exposiciones y congresos, <strong>Fibes<\/strong>, acoge un concierto de la conocida artista India Mart\u00ednez. <\/p>\n<p>\nDesde la madrugada del domingo\n<\/p>\n<p class=\"voc-p\" style=\"\">Las actividades contin\u00faan la propia madrugada del domingo con un ensayo de costaleros de la hermandad de Pasi\u00f3n y Muerte y, especialmente, la <strong>romer\u00eda de Torreblanca<\/strong>, que se prolonga hasta la noche, contando adem\u00e1s con el rosario de la Aurora de Nuestra Se\u00f1ora de las Mercedes de la Hermandad de Santa Genoveva, un ensayo de costaleros de la hermandad de la Esperanza de Triana, dos actos de Vox, el Rosario de la asociaci\u00f3n de Nuestro Padre Jes\u00fas del Amor en el Misterio del Lavatorio de los Ap\u00f3stoles, el rosario de la Virgen del Dulce Nombre, la procesi\u00f3n anual de la Hermandad de Santa Luc\u00eda, un partido de f\u00fatbol en la Ciudad Deportiva del Sevilla, baloncesto con el Caja 87 en el pabell\u00f3n de San Pablo, traslado triduo de la hermandad de Los Panaderos y actividades de circo joven en el parque de Despe\u00f1aperros.<\/p>\n<p class=\"voc-p\" style=\"\">Como colof\u00f3n a esta apretada agenda de actos, la tarde del domingo el estadio de la Cartuja acoger\u00e1 un nuevo <strong>partido del Real Betis Balompi\u00e9<\/strong>, con decenas de miles de aficionados de nuevo acudiendo al citado coliseo, con su consiguiente gran despliegue municipal en materia de agentes de Polic\u00eda Local, autobuses de Tussam y servicios de Lipasam.<\/p>\n<p class=\"voc-p\" style=\"\">Una muy nutrida agenda de <strong>m\u00e1s de 60 actividades, <\/strong>una veintena de ellas relacionadas con las expresiones religiosas; que supera as\u00ed al aproximadamente medio centenar de eventos programados el mismo fin de semana en Sevilla pero en 2024, cuando en estas fechas se celebraban adem\u00e1s espect\u00e1culos por la Bienal de Arte Flamenco; lo que da una idea de la creciente agenda de actos p\u00fablicos que viene acogiendo la capital andaluza. <\/p>\n<p class=\"voc-p\" style=\"\">Al hilo, el Ayuntamiento hispalense, gobernado por Jos\u00e9 Luis Sanz, promueve actualmente la creaci\u00f3n de una <strong>tasa<\/strong> destinada a compensar al Consistorio los costes que generan los servicios p\u00fablicos que deben movilizarse para dar cobertura a estos actos: Polic\u00eda Local, Lipasam, Movilidad, entre otros.<\/p>\n<p class=\"voc-p\" style=\"\">La citada tasa, seg\u00fan el Ayuntamiento, no ser\u00e1 de aplicaci\u00f3n en el caso de los <strong>cultos y salidas procesionales de las hermandades y cofrad\u00edas<\/strong> ni tampoco en el caso de eventos ben\u00e9ficos o sin \u00e1nimo de lucro.<\/p>\n<p><img decoding=\"async\" id=\"g-2025-carrera-nocturna-desktop-img\" class=\"g-aiImg g-aiAbs\" alt=\"\" src=\"https:\/\/www.europesays.com\/es\/wp-content\/uploads\/2025\/09\/2025-carrera-nocturna-desktop.png\"\/><\/p>\n<p class=\"g-pstyle7\">D\u00eda<\/p>\n<p class=\"g-pstyle8\">Viernes, 26 de septiembre<\/p>\n<p class=\"g-pstyle7\">Distancia del recorrido<\/p>\n<p class=\"g-pstyle10\">8.500 metros<\/p>\n<p class=\"g-pstyle7\">N\u00famero de corredores<\/p>\n<p class=\"g-pstyle11\">25.000<\/p>\n<p class=\"g-pstyle15\">Desde las 21.00 horas se iniciar\u00e1 el corte total en las calles por las que discurre la prueba. El tr\u00e1fico ir\u00e1<\/p>\n<p class=\"g-pstyle15\">recuper\u00e1ndose<\/p>\n<p class=\"g-pstyle15\">paulatinamente<\/p>\n<p class=\"g-pstyle15\">a partir de las<\/p>\n<p class=\"g-pstyle15\">23.00 horas<\/p>\n<p class=\"g-pstyle2\">Paseo de<\/p>\n<p class=\"g-pstyle2\">Crist\u00f3bal<\/p>\n<p class=\"g-pstyle2\">Col\u00f3n<\/p>\n<p class=\"g-pstyle4\">Plaza Don<\/p>\n<p class=\"g-pstyle4\">Juan de<\/p>\n<p class=\"g-pstyle4\">Austria<\/p>\n<p>Desde las 15:30 horas se cortar\u00e1 al tr\u00e1fico el Paseo de las Delicias desde la Glorieta de los Marineros hasta la Glorieta de M\u00e9xico, as\u00ed como la Avenida de la Palmera desde su intersecci\u00f3n con P\u00e1ez de Rivera hasta la Glorieta de M\u00e9xico, manteni\u00e9ndose dicho corte hasta las 05:00 horas del s\u00e1bado, que se tiene previsto el desmontaje<\/p>\n<p class=\"g-pstyle4\">Glorieta de<\/p>\n<p class=\"g-pstyle4\">Marineros<\/p>\n<p class=\"g-pstyle4\">Voluntarios<\/p>\n<p class=\"g-pstyle17\">Paseo de las Delicias<\/p>\n<p class=\"g-pstyle18\">(frente a la Glorieta de Buenos Aires)<\/p>\n<p class=\"g-pstyle19\">Fuente: IMD Sevilla | Gr\u00e1fico: ABC SEVILLA<\/p>\n<p><img decoding=\"async\" id=\"g-2025-carrera-nocturna-movil-img\" class=\"g-aiImg g-aiAbs\" alt=\"\" src=\"https:\/\/www.europesays.com\/es\/wp-content\/uploads\/2025\/09\/2025-carrera-nocturna-movil.png\"\/><\/p>\n<p class=\"g-pstyle4\">Viernes, 26   de septiembre<\/p>\n<p class=\"g-pstyle3\">Paseo de<\/p>\n<p class=\"g-pstyle3\">Crist\u00f3bal<\/p>\n<p class=\"g-pstyle3\">Col\u00f3n<\/p>\n<p class=\"g-pstyle4\">Plaza Don<\/p>\n<p class=\"g-pstyle4\">Juan de<\/p>\n<p class=\"g-pstyle4\">Austria<\/p>\n<p class=\"g-pstyle4\">Glorieta de<\/p>\n<p class=\"g-pstyle4\">Marineros<\/p>\n<p class=\"g-pstyle4\">Voluntarios<\/p>\n<p class=\"g-pstyle12\">Paseo de las Delicias<\/p>\n<p class=\"g-pstyle13\">(frente a la Glorieta de Buenos Aires)<\/p>\n<p>Desde las 21.00 horas se iniciar\u00e1 el corte total en las calles por las que discurre la prueba. El tr\u00e1fico ir\u00e1<\/p>\n<p>recuper\u00e1ndose paulatinamente a partir de las 23.00<\/p>\n<p>Desde las 15:30 horas se cortar\u00e1 al tr\u00e1fico el Paseo de las Delicias desde la Glorieta de los Marineros hasta la Glorieta de M\u00e9xico, as\u00ed como la Avenida de la Palmera desde su intersecci\u00f3n con P\u00e1ez de Rivera hasta la Glorieta de M\u00e9xico, manteni\u00e9ndose dicho corte hasta las 05:00 horas del s\u00e1bado, que se tiene previsto el desmontaje<\/p>\n<p class=\"g-pstyle15\">Fuente: IMD Sevilla | Gr\u00e1fico: ABC SEVILLA<\/p>\n<p>\u00a0<\/p>\n","protected":false},"excerpt":{"rendered":"Sevilla afronta desde este viernes todo un super fin de semana en materia de actividades p\u00fablicas, al acoger&hellip;\n","protected":false},"author":2,"featured_media":139354,"comment_status":"","ping_status":"","sticky":false,"template":"","format":"standard","meta":{"footnotes":""},"categories":[93],"tags":[7825,1399,168,25,24,772,15611,2761,5539,773,4113,1171,23,167,3400],"class_list":{"0":"post-139353","1":"post","2":"type-post","3":"status-publish","4":"format-standard","5":"has-post-thumbnail","7":"category-deportes","8":"tag-actividades","9":"tag-afronta","10":"tag-deportes","11":"tag-es","12":"tag-espana","13":"tag-fin","14":"tag-ponen","15":"tag-prueba","16":"tag-publicos","17":"tag-semana","18":"tag-servicios","19":"tag-sevilla","20":"tag-spain","21":"tag-sports","22":"tag-super"},"share_on_mastodon":{"url":"","error":""},"_links":{"self":[{"href":"https:\/\/www.europesays.com\/es\/wp-json\/wp\/v2\/posts\/139353","targetHints":{"allow":["GET"]}}],"collection":[{"href":"https:\/\/www.europesays.com\/es\/wp-json\/wp\/v2\/posts"}],"about":[{"href":"https:\/\/www.europesays.com\/es\/wp-json\/wp\/v2\/types\/post"}],"author":[{"embeddable":true,"href":"https:\/\/www.europesays.com\/es\/wp-json\/wp\/v2\/users\/2"}],"replies":[{"embeddable":true,"href":"https:\/\/www.europesays.com\/es\/wp-json\/wp\/v2\/comments?post=139353"}],"version-history":[{"count":0,"href":"https:\/\/www.europesays.com\/es\/wp-json\/wp\/v2\/posts\/139353\/revisions"}],"wp:featuredmedia":[{"embeddable":true,"href":"https:\/\/www.europesays.com\/es\/wp-json\/wp\/v2\/media\/139354"}],"wp:attachment":[{"href":"https:\/\/www.europesays.com\/es\/wp-json\/wp\/v2\/media?parent=139353"}],"wp:term":[{"taxonomy":"category","embeddable":true,"href":"https:\/\/www.europesays.com\/es\/wp-json\/wp\/v2\/categories?post=139353"},{"taxonomy":"post_tag","embeddable":true,"href":"https:\/\/www.europesays.com\/es\/wp-json\/wp\/v2\/tags?post=139353"}],"curies":[{"name":"wp","href":"https:\/\/api.w.org\/{rel}","templated":true}]}}