{"id":139361,"date":"2025-09-26T05:08:08","date_gmt":"2025-09-26T05:08:08","guid":{"rendered":"https:\/\/www.europesays.com\/es\/139361\/"},"modified":"2025-09-26T05:08:08","modified_gmt":"2025-09-26T05:08:08","slug":"prision-para-el-expresidente-frances-nicolas-sarkozy-por-financiar-una-campana-electoral-con-dinero-libio-el-pais-expres","status":"publish","type":"post","link":"https:\/\/www.europesays.com\/es\/139361\/","title":{"rendered":"Prisi\u00f3n para el expresidente franc\u00e9s Nicolas Sarkozy por financiar una campa\u00f1a electoral con dinero libio | El PA\u00cdS Expr\u00e9s"},"content":{"rendered":"<p><img fetchpriority=\"high\" decoding=\"auto\" class=\"_re  a_m-h\" height=\"414\"  width=\"414\"  src=\"https:\/\/www.europesays.com\/es\/wp-content\/uploads\/2025\/09\/GUZMWQJUEFFMXEVYDVF7GJTRWI.jpg\" loading=\"eager\"\/>Former French President Nicolas Sarkozy and his wife Carla leave after a Paris court sentenced him to 5 years after finding him guilty of criminal conspiracy in an alleged scheme to finance his 2007 campaign with funds from Libya, Thursday, Sept. 25, 2025 in Paris. (AP Photo\/Christophe Ena)Christophe Ena (AP)<\/p>\n<p class=\"\">El expresidente franc\u00e9s Nicolas Sarkozy ha sido condenado a cinco a\u00f1os de prisi\u00f3n por asociaci\u00f3n il\u00edcita tras haber financiado su campa\u00f1a presidencial de 2007 con dinero del r\u00e9gimen libio de Muamar el Gadafi. <\/p>\n<ul>\n<li>Sarkozy ir\u00e1 a la c\u00e1rcel, por lo que se convertir\u00e1 en el primer presidente franc\u00e9s en hacerlo.<\/li>\n<\/ul>\n<p class=\"\"><b>La sentencia. <\/b>El tribunal ha considerado probado que, entre 2005 y 2007, Sarkozy, en aquella \u00e9poca ministro del Interior, \u201cdej\u00f3 a sus colaboradores m\u00e1s cercanos maniobrar para obtener apoyo financiero por parte del r\u00e9gimen [libio]\u201d. <\/p>\n<ul>\n<li>A cambio, y una vez ya en el poder, Sarkozy aprovech\u00f3 su funci\u00f3n para promover los intereses del Gobierno de Gadafi, seg\u00fan la sentencia.<\/li>\n<li>Tambi\u00e9n han sido condenados sus exministros Brice Hortefeux y Claude Gu\u00e9ant.<\/li>\n<\/ul>\n<p class=\"\"><b>\u00bfPor qu\u00e9 no podr\u00e1 eludir la prisi\u00f3n?<\/b> Porque en diciembre ya fue sentenciado a tres a\u00f1os por corrupci\u00f3n y tr\u00e1fico de influencias en el llamado caso de las escuchas. <\/p>\n<ul>\n<li>Al tener 70 a\u00f1os, Sarkozy podr\u00e1 pedir la libertad provisional, pero cuando ya est\u00e9 encarcelado.<\/li>\n<li>En total, el expresidente ha afrontado cinco procesos en los \u00faltimos cinco a\u00f1os.<\/li>\n<\/ul>\n<p class=\"\">\u00a9Foto: Christophe Ena (AP Photo)<\/p>\n<p class=\"\"><a href=\"https:\/\/elpais.com\/internacional\/2025-09-26\/sarkozy-la-caida-del-presidente-que-amaba-el-lujo.html\" target=\"_self\" rel=\"nofollow noopener\" title=\"https:\/\/elpais.com\/internacional\/2025-09-26\/sarkozy-la-caida-del-presidente-que-amaba-el-lujo.html\">Si quieres saber m\u00e1s, puedes leer aqu\u00ed.<\/a><\/p>\n","protected":false},"excerpt":{"rendered":"Former French President Nicolas Sarkozy and his wife Carla leave after a Paris court sentenced him to 5&hellip;\n","protected":false},"author":2,"featured_media":139362,"comment_status":"","ping_status":"","sticky":false,"template":"","format":"standard","meta":{"footnotes":""},"categories":[42],"tags":[17,18,13,14,317,11,61,62,63,64,19,20,27719,43638,9,19569,10,15,16,593,12,21,22,65,66,67],"class_list":{"0":"post-139361","1":"post","2":"type-post","3":"status-publish","4":"format-standard","5":"has-post-thumbnail","7":"category-internacional","8":"tag-breaking-news","9":"tag-breakingnews","10":"tag-featured-news","11":"tag-featurednews","12":"tag-francia","13":"tag-headlines","14":"tag-internacional","15":"tag-international","16":"tag-international-news","17":"tag-internationalnews","18":"tag-latest-news","19":"tag-latestnews","20":"tag-libia","21":"tag-muamar-el-gadafi","22":"tag-news","23":"tag-nicolas-sarkozy","24":"tag-noticias","25":"tag-noticias-destacadas","26":"tag-noticiasdestacadas","27":"tag-prisiones","28":"tag-titulares","29":"tag-ultimas-noticias","30":"tag-ultimasnoticias","31":"tag-world","32":"tag-world-news","33":"tag-worldnews"},"share_on_mastodon":{"url":"","error":""},"_links":{"self":[{"href":"https:\/\/www.europesays.com\/es\/wp-json\/wp\/v2\/posts\/139361","targetHints":{"allow":["GET"]}}],"collection":[{"href":"https:\/\/www.europesays.com\/es\/wp-json\/wp\/v2\/posts"}],"about":[{"href":"https:\/\/www.europesays.com\/es\/wp-json\/wp\/v2\/types\/post"}],"author":[{"embeddable":true,"href":"https:\/\/www.europesays.com\/es\/wp-json\/wp\/v2\/users\/2"}],"replies":[{"embeddable":true,"href":"https:\/\/www.europesays.com\/es\/wp-json\/wp\/v2\/comments?post=139361"}],"version-history":[{"count":0,"href":"https:\/\/www.europesays.com\/es\/wp-json\/wp\/v2\/posts\/139361\/revisions"}],"wp:featuredmedia":[{"embeddable":true,"href":"https:\/\/www.europesays.com\/es\/wp-json\/wp\/v2\/media\/139362"}],"wp:attachment":[{"href":"https:\/\/www.europesays.com\/es\/wp-json\/wp\/v2\/media?parent=139361"}],"wp:term":[{"taxonomy":"category","embeddable":true,"href":"https:\/\/www.europesays.com\/es\/wp-json\/wp\/v2\/categories?post=139361"},{"taxonomy":"post_tag","embeddable":true,"href":"https:\/\/www.europesays.com\/es\/wp-json\/wp\/v2\/tags?post=139361"}],"curies":[{"name":"wp","href":"https:\/\/api.w.org\/{rel}","templated":true}]}}