{"id":139371,"date":"2025-09-26T05:23:07","date_gmt":"2025-09-26T05:23:07","guid":{"rendered":"https:\/\/www.europesays.com\/es\/139371\/"},"modified":"2025-09-26T05:23:07","modified_gmt":"2025-09-26T05:23:07","slug":"anna-montanana-y-chus-mateo-elegidos-como-mejores-entrenadores-del-ano","status":"publish","type":"post","link":"https:\/\/www.europesays.com\/es\/139371\/","title":{"rendered":"Anna Monta\u00f1ana y Chus Mateo, elegidos como mejores entrenadores del a\u00f1o"},"content":{"rendered":"<p class=\"paragraph-atom &#10;        A-500-300-700-N A-550-300-700-N--md  \">La Asociaci\u00f3n Espa\u00f1ola de Entrenadores de Baloncesto ha elegido a Anna Monta\u00f1ana y a Chus Mateos como mejores entrenadores de la pasada temporada. Ambos recibir\u00e1n el premio \u201cMemorial Antonio D\u00edaz Miguel\u201d.<\/p>\n<p class=\"paragraph-atom &#10;        A-500-300-700-N A-550-300-700-N--md  \">La entrenadora de Perfumer\u00edas Avenida y el nuevo seleccionador nacional han sido elegidos por los entrenadores socios de la AEEBA mediante una votaci\u00f3n.<\/p>\n<p class=\"paragraph-atom &#10;        A-500-300-700-N A-550-300-700-N--md  \">\u201cEn 2024 afront\u00f3 un doble desaf\u00edo: dirigir al Perfumer\u00edas Avenida de Salamanca y, al mismo tiempo, asumir la selecci\u00f3n femenina de Gran Breta\u00f1a para la temporada 2024-25, consolid\u00e1ndose como una de las entrenadoras m\u00e1s vers\u00e1tiles y reconocidas del baloncesto europeo\u201d, explican desde la AEEB sobre Anna Monta\u00f1ana.<\/p>\n","protected":false},"excerpt":{"rendered":"La Asociaci\u00f3n Espa\u00f1ola de Entrenadores de Baloncesto ha elegido a Anna Monta\u00f1ana y a Chus Mateos como mejores&hellip;\n","protected":false},"author":2,"featured_media":139372,"comment_status":"","ping_status":"","sticky":false,"template":"","format":"standard","meta":{"footnotes":""},"categories":[269],"tags":[26362,299,298,9525,168,18881,25,24,7862,43640,23,167],"class_list":{"0":"post-139371","1":"post","2":"type-post","3":"status-publish","4":"format-standard","5":"has-post-thumbnail","7":"category-baloncesto","8":"tag-anna","9":"tag-baloncesto","10":"tag-basketball","11":"tag-chus","12":"tag-deportes","13":"tag-elegidos","14":"tag-es","15":"tag-espana","16":"tag-mateo","17":"tag-montanana","18":"tag-spain","19":"tag-sports"},"share_on_mastodon":{"url":"","error":""},"_links":{"self":[{"href":"https:\/\/www.europesays.com\/es\/wp-json\/wp\/v2\/posts\/139371","targetHints":{"allow":["GET"]}}],"collection":[{"href":"https:\/\/www.europesays.com\/es\/wp-json\/wp\/v2\/posts"}],"about":[{"href":"https:\/\/www.europesays.com\/es\/wp-json\/wp\/v2\/types\/post"}],"author":[{"embeddable":true,"href":"https:\/\/www.europesays.com\/es\/wp-json\/wp\/v2\/users\/2"}],"replies":[{"embeddable":true,"href":"https:\/\/www.europesays.com\/es\/wp-json\/wp\/v2\/comments?post=139371"}],"version-history":[{"count":0,"href":"https:\/\/www.europesays.com\/es\/wp-json\/wp\/v2\/posts\/139371\/revisions"}],"wp:featuredmedia":[{"embeddable":true,"href":"https:\/\/www.europesays.com\/es\/wp-json\/wp\/v2\/media\/139372"}],"wp:attachment":[{"href":"https:\/\/www.europesays.com\/es\/wp-json\/wp\/v2\/media?parent=139371"}],"wp:term":[{"taxonomy":"category","embeddable":true,"href":"https:\/\/www.europesays.com\/es\/wp-json\/wp\/v2\/categories?post=139371"},{"taxonomy":"post_tag","embeddable":true,"href":"https:\/\/www.europesays.com\/es\/wp-json\/wp\/v2\/tags?post=139371"}],"curies":[{"name":"wp","href":"https:\/\/api.w.org\/{rel}","templated":true}]}}