{"id":139377,"date":"2025-09-26T05:26:12","date_gmt":"2025-09-26T05:26:12","guid":{"rendered":"https:\/\/www.europesays.com\/es\/139377\/"},"modified":"2025-09-26T05:26:12","modified_gmt":"2025-09-26T05:26:12","slug":"el-fotografo-que-retrato-la-valencia-del-desarrollismo","status":"publish","type":"post","link":"https:\/\/www.europesays.com\/es\/139377\/","title":{"rendered":"El fot\u00f3grafo que retrat\u00f3 la Valencia del desarrollismo"},"content":{"rendered":"<p>Hay una Valencia que vemos todos los d\u00edas y apenas ya nos conmueve, porque nuestra mirada se ha acostumbrado tanto a las im\u00e1genes que activa  &#8230; en nuestra retina que tienden a ser invisibles. Y sin embargo, pensar en el conjunto del territorio como un espacio donde la Historia avanza en modo palimpsesto, a\u00f1adiendo una capa tras otra, activa en nuestra memoria otras im\u00e1genes, que siendo referenciales se encuentran tan sumergidas que casi han desaparecido tambi\u00e9n: tienden a ser igualmente invisibles. Es el caso de los retratos (la mayor\u00eda, en blanco y negro) donde el fot\u00f3grafo Juan Piris Ferrer document\u00f3 en la segunda mitad del siglo pasado todo aquello que fuimos, la obra que ahora se exhibe en el Colegio Mayor Peset hasta el d\u00eda 12 de octubre dentro de la programaci\u00f3n ValenciaPhoto: una propuesta dirigida a entender lo que ahora somos. La tierra que sali\u00f3 del desarrollismo a lomos, entre otros avances de la \u00e9poca, de su condici\u00f3n de destino tur\u00edstico para aquella Espa\u00f1a que empezaba a dejar atr\u00e1s el 600. La Espa\u00f1a de los dos canales de televisi\u00f3n, que aflora como en un escalofr\u00edo en estas estampas tomadas en Cullera pero que podr\u00edan ser cualquier otro rinc\u00f3n de la Comunitat.<\/p>\n<p class=\"v-p\">Piris, nacido en 1928 y fallecido en 1995, eligi\u00f3 la localidad costera para sus expediciones c\u00e1mara en ristre porque era el escenario habitual de las creaciones de su t\u00edo, el pintor Emilio Ferrer Cabrera. Y aunque su formaci\u00f3n era autodidacta, nunca le falt\u00f3 el olfato para colocar el objetivo donde deb\u00eda y arrancar de esos desconcertantes paisajes escenas memorables, recuperadas para la exposici\u00f3n (comisariada por Francesc Vera) gracias a que su hijo Jordi decidi\u00f3 explorar el archivo familiar y rescatar para la posteridad estas escenas que registran no s\u00f3lo el paso de tiempo, sino que testifican adem\u00e1s c\u00f3mo se transforma una cierta geograf\u00eda: de n\u00facleo rural a localidad tur\u00edstica. Esa Cullera que inmortaliz\u00f3 Piris y que tal vez s\u00f3lo existe ya en la memoria de sus habitantes m\u00e1s longevos y por supuesto en sus fotograf\u00edas, conmovedoras porque en ellas late precisamente esa joya tan dif\u00edcil de fijar: el paso del tiempo.<\/p>\n<p class=\"v-p\">La imagen empleada como cartel de la exposici\u00f3n sirve muy bien al prop\u00f3sito que la hermana con otras que aguardan en las salas donde se exhiben: un perro vagabundo en mitad de la nada. A un lado, la Cullera que se asomaba al futuro, recortada su silueta all\u00e1 al fondo, entre bancales desarrapados; en primer plano, ese futuro que se empieza ya a materializar, la Cullera que m\u00e1s o menos hoy conocemos. Bloques de hormig\u00f3n que se levantan como segunda residencia de la pujante clase media de los 70, la que deserta de la Espa\u00f1a fam\u00e9lica, la del hambre de la postguerra, y se dispone a conquistar el ma\u00f1ana embutida en sus meybas y sus bikinis.<\/p>\n<p><img decoding=\"async\" loading=\"lazy\" src=\"https:\/\/www.europesays.com\/es\/wp-content\/uploads\/2025\/09\/BARS-PULPO CLUB-platja los olivos--NEGATIU COLOR 35MM-2-U37155123408BxH-1200x841@Las Provincias.jpg\" class=\"v-mdl__img-z\" width=\"1200\" height=\"841\" alt=\"Imagen principal - El fot\u00f3grafo que retrat\u00f3 la Valencia del desarrollismo\"\/><\/p>\n<p><img decoding=\"async\" loading=\"lazy\" src=\"https:\/\/www.europesays.com\/es\/wp-content\/uploads\/2025\/09\/OBRES-FLORAZAR-ESTAT OBRES ANY 1975-NEGATIUB-N 6X7-U86367223580jUz-1200x851@Las Provincias.jpg\" class=\"v-mdl__img-z\" width=\"1200\" height=\"851\" alt=\"Imagen secundaria 1 - El fot\u00f3grafo que retrat\u00f3 la Valencia del desarrollismo\"\/><\/p>\n<p><img decoding=\"async\" loading=\"lazy\" src=\"https:\/\/www.europesays.com\/es\/wp-content\/uploads\/2025\/09\/DESFILE COCHES 1968 NEGATIU B-N 6X6-8-U72445811077cVU-711x841@Las Provincias.jpg\" class=\"v-mdl__img-z\" width=\"711\" height=\"841\" alt=\"Imagen secundaria 2 - El fot\u00f3grafo que retrat\u00f3 la Valencia del desarrollismo\"\/><\/p>\n<p class=\"v-p\">El resto de im\u00e1genes espigadas dentro del nutrido arsenal legado por Piris que integran la exposici\u00f3n se alinean de acuerdo con id\u00e9nticos principios. un homenaje a la contradicci\u00f3n. En ellas descuella por cierto un atributo sutil, aunque muy singular, que no se aprecia tal vez en una primera inspecci\u00f3n: un tenue sentido del humor. Como si el fot\u00f3grafo nos avisara de que el porvenir que se asomaba a su lente iba a deparar estampas parad\u00f3jicas, adornadas por una p\u00edcara tendencia a jugar con los contrastes reflejados en esas panor\u00e1micas donde la ribera del J\u00facar abri\u00e9ndose paso entre los edificios que se ofrecen como alojamiento veraniego y destino del fin de semana. Frutales conviviendo con una costa todav\u00eda virgen. Naturales de Cullera asombrados ante la irrupci\u00f3n de los primeros guiris: la playa de San Antonio o la del Rac\u00f3 pasando de pl\u00e1cido rinc\u00f3n para amigos de la pesca y los ba\u00f1os de mar a refugio para el turismo de masas.<\/p>\n<p class=\"v-p\">Otras instant\u00e1neas rinden tributo al mismo mundo que Piris retrat\u00f3. En realidad, en todas ellas se destila un reconocimiento del choque entre culturas que se avecinaba y el autor de estas im\u00e1genes parec\u00eda intuir. Los bares de siempre, vecinos de las nuevas discotecas de factura pop. O la vida vista desde el coraz\u00f3n de una peluquer\u00eda extra\u00edda de &#8216;Cu\u00e9ntame&#8217; o el escaparate de una perfumer\u00eda, con un Simca 1000 al fondo como heraldo del progreso. O desde el interior de un apartamento decorado con sof\u00e1s de escai y suelo de sintasol, todo tan sesentero, cuya terraza otea la Espa\u00f1a que viene: la Espa\u00f1a donde las reinas de los concurso de verano todav\u00eda pon\u00edan esa cara de susto propia de las parejas de novios de la \u00e9poca, con la sonrisa a\u00fan vetada. Cullera como met\u00e1fora de ese pa\u00eds que se reinvent\u00f3 de acuerdo con, en efecto, la l\u00f3gica del palimpsesto: a\u00f1adiendo al mar de toda la vida otro mar. Un mar de sombrillas.<\/p>\n","protected":false},"excerpt":{"rendered":"Hay una Valencia que vemos todos los d\u00edas y apenas ya nos conmueve, porque nuestra mirada se ha&hellip;\n","protected":false},"author":2,"featured_media":139378,"comment_status":"","ping_status":"","sticky":false,"template":"","format":"standard","meta":{"footnotes":""},"categories":[173],"tags":[229,233,231,230,43641,232,234,146,147,25,24,6638,14017,23,235],"class_list":{"0":"post-139377","1":"post","2":"type-post","3":"status-publish","4":"format-standard","5":"has-post-thumbnail","7":"category-arte-y-diseno","8":"tag-arte","9":"tag-arte-y-diseno","10":"tag-arts","11":"tag-arts-and-design","12":"tag-desarrollismo","13":"tag-design","14":"tag-diseno","15":"tag-entertainment","16":"tag-entretenimiento","17":"tag-es","18":"tag-espana","19":"tag-fotografo","20":"tag-retrato","21":"tag-spain","22":"tag-valencia"},"share_on_mastodon":{"url":"","error":""},"_links":{"self":[{"href":"https:\/\/www.europesays.com\/es\/wp-json\/wp\/v2\/posts\/139377","targetHints":{"allow":["GET"]}}],"collection":[{"href":"https:\/\/www.europesays.com\/es\/wp-json\/wp\/v2\/posts"}],"about":[{"href":"https:\/\/www.europesays.com\/es\/wp-json\/wp\/v2\/types\/post"}],"author":[{"embeddable":true,"href":"https:\/\/www.europesays.com\/es\/wp-json\/wp\/v2\/users\/2"}],"replies":[{"embeddable":true,"href":"https:\/\/www.europesays.com\/es\/wp-json\/wp\/v2\/comments?post=139377"}],"version-history":[{"count":0,"href":"https:\/\/www.europesays.com\/es\/wp-json\/wp\/v2\/posts\/139377\/revisions"}],"wp:featuredmedia":[{"embeddable":true,"href":"https:\/\/www.europesays.com\/es\/wp-json\/wp\/v2\/media\/139378"}],"wp:attachment":[{"href":"https:\/\/www.europesays.com\/es\/wp-json\/wp\/v2\/media?parent=139377"}],"wp:term":[{"taxonomy":"category","embeddable":true,"href":"https:\/\/www.europesays.com\/es\/wp-json\/wp\/v2\/categories?post=139377"},{"taxonomy":"post_tag","embeddable":true,"href":"https:\/\/www.europesays.com\/es\/wp-json\/wp\/v2\/tags?post=139377"}],"curies":[{"name":"wp","href":"https:\/\/api.w.org\/{rel}","templated":true}]}}