{"id":139379,"date":"2025-09-26T05:27:09","date_gmt":"2025-09-26T05:27:09","guid":{"rendered":"https:\/\/www.europesays.com\/es\/139379\/"},"modified":"2025-09-26T05:27:09","modified_gmt":"2025-09-26T05:27:09","slug":"juan-jose-primo-jurado-arroja-luz-en-alhucemas-con-un-nuevo-libro-que-ayuda-a-eliminar-los-complejos","status":"publish","type":"post","link":"https:\/\/www.europesays.com\/es\/139379\/","title":{"rendered":"Juan Jos\u00e9 Primo Jurado arroja luz en Alhucemas con un nuevo libro que ayuda a \u00abeliminar los complejos\u00bb"},"content":{"rendered":"<p><img decoding=\"async\" class=\"voc-author__img\" src=\"https:\/\/www.europesays.com\/es\/wp-content\/uploads\/2025\/07\/autor-5187-foto-1.jpeg\" alt=\"Juan Carlos Jim\u00e9nez\"\/><\/p>\n<p class=\"voc-p\" style=\"\">El &#8216;desembarco de Alhucemas&#8217; es la nueva obra del historiador, pol\u00edtico y articulista de ABC C\u00f3rdoba, Juan Jos\u00e9 Primo Jurado. Su publicaci\u00f3n no est\u00e1 elegida al azar pues en septiembre se cumpli\u00f3 <strong>el centenario de este episodio<\/strong> de la historia de Espa\u00f1a que fue \u00abun hito en la historia militar al ser la primera vez que se logra con \u00e9xito un desembarco en una plata fortificada y ocupada por el enemigo, en una operaci\u00f3n conjunta\u00bb , explica el autor.<\/p>\n<p class=\"voc-p\" style=\"\">Es un cap\u00edtulo de la historia del pa\u00eds porque \u00abpermite poner fin al conflicto de Marruecos que durante muchos a\u00f1os supuso una sangr\u00eda de vida y recursos econ\u00f3micos\u00bb. Primo Jurado adem\u00e1s destaca la importancia del contexto hist\u00f3rico en el que desarrollan los acontecimientos: \u00abCuatro a\u00f1os antes se hab\u00eda producido el desastre de Annual <strong>con 16.000 v\u00edctimas espa\u00f1olas<\/strong>, un <a href=\"https:\/\/www.abc.es\/espana\/galicia\/juan-soto-annual-20250915210357-nt.html\" target=\"_self\" data-voc-vtm-id=\"in-text-traffic\" title=\"c\u00famulo de errores pol\u00edticos y militares\" rel=\"nofollow noopener\">c\u00famulo de errores pol\u00edticos y militares<\/a> que llevaron a la p\u00e9rdida de toda la parte oriental del Protectorado\u00bb. <\/p>\n<p class=\"voc-p\" style=\"\">Se trata de un episodio hist\u00f3rico que, a juicio del autor, \u00abha pasado desapercibido\u00bb por \u00abese complejo que tenemos en general los espa\u00f1oles a <strong>hablar de nuestras derrotas<\/strong>\u00bb. Para \u00e9l, \u00abmuchos han hablado del desastre de Annual, pero pocos del desembarco de Alhucemas, creo que Espa\u00f1a y los historiadores tienen que estar en las derrotas y los triunfos\u00bb. <\/p>\n<p class=\"voc-p\" style=\"\">En este sentido se muestra cr\u00edtico el autor porque \u00abesa man\u00eda espa\u00f1ola de olvidar algunos episodios nos lleva a tener una visi\u00f3n muy sesgada de nuestra historia. Hay que celebrarlo sin grandes pompas\u00bb. De hecho, el autor recuerda que en 1927 cuando se logra<strong> la pacificaci\u00f3n<\/strong> en pleno Gobierno de Primo de Rivera, \u00abno se hacen desfiles ni celebraciones porque lo que se pretend\u00eda era pacificar la zona\u00bb. <\/p>\n<p class=\"voc-p\" style=\"\">Siguiendo esa l\u00ednea, Primo Jurado opina que \u00abEspa\u00f1a tiene un serio problema quiz\u00e1s <strong>auspiciado desde fuera y desde dentro<\/strong>. Hay muchas fuerzas que parece que solo quieren que disfrutemos con nuestras derrotas y no analicemos nuestras victorias\u00bb. <\/p>\n<p class=\"voc-p\" style=\"\">El autor da luz a un episodio que marc\u00f3 un ante y un despu\u00e9s en la estrategia miliar pues era el primer desembarco anfibio y con \u00e9xito: \u00abHubo un antecedente<strong> diez a\u00f1os antes en Gal\u00edpoli<\/strong> en la Primera Guerra Mundial donde brit\u00e1nicos y franceses fracasaron ante los turcos. Hab\u00edan logrado desembarcar, pero no hab\u00edan avanzado de la cabeza de playa. En este caso, s\u00ed lo hicieron, en Alhucemas\u00bb. <\/p>\n<p class=\"voc-p\" style=\"\">Una operaci\u00f3n en la que fue pieza clave el \u00abcirujano de hierro que era Miguel Primo de Rivera\u00bb y que los agregados militares extranjeros observaron \u00aby tomaron buena nota despu\u00e9s de<strong> felicitar al ejercito espa\u00f1ol<\/strong> que hab\u00eda evolucionado muy bien\u00bb. Pasaron de una derrota como el desastre de Annual a una victoria importante en Alhucemas. <\/p>\n<p class=\"voc-p\" style=\"\">Adem\u00e1s esta operaci\u00f3n sent\u00f3 un precedente en la Segunda Guerra Mundial, sobre todo en los <strong>desembarcos en el Pac\u00edfico<\/strong> donde \u00abse cuenta que los <a href=\"https:\/\/www.abc.es\/historia\/habla-experto-era-soldado-mejor-entrenado-iigm-20250915043801-nt.html\" target=\"_self\" data-voc-vtm-id=\"in-text-traffic\" title=\"marines norteamericanos\" rel=\"nofollow noopener\">marines norteamericanos<\/a> tomaron buena nota de lo que hab\u00eda pasado veinte a\u00f1os antes en Alhucemas para poder ponerlo en pr\u00e1ctica\u00bb. <\/p>\n<p>Reportar un error<\/p>\n","protected":false},"excerpt":{"rendered":"El &#8216;desembarco de Alhucemas&#8217; es la nueva obra del historiador, pol\u00edtico y articulista de ABC C\u00f3rdoba, Juan Jos\u00e9&hellip;\n","protected":false},"author":2,"featured_media":139380,"comment_status":"","ping_status":"","sticky":false,"template":"","format":"standard","meta":{"footnotes":""},"categories":[172],"tags":[32054,42572,3229,224,10235,3568,146,147,25,24,2467,409,15761,1496,225,1875,524,5000,23],"class_list":{"0":"post-139379","1":"post","2":"type-post","3":"status-publish","4":"format-standard","5":"has-post-thumbnail","7":"category-libros","8":"tag-alhucemas","9":"tag-arroja","10":"tag-ayuda","11":"tag-books","12":"tag-complejos","13":"tag-eliminar","14":"tag-entertainment","15":"tag-entretenimiento","16":"tag-es","17":"tag-espana","18":"tag-jose","19":"tag-juan","20":"tag-jurado","21":"tag-libro","22":"tag-libros","23":"tag-luz","24":"tag-nuevo","25":"tag-primo","26":"tag-spain"},"share_on_mastodon":{"url":"","error":""},"_links":{"self":[{"href":"https:\/\/www.europesays.com\/es\/wp-json\/wp\/v2\/posts\/139379","targetHints":{"allow":["GET"]}}],"collection":[{"href":"https:\/\/www.europesays.com\/es\/wp-json\/wp\/v2\/posts"}],"about":[{"href":"https:\/\/www.europesays.com\/es\/wp-json\/wp\/v2\/types\/post"}],"author":[{"embeddable":true,"href":"https:\/\/www.europesays.com\/es\/wp-json\/wp\/v2\/users\/2"}],"replies":[{"embeddable":true,"href":"https:\/\/www.europesays.com\/es\/wp-json\/wp\/v2\/comments?post=139379"}],"version-history":[{"count":0,"href":"https:\/\/www.europesays.com\/es\/wp-json\/wp\/v2\/posts\/139379\/revisions"}],"wp:featuredmedia":[{"embeddable":true,"href":"https:\/\/www.europesays.com\/es\/wp-json\/wp\/v2\/media\/139380"}],"wp:attachment":[{"href":"https:\/\/www.europesays.com\/es\/wp-json\/wp\/v2\/media?parent=139379"}],"wp:term":[{"taxonomy":"category","embeddable":true,"href":"https:\/\/www.europesays.com\/es\/wp-json\/wp\/v2\/categories?post=139379"},{"taxonomy":"post_tag","embeddable":true,"href":"https:\/\/www.europesays.com\/es\/wp-json\/wp\/v2\/tags?post=139379"}],"curies":[{"name":"wp","href":"https:\/\/api.w.org\/{rel}","templated":true}]}}