{"id":139390,"date":"2025-09-26T05:36:08","date_gmt":"2025-09-26T05:36:08","guid":{"rendered":"https:\/\/www.europesays.com\/es\/139390\/"},"modified":"2025-09-26T05:36:08","modified_gmt":"2025-09-26T05:36:08","slug":"trump-devuelve-la-pena-de-muerte-a-washington-internacional","status":"publish","type":"post","link":"https:\/\/www.europesays.com\/es\/139390\/","title":{"rendered":"Trump devuelve la pena de muerte a Washington | Internacional"},"content":{"rendered":"<p class=\"\">La <a href=\"https:\/\/elpais.com\/internacional\/2025-08-26\/trump-dice-que-pedira-la-pena-de-muerte-para-quien-cometa-un-asesinato-en-washington.html\" target=\"_self\" rel=\"nofollow noopener\" title=\"https:\/\/elpais.com\/internacional\/2025-08-26\/trump-dice-que-pedira-la-pena-de-muerte-para-quien-cometa-un-asesinato-en-washington.html\">pena de muerte volver\u00e1 a estar vigente en Washington DC<\/a>. El presidente de Estados Unidos, Donald Trump, ha firmado este jueves un memor\u00e1ndum dirigido al Departamento de Justicia para volver a instaurar la pena m\u00e1xima como <a href=\"https:\/\/elpais.com\/expres\/2025-08-27\/pena-de-muerte-militares-en-las-calles-y-ataques-a-la-fed-trump-acelera-su-deriva-autoritaria.html\" target=\"_self\" rel=\"nofollow noopener\" title=\"https:\/\/elpais.com\/expres\/2025-08-27\/pena-de-muerte-militares-en-las-calles-y-ataques-a-la-fed-trump-acelera-su-deriva-autoritaria.html\">castigo para los homicidios<\/a> y otros delitos graves en la capital, m\u00e1s de cuarenta a\u00f1os despu\u00e9s de que hubiera quedado abolida dentro de su territorio.<\/p>\n<p class=\"\">El presidente ya hab\u00eda declarado que se planteaba la medida despu\u00e9s de que en agosto pusiera bajo su control a la Polic\u00eda Metropolitana y <a href=\"https:\/\/elpais.com\/internacional\/2025-08-11\/trump-explica-sus-medidas-para-reducir-el-crimen-en-washington-d-c.html\" target=\"_self\" rel=\"nofollow noopener\" title=\"https:\/\/elpais.com\/internacional\/2025-08-11\/trump-explica-sus-medidas-para-reducir-el-crimen-en-washington-d-c.html\">ordenara el despliegue de la Guardia Nacional<\/a> y agentes de la polic\u00eda federal y de inmigraci\u00f3n en las calles de la capital, con el argumento de luchar contra una violencia seg\u00fan \u00e9l completamente desbocada.<\/p>\n<p class=\"\">\u201cLa gente llega de Iowa para admirar el Monumento a Lincoln y acaba siendo asesinada. Eso ya no pasa&#8230; y si pasa, le caer\u00e1 la pena de muerte a la persona que lo haga. Y esto lo pone en marcha\u201d, ha declarado Trump al firmar el memor\u00e1ndum en un acto en el Despacho Oval. <\/p>\n<p class=\"\">La pena de muerte en el Distrito de Columbia qued\u00f3 anulada en 1972 por el Tribunal Supremo. El ayuntamiento de Washington la aboli\u00f3 por completo en 1981. <\/p>\n<p class=\"\">Si quedaba alguna duda de la oposici\u00f3n de los residentes de la capital a la pena de muerte, qued\u00f3 disipada de manera definitiva en 1992. Ese a\u00f1o, por orden del Congreso estadounidense, se celebr\u00f3 un refer\u00e9ndum en la ciudad sobre el asunto: dos de cada tres votantes se declararon en contra de las ejecuciones. <\/p>\n<p class=\"\">El documento que ha suscrito Trump ordena a la fiscal general, Pam Bondi, y a la fiscal federal para el Distrito de Columbia, Jeanine Pirro, que \u201capliquen por completo\u201d la pena de muerte en situaciones en las que los hechos y las pruebas del caso lo ameriten.<\/p>\n<p class=\"\">El memor\u00e1ndum no enumera qu\u00e9 delitos exactamente quedar\u00edan castigados con la pena capital. S\u00ed precisa que los fiscales tendr\u00e1n que \u201cpedir la pena de muerte en todos los casos apropiados en los que, tras un examen completo de las pruebas y otra informaci\u00f3n relevante, los factores aplicables justifiquen una pena de muerte\u201d. <\/p>\n<p class=\"\">En una reuni\u00f3n de su Gabinete el mes pasado Trump hab\u00eda apuntado que buscar\u00eda aplicar la pena de muerte para casos de homicidio. Y ahora ha repetido esa idea. \u201cSi matas a alguien, si matas a un agente de polic\u00eda\u201d, el autor del homicidio quedar\u00eda condenado a muerte, ha precisado el presidente estadounidense. <\/p>\n","protected":false},"excerpt":{"rendered":"La pena de muerte volver\u00e1 a estar vigente en Washington DC. El presidente de Estados Unidos, Donald Trump,&hellip;\n","protected":false},"author":2,"featured_media":139391,"comment_status":"","ping_status":"","sticky":false,"template":"","format":"standard","meta":{"footnotes":""},"categories":[42],"tags":[17,18,4329,352,629,13,14,11,61,62,63,64,2158,19,20,9,10,15,16,15145,6478,12,21,22,2558,65,66,67],"class_list":{"0":"post-139390","1":"post","2":"type-post","3":"status-publish","4":"format-standard","5":"has-post-thumbnail","7":"category-internacional","8":"tag-breaking-news","9":"tag-breakingnews","10":"tag-casa-blanca","11":"tag-donald-trump","12":"tag-estados-unidos","13":"tag-featured-news","14":"tag-featurednews","15":"tag-headlines","16":"tag-internacional","17":"tag-international","18":"tag-international-news","19":"tag-internationalnews","20":"tag-justicia","21":"tag-latest-news","22":"tag-latestnews","23":"tag-news","24":"tag-noticias","25":"tag-noticias-destacadas","26":"tag-noticiasdestacadas","27":"tag-pena-muerte","28":"tag-sentencias","29":"tag-titulares","30":"tag-ultimas-noticias","31":"tag-ultimasnoticias","32":"tag-washington-d-c","33":"tag-world","34":"tag-world-news","35":"tag-worldnews"},"share_on_mastodon":{"url":"","error":""},"_links":{"self":[{"href":"https:\/\/www.europesays.com\/es\/wp-json\/wp\/v2\/posts\/139390","targetHints":{"allow":["GET"]}}],"collection":[{"href":"https:\/\/www.europesays.com\/es\/wp-json\/wp\/v2\/posts"}],"about":[{"href":"https:\/\/www.europesays.com\/es\/wp-json\/wp\/v2\/types\/post"}],"author":[{"embeddable":true,"href":"https:\/\/www.europesays.com\/es\/wp-json\/wp\/v2\/users\/2"}],"replies":[{"embeddable":true,"href":"https:\/\/www.europesays.com\/es\/wp-json\/wp\/v2\/comments?post=139390"}],"version-history":[{"count":0,"href":"https:\/\/www.europesays.com\/es\/wp-json\/wp\/v2\/posts\/139390\/revisions"}],"wp:featuredmedia":[{"embeddable":true,"href":"https:\/\/www.europesays.com\/es\/wp-json\/wp\/v2\/media\/139391"}],"wp:attachment":[{"href":"https:\/\/www.europesays.com\/es\/wp-json\/wp\/v2\/media?parent=139390"}],"wp:term":[{"taxonomy":"category","embeddable":true,"href":"https:\/\/www.europesays.com\/es\/wp-json\/wp\/v2\/categories?post=139390"},{"taxonomy":"post_tag","embeddable":true,"href":"https:\/\/www.europesays.com\/es\/wp-json\/wp\/v2\/tags?post=139390"}],"curies":[{"name":"wp","href":"https:\/\/api.w.org\/{rel}","templated":true}]}}