{"id":139392,"date":"2025-09-26T05:37:09","date_gmt":"2025-09-26T05:37:09","guid":{"rendered":"https:\/\/www.europesays.com\/es\/139392\/"},"modified":"2025-09-26T05:37:09","modified_gmt":"2025-09-26T05:37:09","slug":"la-uer-adelanta-a-noviembre-la-votacion-para-decidir-si-expulsa-a-israel-o-no-de-eurovision-el-mundo","status":"publish","type":"post","link":"https:\/\/www.europesays.com\/es\/139392\/","title":{"rendered":"La UER adelanta a noviembre la votaci\u00f3n para decidir si expulsa a Israel o no de Eurovisi\u00f3n &#8211; El Mundo"},"content":{"rendered":"<ol>\n<li><a href=\"https:\/\/news.google.com\/rss\/articles\/CBMif0FVX3lxTE5sNkxOUUU1bHFmdmJkTHNVeXFuWVZ2WlRKU1ROR1owVjltTzRsaVFleGlZMnZxYW5XMUFpOUoxQld5d09rNG1lTGFfMTBBX1V5Mk5fOURjeWp6LWFHSERqX19SRmdXdnZDcXlscWhUWnRWb2p1c2N6c2pWSnFhazTSAX9BVV95cUxQcEUzY3BOcjhzNGJGbk54MVNfLWRXVk16cFRUbHQ0eERNdGtZejhTVFdwZ3B4bEdmVDRYU3E4dlA5Q2ItNUFYd0J4QVVaeHp1SEJ3cmNhYTgtbERkN1dvcGdkdkZxV0ljUHpnMVJIV2hGVk9tNWdEMHBJc19tVkRR?oc=5\" target=\"_blank\" rel=\"nofollow noopener\">La UER adelanta a noviembre la votaci\u00f3n para decidir si expulsa a Israel o no de Eurovisi\u00f3n<\/a>&nbsp;&nbsp;El Mundo<\/li>\n<li><a href=\"https:\/\/news.google.com\/rss\/articles\/CBMiugFBVV95cUxNeTZydGNVWUIyOVg3Y0xLeHZRR3N4SW9DamdUUVZIbWVMWEVRTzRTbERwcHlLd05NZFczMHdacEtWSG5sZUhHMndQaUpWaHJXS2t3Vzh6a0tBZEN4ejQ4NGNlRlJ4NzNRV0Y2V3ZIM1hGaWR1Z21hTkRyeTJkODVLMlc4cmlxLURzVVRlelJQNy1ZSE5HdEhtVXFmSWFES3ZwZjQ4d2hRT2l4Zmt4Qld2ckZRUHdRQWJ3M0E?oc=5\" target=\"_blank\" rel=\"nofollow noopener\">Eurovisi\u00f3n adelanta a noviembre la votaci\u00f3n por la permanencia de Israel<\/a>&nbsp;&nbsp;EL PA\u00cdS<\/li>\n<li><a href=\"https:\/\/news.google.com\/rss\/articles\/CBMizAFBVV95cUxOSnJqQzFyZGpHWmFkbFR2Und5WTJLTXpSYnBPbm9TM2NoWVh6TkFLTXNBdGd0SFRJeUFGZU80d1hEbnI3YjRKUktodF84TjN0cEhhV3pCT3lkUHJQUllzcFhRdWVPZVFyS0hTbV9RMUtQMkpSelFsMjVJR1hrUW9jakl2NnhGUTBFaHA4enREd3lpOTlUcm1NM3c2XzA1RGNhanVYQjNBZFV2U2tyaFZwaHNkTmctdVFjWXFuLUhCZ0VEU2lHNDcxM25uRHI?oc=5\" target=\"_blank\" rel=\"nofollow noopener\">La UER convoca una votaci\u00f3n extraordinaria para decidir la participaci\u00f3n de Israel en Eurovisi\u00f3n<\/a>&nbsp;&nbsp;elDiario.es<\/li>\n<li><a href=\"https:\/\/news.google.com\/rss\/articles\/CBMi0gFBVV95cUxObm4tdFh1R19CTnhBa2JpZkdHei1HQlpOY3V3ZTJoWXZfUml3aExaUWlQTTlINGhaMFZFRWxUQW5ROTcwQWF0MktFWjgxbUVsTi12YzFqV2dLOWFZdFlSQ0FOV2E1LW9INTF3dXVocktBVzRILXpzbENNd25WYU9jckJkVjY0RENfeTI1RUpFck1FTWhHV050NVh0eFpVN3R4cG5YS2dPd2JCMGFtb3JHbWlEYTM4dExoSU1YeVRIZGtMYmpyWFJtSjZOd081U1lkTEHSAdcBQVVfeXFMTVcyNVRFQTFSbDRUWldIMzhhTER4MVJXRTZRNXNrWWYzeENLN1cxNENqSWtGelB1TWtOUDZGTXFQTmNRMkVKZ0R2U1JxaXMwR2hlOHAwdm5JLVFuQkpURFNvM0wtbzV0Ym15aHBENnlKbzd1UV9wWTVXOHNYcjMxQVF3bmE3ckx3cUxhUzIxT1Z5SE5UQmtwVEphSXRoU0JlSjJrZHVremlTSFhUYTF6aXJGUlp1Ni02ZEd2SDRtdzRXQm9aQmVoUlI4aWdRZE1rbWNNWlFId1U?oc=5\" target=\"_blank\" rel=\"nofollow noopener\">Eurovisi\u00f3n adelanta a noviembre la reuni\u00f3n para decidir si Israel participar\u00e1 en el festival<\/a>&nbsp;&nbsp;La Vanguardia<\/li>\n<li><a href=\"https:\/\/news.google.com\/rss\/articles\/CBMisgFBVV95cUxOQ0E5VW84elZqekthbTdVdy1YeXBfWTVUTlQ2ZUsxTlZURzJKSERBQVo0RXRQaWhtcjNRX2w2SENXczJ5NmFRLWVQbktUVWIza2pZVXgzN2c1MUFSVUEweklHM1c1WUhURmI2dkhyelA1STlCMlpXa09MalBlSF9va2w0TTcwc21SUzRDU2xDOVRHWG5raE93U29HNE5XMVFLN3RjZk9hYWtsaTdrZW4tb0x30gGyAUFVX3lxTE80VGZnTFdQbldHcF96YnpYVG9Fb2FaWEJnYmNtTlZhWHlFOWJSY3Zham5OOFk3eW5sVVZISFJibG51UWRvMjNDekVnSUJFQUh0UFFVeV9jQlE2V2h5VktoeTJVRHRTd0xpeUhVQ1pRY0s3WnlpQ2U2eVE3WGNIVVBlOU0wZWlQSW41TUhQWExYZlJtRTVYc0FEVnIzamtWbTFtVGJzVy02RWZJUGpPaFNNQmc?oc=5\" target=\"_blank\" rel=\"nofollow noopener\">Eurovisi\u00f3n adelanta a noviembre la votaci\u00f3n sobre la participaci\u00f3n de Israel en el festival<\/a>&nbsp;&nbsp;RTVE.es<\/li>\n<\/ol>\n","protected":false},"excerpt":{"rendered":"La UER adelanta a noviembre la votaci\u00f3n para decidir si expulsa a Israel o no de Eurovisi\u00f3n&nbsp;&nbsp;El Mundo&hellip;\n","protected":false},"author":2,"featured_media":139393,"comment_status":"","ping_status":"","sticky":false,"template":"","format":"standard","meta":{"footnotes":""},"categories":[8],"tags":[17,18,25,24,24121,13,14,11,74,19,20,9,10,15,16,518,23,807,12,21,22],"class_list":{"0":"post-139392","1":"post","2":"type-post","3":"status-publish","4":"format-standard","5":"has-post-thumbnail","7":"category-espana","8":"tag-breaking-news","9":"tag-breakingnews","10":"tag-es","11":"tag-espana","12":"tag-eurovision","13":"tag-featured-news","14":"tag-featurednews","15":"tag-headlines","16":"tag-israel","17":"tag-latest-news","18":"tag-latestnews","19":"tag-news","20":"tag-noticias","21":"tag-noticias-destacadas","22":"tag-noticiasdestacadas","23":"tag-rtve","24":"tag-spain","25":"tag-television","26":"tag-titulares","27":"tag-ultimas-noticias","28":"tag-ultimasnoticias"},"share_on_mastodon":{"url":"","error":""},"_links":{"self":[{"href":"https:\/\/www.europesays.com\/es\/wp-json\/wp\/v2\/posts\/139392","targetHints":{"allow":["GET"]}}],"collection":[{"href":"https:\/\/www.europesays.com\/es\/wp-json\/wp\/v2\/posts"}],"about":[{"href":"https:\/\/www.europesays.com\/es\/wp-json\/wp\/v2\/types\/post"}],"author":[{"embeddable":true,"href":"https:\/\/www.europesays.com\/es\/wp-json\/wp\/v2\/users\/2"}],"replies":[{"embeddable":true,"href":"https:\/\/www.europesays.com\/es\/wp-json\/wp\/v2\/comments?post=139392"}],"version-history":[{"count":0,"href":"https:\/\/www.europesays.com\/es\/wp-json\/wp\/v2\/posts\/139392\/revisions"}],"wp:featuredmedia":[{"embeddable":true,"href":"https:\/\/www.europesays.com\/es\/wp-json\/wp\/v2\/media\/139393"}],"wp:attachment":[{"href":"https:\/\/www.europesays.com\/es\/wp-json\/wp\/v2\/media?parent=139392"}],"wp:term":[{"taxonomy":"category","embeddable":true,"href":"https:\/\/www.europesays.com\/es\/wp-json\/wp\/v2\/categories?post=139392"},{"taxonomy":"post_tag","embeddable":true,"href":"https:\/\/www.europesays.com\/es\/wp-json\/wp\/v2\/tags?post=139392"}],"curies":[{"name":"wp","href":"https:\/\/api.w.org\/{rel}","templated":true}]}}