{"id":139394,"date":"2025-09-26T05:38:17","date_gmt":"2025-09-26T05:38:17","guid":{"rendered":"https:\/\/www.europesays.com\/es\/139394\/"},"modified":"2025-09-26T05:38:17","modified_gmt":"2025-09-26T05:38:17","slug":"colas-a-pleno-sol-para-pedir-hamburguesas-a-17-euros-y-pizzas-a-16","status":"publish","type":"post","link":"https:\/\/www.europesays.com\/es\/139394\/","title":{"rendered":"colas \u00aba pleno sol\u00bb para pedir hamburguesas a 17 euros y pizzas a 16"},"content":{"rendered":"<p class=\"paragraph\" id=\"paragraph_1\">La San Diego Comic Con de M\u00e1laga desplegar\u00e1 m\u00e1s de <strong>300 horas de contenido:<\/strong> paneles, expositores, artistas, charlas, videojuegos, c\u00f3mic, cosplay&#8230; Entre actividad y actividad, muchos buscan la zona gastron\u00f3mica para descansar, donde ya se han dejado ver grandes colas para pedir alguno de los platos del men\u00fa.<\/p>\n<p class=\"paragraph\" id=\"paragraph_2\">La carta gastron\u00f3mica de la <strong>Comic Con M\u00e1laga incluye platos frescos<\/strong> como ensaladas a 12 euros, &#8216;pok\u00e9s&#8217; a 20 euros, hamburguesas a 17 y perritos calientes a 15 euros. Tambi\u00e9n pueden pedirse platos de arroz a 20 euros o dulces que tienen un precio de 4 euros de media.<\/p>\n<p class=\"paragraph\" id=\"paragraph_3\">Las bebidas a elegir son caf\u00e9, chocolate y refrescos a un precio de 3,15 euros, o cervezas a 4,15 y copas de vino a 3,75 euros.<\/p>\n<p class=\"paragraph\" id=\"paragraph_4\">La organizaci\u00f3n ofrece tambi\u00e9n la <strong>opci\u00f3n de comprar un &#8216;pasaporte foodie&#8217;<\/strong> a un precio de 50 euros para pedir cada d\u00eda del evento uno de los platos que se incluyen en la carta, junto a una bebida.<\/p>\n<p class=\"paragraph\" id=\"paragraph_5\">Para los que buscan un snack, hay<strong> frutos secos, gominolas, palomitas, patatas fritas<\/strong> y chocolatinas, a un precio de entre 2 y 5 euros.<\/p>\n<p><img loading=\"lazy\" decoding=\"async\" alt=\"WhatsApp Image 2025-09-25 at 14.12.46\" height=\"180\" src=\"https:\/\/www.europesays.com\/es\/wp-content\/uploads\/2025\/09\/1003743941043_258990033_320x180.jpg\" width=\"320\" data-lazy-status=\"processed\" data-lazy-info=\"remove loading item 1\"\/><\/p>\n<p class=\"paragraph\" id=\"paragraph_6\">Desde la apertura del festival, a las <strong>10 de la ma\u00f1ana,<\/strong> son muchos los que han acudido a la zona gastron\u00f3mica y durante todo el d\u00eda se han dejado ver numerosas colas para hacer los pedidos. \u00abHemos tardado m\u00e1s de media hora, ha sido una espera muy larga\u00bb, comentaba Paula, que se quejaba de la falta de zonas de sombra. \u00abHemos esperado a pleno sol, deber\u00edan poner unas carpas aqu\u00ed\u00bb.<\/p>\n<p class=\"paragraph\" id=\"paragraph_7\">Otra de las quejas ha sido <strong>la falta de m\u00e1s fuentes para beber agua<\/strong>. \u00abLa gente se trae tres botellas y la cantidad que sale de la fuente es muy poca, es normal que haya colas inmensas\u00bb, explicaba Mario mientras esperaba su turno para rellenar.<\/p>\n<p class=\"paragraph\" id=\"paragraph_8\">La zona gastron\u00f3mica se ubica en el <strong>parking de Fycma, reconvertido en el &#8216;Village&#8217;<\/strong> un espacio multidisciplinar que cuenta con cientos de mesas y sillas bajo grandes carpas para todos los que quieren tomarse un respiro al aire libre.<\/p>\n<p><img decoding=\"async\" alt=\"Zona exterior.\" data-imgm=\"true\" height=\"180\" loading=\"lazy\"  src=\"https:\/\/www.europesays.com\/es\/wp-content\/uploads\/2025\/09\/1003743941646_258997752_1024x576.jpg\"  width=\"320\"\/><\/p>\n<p class=\"paragraph\" id=\"paragraph_9\">Esta parte del evento tambi\u00e9n incluye u<strong>n escenario propio con actuaciones,<\/strong> el espacio &#8216;Meet The Artist&#8217; donde se organizan las firmas y fotos con los actores, adem\u00e1s de camas el\u00e1sticas.<\/p>\n<p class=\"paragraph\" id=\"paragraph_10\">En el interior, destaca el Hall M, el gran punto neur\u00e1lgico de la convenci\u00f3n y el escenario principal de los encuentros m\u00e1s esperados; adem\u00e1s de los <strong>auditorios<\/strong>, que acoger\u00e1n charlas y conversaciones con referentes nacionales e internacionales; y un <strong>Exhibitor Hall que incluye<\/strong> expositores, coleccionistas y creadores.<\/p>\n<p class=\"paragraph\" data-mrf-recirculation=\"links-parrafos\" id=\"paragraph_11\">Hay 3 auditorios con capacidad para <strong>900, 600 y 200 personas, que completan<\/strong> los espacios en los que los fans podr\u00e1n disfrutar de charlas y paneles de sus \u00eddolos y conocerlos de cerca.<\/p>\n","protected":false},"excerpt":{"rendered":"La San Diego Comic Con de M\u00e1laga desplegar\u00e1 m\u00e1s de 300 horas de contenido: paneles, expositores, artistas, charlas,&hellip;\n","protected":false},"author":2,"featured_media":139395,"comment_status":"","ping_status":"","sticky":false,"template":"","format":"standard","meta":{"footnotes":""},"categories":[5],"tags":[17,18,8588,25,24,13,14,11,19,20,28072,18004,9,10,15,16,23,12,21,22],"class_list":{"0":"post-139394","1":"post","2":"type-post","3":"status-publish","4":"format-standard","5":"has-post-thumbnail","7":"category-titulares","8":"tag-breaking-news","9":"tag-breakingnews","10":"tag-comic","11":"tag-es","12":"tag-espana","13":"tag-featured-news","14":"tag-featurednews","15":"tag-headlines","16":"tag-latest-news","17":"tag-latestnews","18":"tag-malaga-municipio","19":"tag-malaga-ciudad","20":"tag-news","21":"tag-noticias","22":"tag-noticias-destacadas","23":"tag-noticiasdestacadas","24":"tag-spain","25":"tag-titulares","26":"tag-ultimas-noticias","27":"tag-ultimasnoticias"},"share_on_mastodon":{"url":"","error":""},"_links":{"self":[{"href":"https:\/\/www.europesays.com\/es\/wp-json\/wp\/v2\/posts\/139394","targetHints":{"allow":["GET"]}}],"collection":[{"href":"https:\/\/www.europesays.com\/es\/wp-json\/wp\/v2\/posts"}],"about":[{"href":"https:\/\/www.europesays.com\/es\/wp-json\/wp\/v2\/types\/post"}],"author":[{"embeddable":true,"href":"https:\/\/www.europesays.com\/es\/wp-json\/wp\/v2\/users\/2"}],"replies":[{"embeddable":true,"href":"https:\/\/www.europesays.com\/es\/wp-json\/wp\/v2\/comments?post=139394"}],"version-history":[{"count":0,"href":"https:\/\/www.europesays.com\/es\/wp-json\/wp\/v2\/posts\/139394\/revisions"}],"wp:featuredmedia":[{"embeddable":true,"href":"https:\/\/www.europesays.com\/es\/wp-json\/wp\/v2\/media\/139395"}],"wp:attachment":[{"href":"https:\/\/www.europesays.com\/es\/wp-json\/wp\/v2\/media?parent=139394"}],"wp:term":[{"taxonomy":"category","embeddable":true,"href":"https:\/\/www.europesays.com\/es\/wp-json\/wp\/v2\/categories?post=139394"},{"taxonomy":"post_tag","embeddable":true,"href":"https:\/\/www.europesays.com\/es\/wp-json\/wp\/v2\/tags?post=139394"}],"curies":[{"name":"wp","href":"https:\/\/api.w.org\/{rel}","templated":true}]}}