{"id":139398,"date":"2025-09-26T05:40:09","date_gmt":"2025-09-26T05:40:09","guid":{"rendered":"https:\/\/www.europesays.com\/es\/139398\/"},"modified":"2025-09-26T05:40:09","modified_gmt":"2025-09-26T05:40:09","slug":"madurez-y-juventud-se-funden-en-la-feria-taurina-de-san-mateo-en-la-ribera","status":"publish","type":"post","link":"https:\/\/www.europesays.com\/es\/139398\/","title":{"rendered":"Madurez y juventud se funden en la feria taurina de San Mateo en La Ribera"},"content":{"rendered":"<p><a class=\"v-mdl-ath__fig-a\" href=\"https:\/\/www.larioja.com\/autor\/isabel-virumbrales-6333.html\" title=\"Isabel Virumbrales\" rel=\"nofollow noopener\" target=\"_blank\"><br \/>\n<img decoding=\"async\" class=\"v-mdl-ath__img\" src=\"https:\/\/www.europesays.com\/es\/wp-content\/uploads\/2025\/09\/autor-6333-foto-1.jpeg\" alt=\"Isabel Virumbrales\"\/><br \/>\n<\/a><\/p>\n<p class=\"v-mdl-ath__p v-mdl-ath__p--6\">\nViernes, 26 de septiembre 2025, 07:15<\/p>\n<p class=\"v-p\">La Feria Taurina de <a href=\"https:\/\/www.larioja.com\/logrono\/san-mateo\/\" target=\"_blank\" data-voc-vtm-id=\"in-text-traffic\" title=\"San Mateo\" data-mrf-link=\"www.larioja.com\" rel=\"nofollow noopener\">San Mateo<\/a> se ha quedado corta. Cuatro festejos no bastan para saciar la sed de toros del aficionado logro\u00f1\u00e9s que, en los \u00faltimos a\u00f1os, espera recuperar el festejo que la pandemia se llev\u00f3 por delante. A pesar de que los festejos de abono han llegado a su fin, esta tarde -a las 18.00 horas y con entrada libre- se celebrar\u00e1 el &#8216;Bols\u00edn Taurino Ciudad de Logro\u00f1o&#8217;, con la participaci\u00f3n de los riojanos Aar\u00f3n Navas y Javier Fern\u00e1ndez.<\/p>\n<p class=\"v-p\">La primera tarde, el d\u00eda de San Mateo, fue una clara apuesta por la juventud, y respondi\u00f3 con creces. El cartel reuni\u00f3 a tres toreros j\u00f3venes con conceptos distintos: por un lado, la tauromaquia bulliciosa y vibrante de Diego San Rom\u00e1n, que cort\u00f3 una oreja a cada uno de sus toros; por otro, el clasicismo de Fabio Jim\u00e9nez, cuyo concepto conecta con el aficionado. Y cerr\u00f3 el triunvirato Aar\u00f3n Palacio, que hizo gala de entrega, ambici\u00f3n y hambre de triunfo, lo que le vali\u00f3 para abrir la puerta grande con el encierro de Fuente Ymbro.<\/p>\n<p>\nLa feria de San Mateo se ha quedado corta; cuatro festejos no bastan para saciar la sed de toros del aficionado logro\u00f1\u00e9s\n<\/p>\n<p class=\"v-p\">El lunes, segunda de abono, se vivi\u00f3 el esperado debut de Diego Ventura en Logro\u00f1o, que termin\u00f3 con su salida a hombros. De aquella tarde cabe subrayar tambi\u00e9n dos actuaciones de m\u00e9rito: la de Sergio Gal\u00e1n, con una tauromaquia sobria y muy cl\u00e1sica; y el esfuerzo de Guillermo Hermoso de Mendoza, que reapareci\u00f3 en el coso riojano tras recuperarse de un corte en una mano.<\/p>\n<p class=\"v-p\">El martes se vivi\u00f3, quiz\u00e1, el momento m\u00e1s redondo de la feria. El mano a mano entre Diego Urdiales y Aar\u00f3n Palacio no fue algo previsto: surgi\u00f3 tras las bajas de Pablo Aguado y Andr\u00e9s Roca Rey, esta \u00faltima comunicada la misma ma\u00f1ana del festejo. Sin embargo, el duelo result\u00f3 un acierto. Al t\u00e9rmino de la corrida de N\u00fa\u00f1ez del Cuvillo\u2014con un notable sexto toro y el buen hacer de las cuadrillas\u2013, nadie echaba de menos la combinaci\u00f3n original. La tarde fue un verdadero choque de conceptos. La madurez, el poso y la profundidad de Urdiales frente a la frescura, ambici\u00f3n y descaro de Palacio. El de Arnedo firm\u00f3 tres faenas a tres toros muy distintos, unidas por el hilo conductor de la pureza, el temple y el alma. Cort\u00f3 tres orejas: dos del primero y una del quinto, que bien pudo haber sido doble trofeo. Palacio, por su parte, firm\u00f3 tambi\u00e9n una tarde rotunda. Cort\u00f3 tres orejas y se encontr\u00f3 con el mejor toro del encierro, el sexto, al que desorej\u00f3, saliendo a hombros junto a Urdiales.<\/p>\n<p class=\"v-p\">La feria se cerr\u00f3 el mi\u00e9rcoles con un cartel de relumbr\u00f3n. Morante de la Puebla dej\u00f3 destellos de su personal\u00edsima tauromaquia, aunque el p\u00fablico se qued\u00f3 con ganas de m\u00e1s. Talavante se mostr\u00f3 voluntarioso y dispuesto durante toda la tarde, pero no estuvo acertado con la tizona. Cerr\u00f3 la terna Borja Jim\u00e9nez, que pase\u00f3 dos trofeos del que cerraba plaza, algo generosos, y logr\u00f3 abrir la puerta grande.<\/p>\n<p>Comenta<\/p>\n<p>Reporta un error<\/p>\n","protected":false},"excerpt":{"rendered":"Viernes, 26 de septiembre 2025, 07:15 La Feria Taurina de San Mateo se ha quedado corta. Cuatro festejos&hellip;\n","protected":false},"author":2,"featured_media":139399,"comment_status":"","ping_status":"","sticky":false,"template":"","format":"standard","meta":{"footnotes":""},"categories":[277],"tags":[373,168,25,24,43643,6850,11012,8531,23,167,374],"class_list":{"0":"post-139398","1":"post","2":"type-post","3":"status-publish","4":"format-standard","5":"has-post-thumbnail","7":"category-toreo","8":"tag-bullfighting","9":"tag-deportes","10":"tag-es","11":"tag-espana","12":"tag-funden","13":"tag-juventud","14":"tag-madurez","15":"tag-ribera","16":"tag-spain","17":"tag-sports","18":"tag-toreo"},"share_on_mastodon":{"url":"","error":""},"_links":{"self":[{"href":"https:\/\/www.europesays.com\/es\/wp-json\/wp\/v2\/posts\/139398","targetHints":{"allow":["GET"]}}],"collection":[{"href":"https:\/\/www.europesays.com\/es\/wp-json\/wp\/v2\/posts"}],"about":[{"href":"https:\/\/www.europesays.com\/es\/wp-json\/wp\/v2\/types\/post"}],"author":[{"embeddable":true,"href":"https:\/\/www.europesays.com\/es\/wp-json\/wp\/v2\/users\/2"}],"replies":[{"embeddable":true,"href":"https:\/\/www.europesays.com\/es\/wp-json\/wp\/v2\/comments?post=139398"}],"version-history":[{"count":0,"href":"https:\/\/www.europesays.com\/es\/wp-json\/wp\/v2\/posts\/139398\/revisions"}],"wp:featuredmedia":[{"embeddable":true,"href":"https:\/\/www.europesays.com\/es\/wp-json\/wp\/v2\/media\/139399"}],"wp:attachment":[{"href":"https:\/\/www.europesays.com\/es\/wp-json\/wp\/v2\/media?parent=139398"}],"wp:term":[{"taxonomy":"category","embeddable":true,"href":"https:\/\/www.europesays.com\/es\/wp-json\/wp\/v2\/categories?post=139398"},{"taxonomy":"post_tag","embeddable":true,"href":"https:\/\/www.europesays.com\/es\/wp-json\/wp\/v2\/tags?post=139398"}],"curies":[{"name":"wp","href":"https:\/\/api.w.org\/{rel}","templated":true}]}}