{"id":139412,"date":"2025-09-26T05:51:16","date_gmt":"2025-09-26T05:51:16","guid":{"rendered":"https:\/\/www.europesays.com\/es\/139412\/"},"modified":"2025-09-26T05:51:16","modified_gmt":"2025-09-26T05:51:16","slug":"la-uer-convoca-una-asamblea-extraordinaria-para-votar-la-participacion-de-israel-en-eurovision","status":"publish","type":"post","link":"https:\/\/www.europesays.com\/es\/139412\/","title":{"rendered":"La UER convoca una asamblea extraordinaria para votar la participaci\u00f3n de Israel en Eurovisi\u00f3n"},"content":{"rendered":"<p class=\"article-text\">\n        La <strong>Uni\u00f3n Europea de Radiodifusi\u00f3n (UER),<\/strong> organizadora del Festival de Eurovisi\u00f3n, anunci\u00f3 este jueves que ha convocado una<strong> asamblea extraordinaria<\/strong> en noviembre para que las televisiones p\u00fablicas que la componen <strong>voten si Israel participa o no<\/strong> en la edici\u00f3n de 2026, ante la oposici\u00f3n de varios miembros, entre ellos <a href=\"https:\/\/www.infolibre.es\/politica\/rtve-confirma-espana-retirara-eurovision-si-israel-participa_1_2063680.html\" target=\"_blank\" class=\"link\" rel=\"nofollow noopener\">la espa\u00f1ola RTVE, <\/a>debido a la ofensiva israel\u00ed en Gaza.\n    <\/p>\n<p class=\"article-text\">\n        La asamblea de noviembre se convoca tras observarse que en el seno de la UER hay \u00abuna divisi\u00f3n de opiniones sin precedentes\u00bb con respecto a <strong>la participaci\u00f3n de KAN, la radiotelevisi\u00f3n p\u00fablica israel\u00ed,<\/strong> indic\u00f3 la presidenta de la organizaci\u00f3n, Delphine Ernotte-Cunci, en un comunicado.\n    <\/p>\n<p class=\"article-text\">\n        \u00abDado que la organizaci\u00f3n nunca hab\u00eda antes afrontado una situaci\u00f3n de tanta divisi\u00f3n, la directiva ha acordado que la cuesti\u00f3n merece una <strong>base ampliamente democr\u00e1tica<\/strong> a la hora de tomar una decisi\u00f3n, en la que todos los miembros tengan voz\u00bb, se\u00f1al\u00f3 la tambi\u00e9n directora del ente p\u00fablico France T\u00e9l\u00e9visions.\u00a0\n    <\/p>\n<p class=\"article-text\">\n        La participaci\u00f3n o no de Israel ser\u00e1 el<strong> \u00fanico tema en la agenda<\/strong> de la asamblea.\n    <\/p>\n<p class=\"article-text\">\n        Hasta ahora el comit\u00e9 directivo del festival sosten\u00eda que <strong>no se tomar\u00eda una decisi\u00f3n<\/strong> sobre la participaci\u00f3n israel\u00ed <strong>hasta diciembre,<\/strong> cuando finaliza el plazo de las televisiones para confirmar sus participaciones.\n    <\/p>\n<p><a href=\"https:\/\/www.infolibre.es\/politica\/rtve-confirma-espana-retirara-eurovision-si-israel-participa_1_2063680.html\" class=\"news-know-more partner-vertical-tablet-desktop\" data-dl-event=\"select_content\" data-dl-params=\"{&quot;content_type&quot;:&quot;ver_mas&quot;,&quot;im_link_page_name&quot;:&quot;articulo\\\/politica\\\/2063680&quot;,&quot;im_link_text&quot;:&quot;RTVE confirma que Espa\\u00f1a se retirar\\u00e1 de Eurovisi\\u00f3n si Israel participa&quot;}\" rel=\"nofollow noopener\" target=\"_blank\"><\/p>\n<p>            <img decoding=\"async\" class=\"lazy\" src=\"data:image\/svg+xml,%3Csvg xmlns=\" http:=\"\" viewbox=\"0 0 1200 675\" alt=\"RTVE confirma que Espa\u00f1a se retirar\u00e1 de Eurovisi\u00f3n si Israel participa\"\/><\/p>\n<p>RTVE confirma que Espa\u00f1a se retirar\u00e1 de Eurovisi\u00f3n si Israel participa<\/p>\n<p>Ver m\u00e1s<\/p>\n<p><\/a><\/p>\n<p class=\"article-text\">\n        Las televisiones p\u00fablicas de pa\u00edses como <strong>Irlanda, Eslovenia, Pa\u00edses Bajos o Espa\u00f1a<\/strong> han expresado p\u00fablicamente su intenci\u00f3n de no participar en la edici\u00f3n del festival de Eurovisi\u00f3n de 2026 si lo hace Israel.\n    <\/p>\n<p class=\"article-text\">\n        Espa\u00f1a es el \u00fanico pa\u00eds de momento en adoptar tal decisi\u00f3n de los que integran el llamado <strong>&#8216;Big Five<\/strong>&#8216;, que engloba a los cinco miembros que aportan mayores contribuciones a la UER, siendo los otros cuatro Italia, Francia, Reino Unido y Alemania.\n    <\/p>\n<p class=\"article-text\">\n        <strong>Israel qued\u00f3 segunda <\/strong>en la edici\u00f3n de este a\u00f1o y quinta en la de 2024, adem\u00e1s de ser<a href=\"https:\/\/www.infolibre.es\/internacional\/moroccanoil-israel-sera-gran-ganador-eurovision-quede-quede_1_2064650.html\" target=\"_blank\" class=\"link\" rel=\"nofollow noopener\"> el pa\u00eds m\u00e1s votado<\/a> por el p\u00fablico en las dos ocasiones.\n    <\/p>\n","protected":false},"excerpt":{"rendered":"La Uni\u00f3n Europea de Radiodifusi\u00f3n (UER), organizadora del Festival de Eurovisi\u00f3n, anunci\u00f3 este jueves que ha convocado una&hellip;\n","protected":false},"author":2,"featured_media":139413,"comment_status":"","ping_status":"","sticky":false,"template":"","format":"standard","meta":{"footnotes":""},"categories":[171],"tags":[19345,14208,146,147,25,24,24121,20515,74,2599,23,214,25165,6410],"class_list":{"0":"post-139412","1":"post","2":"type-post","3":"status-publish","4":"format-standard","5":"has-post-thumbnail","7":"category-tv","8":"tag-asamblea","9":"tag-convoca","10":"tag-entertainment","11":"tag-entretenimiento","12":"tag-es","13":"tag-espana","14":"tag-eurovision","15":"tag-extraordinaria","16":"tag-israel","17":"tag-participacion","18":"tag-spain","19":"tag-tv","20":"tag-uer","21":"tag-votar"},"share_on_mastodon":{"url":"","error":""},"_links":{"self":[{"href":"https:\/\/www.europesays.com\/es\/wp-json\/wp\/v2\/posts\/139412","targetHints":{"allow":["GET"]}}],"collection":[{"href":"https:\/\/www.europesays.com\/es\/wp-json\/wp\/v2\/posts"}],"about":[{"href":"https:\/\/www.europesays.com\/es\/wp-json\/wp\/v2\/types\/post"}],"author":[{"embeddable":true,"href":"https:\/\/www.europesays.com\/es\/wp-json\/wp\/v2\/users\/2"}],"replies":[{"embeddable":true,"href":"https:\/\/www.europesays.com\/es\/wp-json\/wp\/v2\/comments?post=139412"}],"version-history":[{"count":0,"href":"https:\/\/www.europesays.com\/es\/wp-json\/wp\/v2\/posts\/139412\/revisions"}],"wp:featuredmedia":[{"embeddable":true,"href":"https:\/\/www.europesays.com\/es\/wp-json\/wp\/v2\/media\/139413"}],"wp:attachment":[{"href":"https:\/\/www.europesays.com\/es\/wp-json\/wp\/v2\/media?parent=139412"}],"wp:term":[{"taxonomy":"category","embeddable":true,"href":"https:\/\/www.europesays.com\/es\/wp-json\/wp\/v2\/categories?post=139412"},{"taxonomy":"post_tag","embeddable":true,"href":"https:\/\/www.europesays.com\/es\/wp-json\/wp\/v2\/tags?post=139412"}],"curies":[{"name":"wp","href":"https:\/\/api.w.org\/{rel}","templated":true}]}}