{"id":139414,"date":"2025-09-26T05:54:08","date_gmt":"2025-09-26T05:54:08","guid":{"rendered":"https:\/\/www.europesays.com\/es\/139414\/"},"modified":"2025-09-26T05:54:08","modified_gmt":"2025-09-26T05:54:08","slug":"aitana-bonmati-es-un-hecho-historico","status":"publish","type":"post","link":"https:\/\/www.europesays.com\/es\/139414\/","title":{"rendered":"Aitana Bonmat\u00ed: \u00abEs un hecho hist\u00f3rico\u00bb"},"content":{"rendered":"<p>El <strong>FC Barcelona<\/strong> ha organizado una atenci\u00f3n a los medios en el <strong>Gran Teatre del Liceu<\/strong> con la flamante ganadora del<strong> Bal\u00f3n de Oro<\/strong>: <strong>Aitana Bonmat\u00ed<\/strong>. Un escenario incomparable para festejar el tercer galard\u00f3n consecutivo de la 14 del Bar\u00e7a. Un hito que ninguna jugadora hab\u00eda conseguido hasta el momento.<\/p>\n<p>En esta atenci\u00f3n, la de Sant Pere de Ribes ha asegurado que est\u00e1 \u00abmuy contenta y orgullosa por el camino hecho hasta ahora\u00bb. \u00abPienso que es un hito hist\u00f3rico, que nunca se hab\u00eda conseguido\u00bb, ha destacado la centrocampista. Tambi\u00e9n ha querido agradecer a sus compa\u00f1eras: \u00abSin ellas y los staffs no ser\u00eda la jugadora que soy ni podr\u00eda haber conseguido nada de esto\u00bb.<\/p>\n","protected":false},"excerpt":{"rendered":"El FC Barcelona ha organizado una atenci\u00f3n a los medios en el Gran Teatre del Liceu con la&hellip;\n","protected":false},"author":2,"featured_media":139415,"comment_status":"","ping_status":"","sticky":false,"template":"","format":"standard","meta":{"footnotes":""},"categories":[93],"tags":[168,25,24,23,167,2288],"class_list":{"0":"post-139414","1":"post","2":"type-post","3":"status-publish","4":"format-standard","5":"has-post-thumbnail","7":"category-deportes","8":"tag-deportes","9":"tag-es","10":"tag-espana","11":"tag-spain","12":"tag-sports","13":"tag-text"},"share_on_mastodon":{"url":"","error":""},"_links":{"self":[{"href":"https:\/\/www.europesays.com\/es\/wp-json\/wp\/v2\/posts\/139414","targetHints":{"allow":["GET"]}}],"collection":[{"href":"https:\/\/www.europesays.com\/es\/wp-json\/wp\/v2\/posts"}],"about":[{"href":"https:\/\/www.europesays.com\/es\/wp-json\/wp\/v2\/types\/post"}],"author":[{"embeddable":true,"href":"https:\/\/www.europesays.com\/es\/wp-json\/wp\/v2\/users\/2"}],"replies":[{"embeddable":true,"href":"https:\/\/www.europesays.com\/es\/wp-json\/wp\/v2\/comments?post=139414"}],"version-history":[{"count":0,"href":"https:\/\/www.europesays.com\/es\/wp-json\/wp\/v2\/posts\/139414\/revisions"}],"wp:featuredmedia":[{"embeddable":true,"href":"https:\/\/www.europesays.com\/es\/wp-json\/wp\/v2\/media\/139415"}],"wp:attachment":[{"href":"https:\/\/www.europesays.com\/es\/wp-json\/wp\/v2\/media?parent=139414"}],"wp:term":[{"taxonomy":"category","embeddable":true,"href":"https:\/\/www.europesays.com\/es\/wp-json\/wp\/v2\/categories?post=139414"},{"taxonomy":"post_tag","embeddable":true,"href":"https:\/\/www.europesays.com\/es\/wp-json\/wp\/v2\/tags?post=139414"}],"curies":[{"name":"wp","href":"https:\/\/api.w.org\/{rel}","templated":true}]}}