{"id":139418,"date":"2025-09-26T05:56:08","date_gmt":"2025-09-26T05:56:08","guid":{"rendered":"https:\/\/www.europesays.com\/es\/139418\/"},"modified":"2025-09-26T05:56:08","modified_gmt":"2025-09-26T05:56:08","slug":"yo-para-el-fui-la-tipica-cosa-para-tachar-de-la-lista","status":"publish","type":"post","link":"https:\/\/www.europesays.com\/es\/139418\/","title":{"rendered":"\u00abYo para \u00e9l fui la t\u00edpica cosa para tachar de la lista\u00bb"},"content":{"rendered":"<p><img decoding=\"async\" class=\"voc-author__img\" src=\"https:\/\/s1.abcstatics.com\/comun\/2015\/img\/autor\/autor-1618-foto-8.jpeg\" alt=\"Roc\u00edo F. de Buj\u00e1n\"\/><\/p>\n<p>25\/09\/2025<br \/>\n<br \/><strong><br \/>\nActualizado 26\/09\/2025 a las 06:36h.<br \/>\n<\/strong><\/p>\n<p class=\"voc-p\" style=\"\"><strong>Lamine Yamal<\/strong> (18 a\u00f1os) se hizo famoso por convertirse en el goleador m\u00e1s joven de la historia de la Eurocopa. Adem\u00e1s, debut\u00f3 en el FC Barcelona y la selecci\u00f3n espa\u00f1ola con tan solo 15 y 16 a\u00f1os respectivamente. Sin embargo, las constantes pol\u00e9micas que protagoniza por su cuestionado ritmo de vida hacen que el joven se encuentre siempre en el punto de mira. <\/p>\n<p class=\"voc-p\" style=\"\">Mientras su juego en el campo sigue deslumbrando, la narrativa en torno a <a href=\"https:\/\/www.abc.es\/gente\/tierno-mensaje-nicki-nicole-lamine-yamal-tras-20250923102228-nt.html\" target=\"_self\" data-voc-vtm-id=\"in-text-traffic\" title=\"su figura comienza a caer en picado\" data-mrf-link=\"www.abc.es\" rel=\"nofollow noopener\">su figura comienza a caer en picado<\/a>. Durante los \u00faltimos meses, Yamal no ha dejado de acaparar titulares en la prensa, pero por motivos muy alejados a su trabajo profesional. <\/p>\n<p class=\"voc-p\" style=\"\">Adem\u00e1s de su cuestionable celebraci\u00f3n de la mayor\u00eda de edad, en la que el joven organiz\u00f3 una fiesta con m\u00e1s de 200 invitados con enanos para animar el cumplea\u00f1os, el futbolista se ha dejado ver este verano con streamers, influencers y artistas de fiesta. <\/p>\n<p class=\"voc-p\" style=\"\">Una de las m\u00e1s sonadas fueron sus vacaciones en Italia con <strong>F\u00e1tima V\u00e1zquez<\/strong>, una influencer 13 a\u00f1os mayor que \u00e9l. Aunque ninguno de los dos comparti\u00f3 im\u00e1genes juntos, varias publicaciones en sus respectivas cuentas mostraban instant\u00e1neas tomadas desde los mismos lugares y con id\u00e9nticas perspectivas, lo que hicieron saltar todas las alarmas sobre <a href=\"https:\/\/www.abc.es\/gente\/tierno-mensaje-nicki-nicole-lamine-yamal-tras-20250923102228-nt.html\" target=\"_self\" data-voc-vtm-id=\"in-text-traffic\" title=\"un posible romance\" data-mrf-link=\"www.abc.es\" rel=\"nofollow noopener\">un posible romance<\/a>. Viajaron en helic\u00f3ptero y en un exclusivo avi\u00f3n privado, se alojaron en un hotel de lujo con piscina y terraza con vistas a la puesta de sol. <\/p>\n<p class=\"voc-p\" style=\"\">Ahora, la creadora de contenido ha concedido una entrevista en el podcast &#8216;En todas las salsas&#8217; en la que habla sobre la relaci\u00f3n real que tuvo con el futbolista. \u00abYo no puedo negar lo innegable\u00bb, comenz\u00f3 diciendo la joven, asegurando que lo suyo fue de manera gradual, hasta que se filtraron sus fotos durante el viaje a Italia: \u00abFueron ocho meses realmente hablando, no es de la noche a la ma\u00f1ana, hay que tener un poco de sentido com\u00fan. A m\u00ed no me va a venir una persona, sea quien sea, a decirme &#8216;Ma\u00f1ana te vienes conmigo a Italia de vacaciones&#8217;. Yo estuve un tiempo hablando con esta persona, hubo un contacto previo, nos estuvimos conociendo y se dio el momento de conocernos cuando \u00e9l estuvo en esas vacaciones y estuvo solo\u00bb. \u00abCuando yo fui a Italia mi intenci\u00f3n era conocerle, ni me iba a casar con \u00e9l ni pensaba ser<strong> Georgina<\/strong>. Yo dije: &#8216;voy, voy a ver qu\u00e9 pasa, lo conozco, me lo paso bien y Dios dir\u00e1&#8217;\u00bb, confes\u00f3. <\/p>\n<p class=\"voc-p\" style=\"\">La primera vez que F\u00e1tima y Lamine hablaron fue cuando el deportista ten\u00eda tan s\u00f3lo 11 a\u00f1os. \u00abSupongo que \u00e9l era mi fan y creo que yo para \u00e9l fui la t\u00edpica cosa para tachar de la lista de cosas que hacer\u00bb, se sincer\u00f3 la influencer. Aunque \u00e9l nunca admiti\u00f3 ser su fan porque \u00absu ego no lo permitir\u00eda\u00bb, algo que no le gust\u00f3 a la joven, que piensa que no est\u00e1 \u00abbien asesorado\u00bb respecto a su humildad.<\/p>\n<p class=\"voc-p\" style=\"\">Sobre la relaci\u00f3n que mantiene el futbolista con la cantante <strong>Nicki Nicole<\/strong>, F\u00e1tima cree que <a href=\"https:\/\/www.abc.es\/gente\/tierno-mensaje-nicki-nicole-lamine-yamal-tras-20250923102228-nt.html\" target=\"_self\" data-voc-vtm-id=\"in-text-traffic\" title=\"\u00ab\u00e9l s\u00ed est\u00e1 muy pillado y ella no\u00bb\" data-mrf-link=\"www.abc.es\" rel=\"nofollow noopener\">\u00ab\u00e9l s\u00ed est\u00e1 muy pillado y ella no\u00bb<\/a>, adem\u00e1s \u00abha aprovechado el tir\u00f3n y va a estar con la que le d\u00e9 la gana\u00bb, sentenci\u00f3. <\/p>\n<p>Reportar un error<\/p>\n","protected":false},"excerpt":{"rendered":"25\/09\/2025 Actualizado 26\/09\/2025 a las 06:36h. Lamine Yamal (18 a\u00f1os) se hizo famoso por convertirse en el goleador&hellip;\n","protected":false},"author":2,"featured_media":139419,"comment_status":"","ping_status":"","sticky":false,"template":"","format":"standard","meta":{"footnotes":""},"categories":[91],"tags":[146,147,25,24,43644,4596,5764,11680,12182,1078,2657,57,23,26246,31237,5783,1079,14780],"class_list":{"0":"post-139418","1":"post","2":"type-post","3":"status-publish","4":"format-standard","5":"has-post-thumbnail","7":"category-entretenimiento","8":"tag-entertainment","9":"tag-entretenimiento","10":"tag-es","11":"tag-espana","12":"tag-fati","13":"tag-habla","14":"tag-influencer","15":"tag-lamine","16":"tag-lista","17":"tag-primera","18":"tag-romance","19":"tag-sobre","20":"tag-spain","21":"tag-tachar","22":"tag-tipica","23":"tag-vazquez","24":"tag-vez","25":"tag-yamal"},"share_on_mastodon":{"url":"","error":""},"_links":{"self":[{"href":"https:\/\/www.europesays.com\/es\/wp-json\/wp\/v2\/posts\/139418","targetHints":{"allow":["GET"]}}],"collection":[{"href":"https:\/\/www.europesays.com\/es\/wp-json\/wp\/v2\/posts"}],"about":[{"href":"https:\/\/www.europesays.com\/es\/wp-json\/wp\/v2\/types\/post"}],"author":[{"embeddable":true,"href":"https:\/\/www.europesays.com\/es\/wp-json\/wp\/v2\/users\/2"}],"replies":[{"embeddable":true,"href":"https:\/\/www.europesays.com\/es\/wp-json\/wp\/v2\/comments?post=139418"}],"version-history":[{"count":0,"href":"https:\/\/www.europesays.com\/es\/wp-json\/wp\/v2\/posts\/139418\/revisions"}],"wp:featuredmedia":[{"embeddable":true,"href":"https:\/\/www.europesays.com\/es\/wp-json\/wp\/v2\/media\/139419"}],"wp:attachment":[{"href":"https:\/\/www.europesays.com\/es\/wp-json\/wp\/v2\/media?parent=139418"}],"wp:term":[{"taxonomy":"category","embeddable":true,"href":"https:\/\/www.europesays.com\/es\/wp-json\/wp\/v2\/categories?post=139418"},{"taxonomy":"post_tag","embeddable":true,"href":"https:\/\/www.europesays.com\/es\/wp-json\/wp\/v2\/tags?post=139418"}],"curies":[{"name":"wp","href":"https:\/\/api.w.org\/{rel}","templated":true}]}}