{"id":139431,"date":"2025-09-26T06:05:08","date_gmt":"2025-09-26T06:05:08","guid":{"rendered":"https:\/\/www.europesays.com\/es\/139431\/"},"modified":"2025-09-26T06:05:08","modified_gmt":"2025-09-26T06:05:08","slug":"rahm-lidera-la-defensa-de-europa-ante-ee-uu-con-trump-en-el-campo","status":"publish","type":"post","link":"https:\/\/www.europesays.com\/es\/139431\/","title":{"rendered":"Rahm lidera la defensa de Europa ante EE.UU. con Trump en el campo"},"content":{"rendered":"<p style=\"\">Hoy da comienzo la 45.\u00aa edici\u00f3n de la Ryder Cup en el m\u00edtico recorrido Bethpage Black de Nueva York, escenario que se dispone a vivir tres jornadas de tensi\u00f3n dram\u00e1tica entre Europa y Estados Unidos. Tras la ceremonia inaugural adelantada y una jornada de  &#8230; pr\u00e1cticas marcada por la incertidumbre meteorol\u00f3gico, todos los focos apuntan hacia <a href=\"https:\/\/www.abc.es\/deportes\/rahm-golfista-tarjetas-inexplicables-20250818201712-nt.html\" target=\"_blank\" data-voc-vtm-id=\"in-text-traffic\" title=\"Jon Rahm\" rel=\"nofollow noopener\">Jon Rahm<\/a>, la gran figura espa\u00f1ola y columna del equipo europeo, cuya voz no ha dejado de escucharse hoy en Nueva York.<\/p>\n<p class=\"voc-p\" style=\"\"> \u00abEs un honor. Aunque sea mi cuarta vez, cada una es igual de especial. \u00a1Es tan divertido ser parte de este equipo; me honra tanto! Me llena de <a href=\"https:\/\/www.abc.es\/deportes\/liv-20250817195414-nt.html\" target=\"_blank\" data-voc-vtm-id=\"in-text-traffic\" title=\"tanto orgullo\" rel=\"nofollow noopener\">tanto orgullo<\/a> que ojal\u00e1 pueda seguir haci\u00e9ndolo muchos a\u00f1os\u00bb, declar\u00f3 el vizca\u00edno sabedor del peso que recae en sus hombros.<\/p>\n<p class=\"voc-p\" style=\"\">Europa llega como vigente campeona, tras la victoria contundente en Roma (16,5-11,5) hace dos a\u00f1os, por lo que con catorce puntos que sume lograr\u00e1 retener el trofeo. Se esperan decenas de miles de aficionados en las gradas, con fervor local, c\u00e1nticos, <strong>presi\u00f3n psicol\u00f3gica<\/strong> y espect\u00e1culos en la grada \u00e9picos en cada hoyo.<\/p>\n<p class=\"voc-p\" style=\"\"> Ya se habla de que los visitantes (europeos) deber\u00e1n soportar un &#8216;infierno&#8217; de p\u00fablico en favor de los locales,<a href=\"https:\/\/www.abc.es\/deportes\/luke-donald-entender-ryder-cup-actual-aportacion-20250922180643-nt.html\" target=\"_blank\" data-voc-vtm-id=\"in-text-traffic\" title=\" algo que Rahm\" rel=\"nofollow noopener\"> algo que Rahm<\/a> vive haciendo un s\u00edmil futbol\u00edstico: \u00abEsta es la \u00fanica semana que nos sentimos como figuras de f\u00fatbol; lo digo en t\u00e9rminos como cuando mi Athletic va a Anoeta, cuando Real Madrid va al Camp Nou o el Bar\u00e7a al Bernab\u00e9u. Tienen esa lucha, sintiendo al p\u00fablico en contra. Y como jugadores de golf, en un deporte individual, no se suele vivir algo as\u00ed\u00bb, describi\u00f3 emocionado Jon.<\/p>\n<p class=\"voc-p\" style=\"\">La presencia anunciada del presidente <strong>Donald Trump<\/strong> durante la competici\u00f3n ha elevado las medidas de seguridad al m\u00e1ximo nivel, con cierres temporales de zonas comunes y horarios de apertura muy tempranos para evitar aglomeraciones.<\/p>\n<p class=\"voc-p\" style=\"\"> La Ryder Cup es el <strong>tercer acontecimiento deportivo<\/strong> m\u00e1s seguido en el mundo (solo por detr\u00e1s de los Juegos Ol\u00edmpicos y el Mundial de f\u00fatbol) y se pretende evitar a toda costa que pueda darse alg\u00fan altercado que implique a la figura de Trump.<\/p>\n<p class=\"voc-p\" style=\"\">El jugador vasco, \u00fanico espa\u00f1ol en las filas de Luke Donald, es consciente de su papel de l\u00edder y est\u00e1 dispuesto a dar el espect\u00e1culo que demanda el exigente p\u00fablico neoyorquino. \u00abLos seguidores son sumamente creativos; ya les he escuchado proferirme comentarios <strong>sobre &#8216;Ozempic&#8217;<\/strong> (<a href=\"https:\/\/www.abc.es\/deportes\/abci-secreto-rahm-y-barriga-202204062239_noticia.html\" target=\"_blank\" data-voc-vtm-id=\"in-text-traffic\" title=\"f\u00e1rmaco para adelgazar\" rel=\"nofollow noopener\">f\u00e1rmaco para adelgazar<\/a>), pero lo que tengo que hacer es desplegar mi mejor juego, porque es un p\u00fablico entendido que respeta al rival de calidad\u00bb, manifest\u00f3 Jon sereno.<\/p>\n<p class=\"voc-p\" style=\"\">Mientras los norteamericanos juegan la baza de tener al p\u00fablico local entregado, los europeos se muestran m\u00e1s unidos que nunca. El hecho de repetir a once de los doce jugadores de la edici\u00f3n romana les convierte en una autentica pi\u00f1a, hecho que aprovecha el capit\u00e1n para rodearles de detalles emotivos que incrementan la camarader\u00eda. <strong>Un pijama de la Ryder<\/strong> es uno de los obsequios m\u00e1s apreciados por los componentes, lo que es una muestra de que el apego por esta competici\u00f3n no es precisamente econ\u00f3mico. <\/p>\n<p class=\"voc-p\" style=\"\">Esta ocasi\u00f3n es la primera vez en la historia que el equipo norteamericano va a cobrar por acudir a la cita. Cada componente del equipo m\u00e1s su capit\u00e1n recibir\u00e1n la cifra de medio mill\u00f3n de d\u00f3lares (<strong>430.000 euros<\/strong>), de los cuales 300.000 los tendr\u00e1n que destinar a obras de caridad, mientras que se embolsar\u00e1n los 200.000 restantes. Hasta 2023 recib\u00edan 200.000 d\u00f3lares que deb\u00edan destinar a ONG. Cuando en Roma se le pregunt\u00f3 a Jon Rahm si \u00e9l cree que deber\u00edan cobrar por acudir a la Ryder representando a Europa, su respuesta fue rotunda: \u00abYo, pagar\u00eda por asistir\u00bb. Nada que a\u00f1adir.<\/p>\n","protected":false},"excerpt":{"rendered":"Hoy da comienzo la 45.\u00aa edici\u00f3n de la Ryder Cup en el m\u00edtico recorrido Bethpage Black de Nueva&hellip;\n","protected":false},"author":2,"featured_media":139432,"comment_status":"","ping_status":"","sticky":false,"template":"","format":"standard","meta":{"footnotes":""},"categories":[275],"tags":[1575,5716,1616,168,115,25,24,700,329,2289,330,23,167,936],"class_list":{"0":"post-139431","1":"post","2":"type-post","3":"status-publish","4":"format-standard","5":"has-post-thumbnail","7":"category-golf","8":"tag-ante","9":"tag-campo","10":"tag-defensa","11":"tag-deportes","12":"tag-eeuu","13":"tag-es","14":"tag-espana","15":"tag-europa","16":"tag-golf","17":"tag-lidera","18":"tag-rahm","19":"tag-spain","20":"tag-sports","21":"tag-trump"},"share_on_mastodon":{"url":"","error":""},"_links":{"self":[{"href":"https:\/\/www.europesays.com\/es\/wp-json\/wp\/v2\/posts\/139431","targetHints":{"allow":["GET"]}}],"collection":[{"href":"https:\/\/www.europesays.com\/es\/wp-json\/wp\/v2\/posts"}],"about":[{"href":"https:\/\/www.europesays.com\/es\/wp-json\/wp\/v2\/types\/post"}],"author":[{"embeddable":true,"href":"https:\/\/www.europesays.com\/es\/wp-json\/wp\/v2\/users\/2"}],"replies":[{"embeddable":true,"href":"https:\/\/www.europesays.com\/es\/wp-json\/wp\/v2\/comments?post=139431"}],"version-history":[{"count":0,"href":"https:\/\/www.europesays.com\/es\/wp-json\/wp\/v2\/posts\/139431\/revisions"}],"wp:featuredmedia":[{"embeddable":true,"href":"https:\/\/www.europesays.com\/es\/wp-json\/wp\/v2\/media\/139432"}],"wp:attachment":[{"href":"https:\/\/www.europesays.com\/es\/wp-json\/wp\/v2\/media?parent=139431"}],"wp:term":[{"taxonomy":"category","embeddable":true,"href":"https:\/\/www.europesays.com\/es\/wp-json\/wp\/v2\/categories?post=139431"},{"taxonomy":"post_tag","embeddable":true,"href":"https:\/\/www.europesays.com\/es\/wp-json\/wp\/v2\/tags?post=139431"}],"curies":[{"name":"wp","href":"https:\/\/api.w.org\/{rel}","templated":true}]}}