{"id":139439,"date":"2025-09-26T06:12:08","date_gmt":"2025-09-26T06:12:08","guid":{"rendered":"https:\/\/www.europesays.com\/es\/139439\/"},"modified":"2025-09-26T06:12:08","modified_gmt":"2025-09-26T06:12:08","slug":"las-tres-casas-de-la-semana-el-arquitecto-frances-erik-morvan-vende-por-8-millones-una-propiedad-flexible-y-vanguardista-en-barcelona-negocios","status":"publish","type":"post","link":"https:\/\/www.europesays.com\/es\/139439\/","title":{"rendered":"Las tres casas de la semana: el arquitecto franc\u00e9s Erik Morvan vende por 8 millones una propiedad flexible y vanguardista en Barcelona | Negocios"},"content":{"rendered":"<p>De antigua bodega a residencia innovadora <\/p>\n<p class=\"\">El arquitecto franc\u00e9s Erik Morvan convirti\u00f3 las hist\u00f3ricas bodegas Montroy, en Barcelona, en una vivienda de lujo, que ahora vende por ocho millones de euros. Este espacio vanguardista e inteligente es una casa, pero tambi\u00e9n es un lugar para trabajar o hacer exposiciones.<\/p>\n<p class=\"\">La propiedad, ubicada en el barrio de Poblenou, la zona sur del Distrito 22@, es un equilibrio de ladrillo, vidrio, metal y madera, ya que respet\u00f3 la estructura industrial original mezcl\u00e1ndola con elementos modernos. Su dise\u00f1o y decoraci\u00f3n son rompedoras y la luz natural que entra a trav\u00e9s de las terrazas, ventanas y tragaluces inunda todo el espacio. <\/p>\n<p class=\"\">Cada detalle de sus m\u00e1s de 1.108 metros cuadrados y sus cuatro niveles, comunicados mediante un ascensor, ha sido cuidadosamente considerado. Alberga cinco dormitorios y cinco ba\u00f1os, algunas de las cuales son suites para invitados, adem\u00e1s de la principal. Tiene piscina climatizada, jacuzzi hecho a partir de una antigua barrica de vino, terrazas y diferentes \u00e1reas de relajaci\u00f3n. En el s\u00f3tano se conserva el esp\u00edritu de la bodega con un espacio de catas.<\/p>\n<p class=\"\">El inmueble tambi\u00e9n cuenta con un taller, aparcamiento para cinco coches y un cuarto de servicio. La propiedad est\u00e1 ubicada a unos 150 metros de la playa, explican en Sotheby\u2019s International Realty.<\/p>\n<ul>\n<li>Situaci\u00f3n: Barcelona<\/li>\n<li>Superficie: parcela de 510 metros cuadrados y 1.483 construidos<\/li>\n<li>Estado: bueno<\/li>\n<li>Precio: 8 millones de euros<\/li>\n<li>Tel\u00e9fono: 919 04 19 29<\/li>\n<\/ul>\n<p>Vol\u00famenes y techos altos en Palmanova <\/p>\n<p class=\"\">Ubicada en una de las zonas m\u00e1s codiciadas del suroeste de Mallorca, en el municipio de Calvi\u00e1, Villa Palmanova es el resultado de amplios vol\u00famenes, techos altos y espacios luminosos. Cuenta con cinco dormitorios dobles con ba\u00f1o incorporado, cocina equipada, sal\u00f3n-comedor con vistas y aparcamiento. Adem\u00e1s, hay un apartamento independiente con un dormitorio. El exterior destaca por el jard\u00edn y una piscina de 12 metros con jacuzzi. El unifamiliar est\u00e1 a unos minutos a pie de las playas de arena y a unos 15 minutos de Palma, indican en Lucas Fox. <\/p>\n<ul>\n<li>Situaci\u00f3n: Palmanova (Mallorca)<\/li>\n<li>Superficie: parcela de 1.942 metros cuadrados y 751 construidos<\/li>\n<li>Estado: bueno<\/li>\n<li>Precio: 4,7 millones de euros<\/li>\n<li>Tel\u00e9fono: 871 18 10 63 <\/li>\n<\/ul>\n<p>A estrenar y rodeada de un campo de golf<\/p>\n<p class=\"\">En el dise\u00f1o de este unifamiliar marbell\u00ed de obra nueva y vistas a un campo de golf y al mar Mediterr\u00e1neo ha primado la distribuci\u00f3n funcional. La casa est\u00e1 conformada por un dormitorio, un sal\u00f3n-cocina-comedor, una terraza cubierta y un ba\u00f1o en la planta baja; y cuatro dormitorios, el principal en suite, tres ba\u00f1os y otra terraza en la primera planta. La propiedad forma parte del proyecto Soul Marbella, el complejo que rodea el campo de golf de Santa Clara, a unos pocos minutos del centro de Marbella, en plena Costa del Sol, indican en Aedas Homes. <\/p>\n<ul>\n<li>Situaci\u00f3n: Marbella<\/li>\n<li>Superficie: parcela de 377 metros cuadrados y 336 metros construidos<\/li>\n<li>Estado: obra nueva<\/li>\n<li>Precio: 1,9 millones de euros<\/li>\n<li>Tel\u00e9fono: 651 08 88 29 <\/li>\n<\/ul>\n","protected":false},"excerpt":{"rendered":"De antigua bodega a residencia innovadora El arquitecto franc\u00e9s Erik Morvan convirti\u00f3 las hist\u00f3ricas bodegas Montroy, en Barcelona,&hellip;\n","protected":false},"author":2,"featured_media":139440,"comment_status":"","ping_status":"","sticky":false,"template":"","format":"standard","meta":{"footnotes":""},"categories":[173],"tags":[3739,229,233,231,230,40733,232,234,95,146,147,25,24,7181,1531,3634,2733,23],"class_list":{"0":"post-139439","1":"post","2":"type-post","3":"status-publish","4":"format-standard","5":"has-post-thumbnail","7":"category-arte-y-diseno","8":"tag-arquitectos","9":"tag-arte","10":"tag-arte-y-diseno","11":"tag-arts","12":"tag-arts-and-design","13":"tag-casas-singulares","14":"tag-design","15":"tag-diseno","16":"tag-economia","17":"tag-entertainment","18":"tag-entretenimiento","19":"tag-es","20":"tag-espana","21":"tag-estilo-vida","22":"tag-lujo","23":"tag-mercado-inmobiliario","24":"tag-negocios","25":"tag-spain"},"share_on_mastodon":{"url":"","error":""},"_links":{"self":[{"href":"https:\/\/www.europesays.com\/es\/wp-json\/wp\/v2\/posts\/139439","targetHints":{"allow":["GET"]}}],"collection":[{"href":"https:\/\/www.europesays.com\/es\/wp-json\/wp\/v2\/posts"}],"about":[{"href":"https:\/\/www.europesays.com\/es\/wp-json\/wp\/v2\/types\/post"}],"author":[{"embeddable":true,"href":"https:\/\/www.europesays.com\/es\/wp-json\/wp\/v2\/users\/2"}],"replies":[{"embeddable":true,"href":"https:\/\/www.europesays.com\/es\/wp-json\/wp\/v2\/comments?post=139439"}],"version-history":[{"count":0,"href":"https:\/\/www.europesays.com\/es\/wp-json\/wp\/v2\/posts\/139439\/revisions"}],"wp:featuredmedia":[{"embeddable":true,"href":"https:\/\/www.europesays.com\/es\/wp-json\/wp\/v2\/media\/139440"}],"wp:attachment":[{"href":"https:\/\/www.europesays.com\/es\/wp-json\/wp\/v2\/media?parent=139439"}],"wp:term":[{"taxonomy":"category","embeddable":true,"href":"https:\/\/www.europesays.com\/es\/wp-json\/wp\/v2\/categories?post=139439"},{"taxonomy":"post_tag","embeddable":true,"href":"https:\/\/www.europesays.com\/es\/wp-json\/wp\/v2\/tags?post=139439"}],"curies":[{"name":"wp","href":"https:\/\/api.w.org\/{rel}","templated":true}]}}