{"id":139445,"date":"2025-09-26T06:15:09","date_gmt":"2025-09-26T06:15:09","guid":{"rendered":"https:\/\/www.europesays.com\/es\/139445\/"},"modified":"2025-09-26T06:15:09","modified_gmt":"2025-09-26T06:15:09","slug":"asi-es-como-se-entero-ed-sheeran-de-la-boda-de-de-su-amiga","status":"publish","type":"post","link":"https:\/\/www.europesays.com\/es\/139445\/","title":{"rendered":"as\u00ed es c\u00f3mo se enter\u00f3 Ed Sheeran de la boda de de su amiga"},"content":{"rendered":"<p>La cantante <b>Taylor Swift<\/b> y el m\u00fasico <a href=\"https:\/\/www.huffingtonpost.es\/life\/cultura\/si-ed-sheeran-felicitado-fiestas-pueblo-murcia-hay-razon-detras.html\" title=\"S\u00ed, Ed Sheeran ha felicitado las fiestas de un pueblo de Murcia, pero hay una raz\u00f3n detr\u00e1s\" rel=\"nofollow noopener\" target=\"_blank\">Ed Sheeran<\/a> llevan m\u00e1s de una d\u00e9cada cultivando una de esas amistades que parecen estar blindadas contra el tiempo y las giras infinitas. Se conocieron en 2012, cuando el brit\u00e1nico ejerci\u00f3 de telonero en el Red Tour\u00a0y, desde ese d\u00eda, no han parado de cruzar sus caminos. Primero en el\u00a0Everything Has Changed; cinco a\u00f1os m\u00e1s tarde,\u00a0se reunieron por\u00a0End Game y, m\u00e1s tarde, en la grabaci\u00f3n de Red (Taylor\u2019s Version).\u00a0El remix de The Joker and the Queen, en el que volvieron a llamar a los ni\u00f1os que hab\u00edan protagonizado el videoclip que grabaron en 2013, en un gui\u00f1o nost\u00e1lgico digno de un \u00e1lbum familiar, ha sido de las pocas ocasiones en las que se han vuelto a ver las caras.<\/p>\n<p>En esa primera etapa de sus carreras, Ed Sheeran y Taylor Swift viv\u00edan casi en simbiosis, como Jorge Berrocal y Marina en la primera edici\u00f3n de Gran Hermano. \u00abDurante unos seis meses, pas\u00e9 casi todos los d\u00edas con ella\u00bb, record\u00f3 el cantante irland\u00e9s en el podcast Call Her Daddy, aludiendo a la cantidad de vuelos a los que sub\u00edan el uno y la otra, a las largas charlas que manten\u00edan,\u00a0hasta <a href=\"https:\/\/www.huffingtonpost.es\/life\/influencers-celebrities\/ed-sheeran-mudara-eeuu-polemicas-declaraciones-sobre-inglaterra.html\" title=\"Ed Sheeran se mudar\u00e1 a EEUU tras sus pol\u00e9micas declaraciones sobre Inglaterra\" rel=\"nofollow noopener\" target=\"_blank\">la temporada en la que convivieron en Nashville<\/a>. Ahora, son dos estrellas y apenas consiguen coincidir cuatro veces al a\u00f1o. Pero cuando lo hacen, la quedada se convierte en una marat\u00f3n de seis horas. Una terapia de amistad deluxe, como \u00e9l mismo la defini\u00f3 en otra entrevista.<\/p>\n<p>La amistad que mantienen ambos, tuvo su reflejo tambi\u00e9n, no pod\u00eda ser de otra forma, en el Eras Tour, la <a href=\"https:\/\/www.huffingtonpost.es\/life\/cultura\/el-delirio-colectivo-taylor-swift-explota-madrid-13nos-espera.html\" title=\"El delirio colectivo de Taylor Swift explota en Madrid tras 13 a\u00f1os de espera\" rel=\"nofollow noopener\" target=\"_blank\">rentable gira con la que Taylor Swift<\/a> ha dado la vuelta al mundo repasando los grandes \u00e9xitos de su corta carrera y en agosto del a\u00f1o pasado, <a href=\"https:\/\/www.huffingtonpost.es\/life\/influencers-celebrities\/ed-sheeran-comparte-experiencia-madrid-comentario-le-isabel-diaz-ayuso-deja-nadie-indiferente.html\" title=\"Ed Sheeran comparte su experiencia en Madrid y el comentario que le hace Isabel D\u00edaz Ayuso no deja a nadie indiferente\" rel=\"nofollow noopener\" target=\"_blank\">Ed Sheeran fue uno de los artistas sorpresa <\/a>que compartieron escenario con la cantante de Pensilvania.\u00a0No era la primera vez que se encontraban en p\u00fablico, pero s\u00ed la que m\u00e1s comentarios ha generado entre los fans, que llevan a\u00f1os celebrando cada colaboraci\u00f3n como si fuera Reyes.<\/p>\n<p>Con este historial, cualquiera podr\u00eda pensar que Ed Sheeran estar\u00eda en la primera fila para recibir noticias importantes. Y, sin embargo, cuando Andy Cohen le pregunt\u00f3 en SiriusXM c\u00f3mo se hab\u00eda enterado del <a href=\"https:\/\/www.huffingtonpost.es\/life\/influencers-celebrities\/taylor-swift-anuncia-compromiso-travis-kelce.html\" title=\"Taylor Swift anuncia su compromiso con Travis Kelce\" rel=\"nofollow noopener\" target=\"_blank\">compromiso entre Taylor Swift con Travis Kelce<\/a>, la respuesta fue tan inesperada como anticlim\u00e1tica. \u00abInstagram\u00bb, solt\u00f3 el m\u00fasico brit\u00e1nico de 34 a\u00f1os.\u00a0 \u201c\u00bfInstagram?\u201d, volvieron a preguntarle. \u201cS\u00ed, como todo el mundo\u201d, remat\u00f3 el cantante, que adem\u00e1s admiti\u00f3 no haber recibido ninguna pista sobre la fecha de la boda.<\/p>\n<p>En palabras de People, lo que parec\u00eda una amistad con pase VIP entre Taylor Swift y Ed Sheeran ha resultado ser una suscripci\u00f3n gratuita sin exclusiva. Ni WhatsApp, ni llamada, ni un triste DM. \u00danicamente Instagram, entre un meme malo y trag\u00e1ndose mil stories.<\/p>\n","protected":false},"excerpt":{"rendered":"La cantante Taylor Swift y el m\u00fasico Ed Sheeran llevan m\u00e1s de una d\u00e9cada cultivando una de esas&hellip;\n","protected":false},"author":2,"featured_media":139446,"comment_status":"","ping_status":"","sticky":false,"template":"","format":"standard","meta":{"footnotes":""},"categories":[170],"tags":[43647,43646,3067,146,147,25,24,256,4536,184,185,4444,23,3945,1283,4619],"class_list":{"0":"post-139445","1":"post","2":"type-post","3":"status-publish","4":"format-standard","5":"has-post-thumbnail","7":"category-musica","8":"tag-boda-taylor-swift-travis-kelce","9":"tag-compromiso-taylor-swift","10":"tag-ed-sheeran","11":"tag-entertainment","12":"tag-entretenimiento","13":"tag-es","14":"tag-espana","15":"tag-famosos","16":"tag-instagram","17":"tag-music","18":"tag-musica","19":"tag-people","20":"tag-spain","21":"tag-taylor-swift","22":"tag-travis-kelce","23":"tag-viral"},"share_on_mastodon":{"url":"","error":""},"_links":{"self":[{"href":"https:\/\/www.europesays.com\/es\/wp-json\/wp\/v2\/posts\/139445","targetHints":{"allow":["GET"]}}],"collection":[{"href":"https:\/\/www.europesays.com\/es\/wp-json\/wp\/v2\/posts"}],"about":[{"href":"https:\/\/www.europesays.com\/es\/wp-json\/wp\/v2\/types\/post"}],"author":[{"embeddable":true,"href":"https:\/\/www.europesays.com\/es\/wp-json\/wp\/v2\/users\/2"}],"replies":[{"embeddable":true,"href":"https:\/\/www.europesays.com\/es\/wp-json\/wp\/v2\/comments?post=139445"}],"version-history":[{"count":0,"href":"https:\/\/www.europesays.com\/es\/wp-json\/wp\/v2\/posts\/139445\/revisions"}],"wp:featuredmedia":[{"embeddable":true,"href":"https:\/\/www.europesays.com\/es\/wp-json\/wp\/v2\/media\/139446"}],"wp:attachment":[{"href":"https:\/\/www.europesays.com\/es\/wp-json\/wp\/v2\/media?parent=139445"}],"wp:term":[{"taxonomy":"category","embeddable":true,"href":"https:\/\/www.europesays.com\/es\/wp-json\/wp\/v2\/categories?post=139445"},{"taxonomy":"post_tag","embeddable":true,"href":"https:\/\/www.europesays.com\/es\/wp-json\/wp\/v2\/tags?post=139445"}],"curies":[{"name":"wp","href":"https:\/\/api.w.org\/{rel}","templated":true}]}}