{"id":139461,"date":"2025-09-26T06:23:20","date_gmt":"2025-09-26T06:23:20","guid":{"rendered":"https:\/\/www.europesays.com\/es\/139461\/"},"modified":"2025-09-26T06:23:20","modified_gmt":"2025-09-26T06:23:20","slug":"el-juez-manda-a-la-uco-los-correos-de-gomez-y-su-asesora-con-el-vicerrector-de-la-ucm","status":"publish","type":"post","link":"https:\/\/www.europesays.com\/es\/139461\/","title":{"rendered":"El juez manda a la UCO los correos de G\u00f3mez y su asesora con el vicerrector de la UCM"},"content":{"rendered":"<p>S\u00f3lo un d\u00eda despu\u00e9s de conocerse que <strong><a href=\"https:\/\/theobjective.com\/etiqueta\/begona-gomez\/\" rel=\"nofollow noopener\" target=\"_blank\">Bego\u00f1a G\u00f3mez<\/a><\/strong>, esposa del presidente del Gobierno<a href=\"https:\/\/theobjective.com\/etiqueta\/pedro-sanchez\/\" rel=\"nofollow noopener\" target=\"_blank\"> Pedro S\u00e1nchez<\/a>, ser\u00e1 juzgada por un <a href=\"https:\/\/theobjective.com\/espana\/tribunales\/2025-09-24\/juez-peinado-juicio-begona-gomez-malversacion\/\" rel=\"nofollow noopener\" target=\"_blank\">jurado popular<\/a> por un presunto delito de malversaci\u00f3n p\u00fablica, el juez instructor de su caso ha solicitado a la <strong><a href=\"https:\/\/theobjective.com\/etiqueta\/uco\/\" rel=\"nofollow noopener\" target=\"_blank\">UCO<\/a><\/strong> nuevas diligencias sobre la <strong>creaci\u00f3n de una c\u00e1tedra<\/strong> para ella en la Universidad Complutense de Madrid. Por ello,<strong> Juan Carlos Peinado<\/strong> pide a la <a href=\"https:\/\/theobjective.com\/etiqueta\/guardia-civil\/\" rel=\"nofollow noopener\" target=\"_blank\">Guardia Civil<\/a> que elabore un informe analizando los correos electr\u00f3nicos intercambiados por G\u00f3mez y su ayudante de Moncloa, Cristina \u00c1lvarez, con el exvicerrector de Relaciones Institucionales de la<a href=\"https:\/\/theobjective.com\/etiqueta\/universidad-complutense-de-madrid\/\" rel=\"nofollow noopener\" target=\"_blank\"> Universidad Complutense <\/a>de Madrid (UCM), <strong>Juan Carlos Doadrio,<\/strong> hombre clave en la creaci\u00f3n de esa c\u00e1tedra de <strong>Transformaci\u00f3n Social Competitiva<\/strong> (TSC). Doadrio ya ha confesado que fue el rector del centro quien le orden\u00f3 crear ese puesto para Bego\u00f1a G\u00f3mez.<\/p>\n<p>En el auto de este jueves, Peinado anuncia que \u00abvisto el estado de las presentes actuaciones, h\u00e1gase entrega de los archivos digitales con los correos electr\u00f3nicos aportados por el Sr. Doadrio a la UCO a fin de que proceda al an\u00e1lisis de los mismos y emita el correspondiente informe, al que se adjuntar\u00e1n los archivos de los correos que guardan relaci\u00f3n con la causa, para su entrega a las partes una vez eliminados los que tengan contenido personal que deba ser protegido para garantizar el derecho a la imagen de las partes, conforme tiene acordado la Audiencia Provincial de Madrid en el RAP 385\/2025 ha resuelto en su auto de fecha 13 de mayo de 2025, los cuales no obstante podr\u00e1n ser consultados en Secretar\u00eda una vez emitido el informe\u00bb.<\/p>\n<p>Adem\u00e1s, reclama a la UCO analizar la \u00abdocumentaci\u00f3n aportada por la UCM respecto del convenio de creaci\u00f3n de la c\u00e1tedra TSC y adendas al mismo\u00bb. Tambi\u00e9n pide a la Complutense que aporte un escrito dando cuenta del \u00abrequerimiento realizado a la sociedad Deloitte Consulting con el fin de conocer todos los detalles relacionados con el resultado del contrato adjudicado consecuencia del proceso abierto simplificado y que se firm\u00f3 el 14 de noviembre de 2023 y documentos adjuntos al mismo y la contestaci\u00f3n al mismo\u00bb.<\/p>\n<p>En dicha providencia, el juez Peinado se remite a la UCO la ampliaci\u00f3n de la querella de Hazte O\u00edr por el caso de la apropiaci\u00f3n indebida del software y la documentaci\u00f3n de la <strong>Universidad Complutense de Madrid <\/strong>sobre la c\u00e1tedra que codirigi\u00f3 Bego\u00f1a G\u00f3mez<\/p>\n<p>En este sentido, Peinado investiga tras una querella de <strong>Hazte O\u00edr<\/strong> si la esposa de Pedro S\u00e1nchez se apropi\u00f3 de la herramienta digital destinada a peque\u00f1as y medianas empresas, que se pag\u00f3 con fondos p\u00fablicos de la Complutense. A trav\u00e9s de una de sus empresas, la esposa del presidente del Gobierno comenz\u00f3 m\u00e1s tarde a ofrecer de forma gratuita un software similar al que se desarroll\u00f3 para su c\u00e1tedra en la Complutense. La intenci\u00f3n era asesorar a compa\u00f1\u00edas en criterios de sostenibilidad social y ecol\u00f3gica.<\/p>\n<p>\u00abUna c\u00e1tedra para Bego\u00f1a\u00bb<\/p>\n<p>El exvicerrector de Relaciones Institucionales de la Universidad Complutense de Madrid (UCM), Juan Carlos Doadrio, afirm\u00f3 el pasado mes de febrero que el rector, Joaqu\u00edn Goyache, le mand\u00f3 crear \u00abuna c\u00e1tedra para Bego\u00f1a G\u00f3mez\u00bb. \u00abMe dijo textualmente: \u201cTenemos que crear una c\u00e1tedra para Bego\u00f1a G\u00f3mez, la mujer del presidente; \u00bftienes alg\u00fan inconveniente?\u201d\u00bb, declar\u00f3 Doadrio en su comparecencia ante la comisi\u00f3n de investigaci\u00f3n de la Asamblea de Madrid dedicada a los programas de G\u00f3mez en la UCM.<\/p>\n<p>El exvicerrector agreg\u00f3 que respondi\u00f3 a Goyache que no ten\u00eda problema \u00absi los documentos estaban bien\u00bb y que, en efecto, la aprobaci\u00f3n de la c\u00e1tedra extraordinaria que codirigi\u00f3 Bego\u00f1a G\u00f3mez, \u00abadministrativamente, fue regular\u00bb, si bien no lo fue \u00aben las formas\u00bb.<\/p>\n<p>Doadrio ya hab\u00eda declarado en dos ocasiones como testigo ante el juez Juan Carlos Peinado, que investigaba a G\u00f3mez desde abril de 2024 por los presuntos delitos de tr\u00e1fico de influencias y corrupci\u00f3n en los negocios, a los que sum\u00f3 en octubre los de intrusismo y apropiaci\u00f3n indebida en relaci\u00f3n con la creaci\u00f3n e inscripci\u00f3n del software de su c\u00e1tedra.<\/p>\n<p>Ante un jurado popular<\/p>\n<p>Bego\u00f1a G\u00f3mez\u00a0se enfrentar\u00eda a un horizonte de tinieblas si su causa por\u00a0<a href=\"https:\/\/theobjective.com\/etiqueta\/malversacion\/\" rel=\"nofollow noopener\" target=\"_blank\">malversaci\u00f3n<\/a>\u00a0llega a juicio. La \u00faltima palabra la tendr\u00e1 la\u00a0<a href=\"https:\/\/theobjective.com\/etiqueta\/audiencia-provincial-de-madrid\/\" rel=\"nofollow noopener\" target=\"_blank\">Audiencia Provincial de Madrid<\/a>. Sin embargo, el juez Juan Carlos Peinado ya ha decidido que, en caso afirmativo,\u00a0<a href=\"https:\/\/theobjective.com\/espana\/tribunales\/2025-09-24\/juez-peinado-juicio-begona-gomez-malversacion\/\" rel=\"nofollow noopener\" target=\"_blank\">sea juzgada por un tribunal popular<\/a>. La f\u00f3rmula no es in\u00e9dita en nuestro pa\u00eds, pero s\u00ed poco habitual.\u00a0<strong>Los jurados populares existen en Espa\u00f1a desde 1995<\/strong>, cuando el Congreso aprob\u00f3 la\u00a0<a href=\"https:\/\/www.boe.es\/buscar\/act.php?id=BOE-A-1995-12095\" target=\"_blank\" rel=\"noreferrer noopener nofollow\">Ley Org\u00e1nica del Tribunal Jurado<\/a>\u00a0con el apoyo de PSOE, IU y los partidos nacionalistas. El PP se abstuvo y solo varios diputados del Grupo Mixto votaron en contra. Desde entonces hasta el a\u00f1o pasado, \u00faltimo ejercicio con datos,\u00a0<strong>el 89,9% de las sentencias han sido condenatorias<\/strong>.<\/p>\n<p><strong>Peinado comunicar\u00e1 este s\u00e1bado su decisi\u00f3n a Bego\u00f1a G\u00f3mez<\/strong>; su asesora en Moncloa, Cristina \u00c1lvarez; y\u00a0<a href=\"https:\/\/mpt.gob.es\/delegaciones_gobierno\/delegaciones\/madrid\/delegado.html\" target=\"_blank\" rel=\"noreferrer noopener nofollow\">al delegado del Gobierno en Madrid, Francisco Mart\u00edn<\/a>. Los tres est\u00e1n imputados por la\u00a0<a href=\"https:\/\/theobjective.com\/espana\/tribunales\/2025-03-11\/juez-malversacion-contrato-asesora-gomez\/\" rel=\"nofollow noopener\" target=\"_blank\">pieza separada que abri\u00f3 el magistrado el 10 de marzo<\/a>\u00a0para indagar en\u00a0<strong>la contrataci\u00f3n de la asistent<\/strong>e. El juez entiende que realiz\u00f3 tareas privadas a favor de la esposa de\u00a0<a href=\"https:\/\/theobjective.com\/etiqueta\/pedro-sanchez\/\" rel=\"nofollow noopener\" target=\"_blank\">Pedro S\u00e1nchez<\/a>, como confirman sus\u00a0emails\u00a0con un vicerrector de la Universidad Complutense y\u00a0<a href=\"https:\/\/theobjective.com\/espana\/tribunales\/2025-02-28\/asesora-moncloa-colaboradora-begona-gomez\/\" rel=\"nofollow noopener\" target=\"_blank\">una de las empresas que patrocin\u00f3 la c\u00e1tedra de su jefa<\/a>. La mujer del presidente del Gobierno\u00a0<strong>tambi\u00e9n est\u00e1 siendo investigada por otros cuatro delitos.<\/strong><\/p>\n","protected":false},"excerpt":{"rendered":"S\u00f3lo un d\u00eda despu\u00e9s de conocerse que Bego\u00f1a G\u00f3mez, esposa del presidente del Gobierno Pedro S\u00e1nchez, ser\u00e1 juzgada&hellip;\n","protected":false},"author":2,"featured_media":139462,"comment_status":"","ping_status":"","sticky":false,"template":"","format":"standard","meta":{"footnotes":""},"categories":[8],"tags":[12575,17,18,25,24,13,14,11,19,20,9,10,15,16,5966,23,12,21,22],"class_list":{"0":"post-139461","1":"post","2":"type-post","3":"status-publish","4":"format-standard","5":"has-post-thumbnail","7":"category-espana","8":"tag-begou00f1a-gu00f3mez","9":"tag-breaking-news","10":"tag-breakingnews","11":"tag-es","12":"tag-espana","13":"tag-featured-news","14":"tag-featurednews","15":"tag-headlines","16":"tag-latest-news","17":"tag-latestnews","18":"tag-news","19":"tag-noticias","20":"tag-noticias-destacadas","21":"tag-noticiasdestacadas","22":"tag-pedro-su00e1nchez","23":"tag-spain","24":"tag-titulares","25":"tag-ultimas-noticias","26":"tag-ultimasnoticias"},"share_on_mastodon":{"url":"","error":""},"_links":{"self":[{"href":"https:\/\/www.europesays.com\/es\/wp-json\/wp\/v2\/posts\/139461","targetHints":{"allow":["GET"]}}],"collection":[{"href":"https:\/\/www.europesays.com\/es\/wp-json\/wp\/v2\/posts"}],"about":[{"href":"https:\/\/www.europesays.com\/es\/wp-json\/wp\/v2\/types\/post"}],"author":[{"embeddable":true,"href":"https:\/\/www.europesays.com\/es\/wp-json\/wp\/v2\/users\/2"}],"replies":[{"embeddable":true,"href":"https:\/\/www.europesays.com\/es\/wp-json\/wp\/v2\/comments?post=139461"}],"version-history":[{"count":0,"href":"https:\/\/www.europesays.com\/es\/wp-json\/wp\/v2\/posts\/139461\/revisions"}],"wp:featuredmedia":[{"embeddable":true,"href":"https:\/\/www.europesays.com\/es\/wp-json\/wp\/v2\/media\/139462"}],"wp:attachment":[{"href":"https:\/\/www.europesays.com\/es\/wp-json\/wp\/v2\/media?parent=139461"}],"wp:term":[{"taxonomy":"category","embeddable":true,"href":"https:\/\/www.europesays.com\/es\/wp-json\/wp\/v2\/categories?post=139461"},{"taxonomy":"post_tag","embeddable":true,"href":"https:\/\/www.europesays.com\/es\/wp-json\/wp\/v2\/tags?post=139461"}],"curies":[{"name":"wp","href":"https:\/\/api.w.org\/{rel}","templated":true}]}}