{"id":139477,"date":"2025-09-26T06:35:10","date_gmt":"2025-09-26T06:35:10","guid":{"rendered":"https:\/\/www.europesays.com\/es\/139477\/"},"modified":"2025-09-26T06:35:10","modified_gmt":"2025-09-26T06:35:10","slug":"un-nuevo-espacio-para-aprender-arte","status":"publish","type":"post","link":"https:\/\/www.europesays.com\/es\/139477\/","title":{"rendered":"Un nuevo espacio para aprender arte"},"content":{"rendered":"<p>Toledo y el arte, matrimonio indivisible, tienen desde hoy un nuevo espacio de cohabitaci\u00f3n. Ayer se presentaba ante un reducido c\u00edrculo de conocidos el nuevo Centro de Arte de Toledo, situado en el paseo de la Rosa n\u00famero 142, justo antes de la gasolinera. Se trata de una academia de arte figurativo, organizada por los artistas Lidia Ruano y Enrique Donoso, donde la idea es ense\u00f1ar las t\u00e9cnicas en todos los niveles, desde los m\u00e1s b\u00e1sicos, a los m\u00e1s avanzados. Esta tarde, ser\u00e1 una segunda presentaci\u00f3n a los medios y la sociedad en general en el Museo Crom\u00e1tica, del Casco hist\u00f3rico.<\/p>\n<p>El\u00a0 Centro de Arte de Toledo es un centro dedicado a la ense\u00f1anza, explica Ruano, sobre todo en clases regulares de dibujo y pintura desde nivel cero y en principio desde los diez a\u00f1os de edad. Ser\u00e1n clases reducidas, como mucho, de cinco o seis personas. Aunque, m\u00e1s all\u00e1, tambi\u00e9n contar\u00e1 con artistas que ofrecer\u00e1n cursos intensivos, como uno de grabado, acuarela o pintura figurativa y charlas con artistas reconocidos sobre sus procedimiento de trabajo.<\/p>\n<p>Inicio de la actividad. Tras la presentaci\u00f3n de esta tarde en el Crom\u00e1tica, el fin de semana en el Centro de Arte de Toledo ser\u00e1 de puertas abiertas. Se mostrar\u00e1n sus instalaciones ma\u00f1ana s\u00e1bado de once a dos de la ma\u00f1ana y de seis a nueve de la tarde, y el domingo tan solo en horario de tarde. Ruano destaca que tanto ella como Donoso tienen all\u00ed sus estudios y una peque\u00f1a muestra de sus obras, y los visitantes podr\u00e1n conocer tanto las instalaciones de la academia, como los espacios en los que ellos trabajan y sus maneras de hacerlo \u00abque no suele ser muy habitual\u00bb. Tambi\u00e9n podr\u00e1n los visitantes dialogar con los artistas y plantearles sus dudas.<\/p>\n<p>M\u00e1s fotos:<img decoding=\"async\" loading=\"lazy\" src=\"https:\/\/www.europesays.com\/es\/wp-content\/uploads\/2025\/09\/22AF4E88-8D65-4431-85E96529D5C109AC.JPG\" alt=\"Un nuevo espacio para aprender arte\" border=\"0\"\/>Un nuevo espacio para aprender arte<img decoding=\"async\" loading=\"lazy\" src=\"https:\/\/www.europesays.com\/es\/wp-content\/uploads\/2025\/09\/70F5B371-4DFF-4F90-A33D8530A39808E5.JPG\" alt=\"Un nuevo espacio para aprender arte\" border=\"0\"\/>Un nuevo espacio para aprender arte<br \/>Despu\u00e9s, las clases comenzar\u00e1n ya la pr\u00f3xima semana. Ya hay alumnos apuntados para el mes de octubre y la academia comenzar\u00e1 entonces sus ense\u00f1anzas.\u00a0<\/p>\n","protected":false},"excerpt":{"rendered":"Toledo y el arte, matrimonio indivisible, tienen desde hoy un nuevo espacio de cohabitaci\u00f3n. Ayer se presentaba ante&hellip;\n","protected":false},"author":2,"featured_media":139478,"comment_status":"","ping_status":"","sticky":false,"template":"","format":"standard","meta":{"footnotes":""},"categories":[173],"tags":[229,233,231,230,43650,232,234,146,147,25,24,6019,43649,23,1952],"class_list":{"0":"post-139477","1":"post","2":"type-post","3":"status-publish","4":"format-standard","5":"has-post-thumbnail","7":"category-arte-y-diseno","8":"tag-arte","9":"tag-arte-y-diseno","10":"tag-arts","11":"tag-arts-and-design","12":"tag-casco-historico-de-toledo","13":"tag-design","14":"tag-diseno","15":"tag-entertainment","16":"tag-entretenimiento","17":"tag-es","18":"tag-espana","19":"tag-matrimonio","20":"tag-paseo-de-la-rosa","21":"tag-spain","22":"tag-toledo"},"share_on_mastodon":{"url":"","error":""},"_links":{"self":[{"href":"https:\/\/www.europesays.com\/es\/wp-json\/wp\/v2\/posts\/139477","targetHints":{"allow":["GET"]}}],"collection":[{"href":"https:\/\/www.europesays.com\/es\/wp-json\/wp\/v2\/posts"}],"about":[{"href":"https:\/\/www.europesays.com\/es\/wp-json\/wp\/v2\/types\/post"}],"author":[{"embeddable":true,"href":"https:\/\/www.europesays.com\/es\/wp-json\/wp\/v2\/users\/2"}],"replies":[{"embeddable":true,"href":"https:\/\/www.europesays.com\/es\/wp-json\/wp\/v2\/comments?post=139477"}],"version-history":[{"count":0,"href":"https:\/\/www.europesays.com\/es\/wp-json\/wp\/v2\/posts\/139477\/revisions"}],"wp:featuredmedia":[{"embeddable":true,"href":"https:\/\/www.europesays.com\/es\/wp-json\/wp\/v2\/media\/139478"}],"wp:attachment":[{"href":"https:\/\/www.europesays.com\/es\/wp-json\/wp\/v2\/media?parent=139477"}],"wp:term":[{"taxonomy":"category","embeddable":true,"href":"https:\/\/www.europesays.com\/es\/wp-json\/wp\/v2\/categories?post=139477"},{"taxonomy":"post_tag","embeddable":true,"href":"https:\/\/www.europesays.com\/es\/wp-json\/wp\/v2\/tags?post=139477"}],"curies":[{"name":"wp","href":"https:\/\/api.w.org\/{rel}","templated":true}]}}