{"id":139479,"date":"2025-09-26T06:36:08","date_gmt":"2025-09-26T06:36:08","guid":{"rendered":"https:\/\/www.europesays.com\/es\/139479\/"},"modified":"2025-09-26T06:36:08","modified_gmt":"2025-09-26T06:36:08","slug":"tu-patrimonio-es-el-amor-y-la-mierda-de-los-que-amas","status":"publish","type":"post","link":"https:\/\/www.europesays.com\/es\/139479\/","title":{"rendered":"Tu patrimonio es el amor y la mierda de los que amas"},"content":{"rendered":"<ul class=\"cultural-card-content\">\n<li>Traducci\u00f3n: David Cusc\u00f3<\/li>\n<li> Editorial Fl\u00e2neur<\/li>\n<li> 240 p\u00e1ginas<\/li>\n<li> 20,90 euros<\/li>\n<\/ul>\n<p>Ver a los padres c\u00f3mo envejecen, como poco a poco se van derrumbando y haciendo vulnerables, como son aplastados por el peso de una roca cada vez m\u00e1s enorme de achaques y dolencias, debe ser una de las experiencias m\u00e1s bestias que puede vivir un individuo durante la segunda mitad de su vida: porque te confirma la fragilidad de todo, porque ves sufrir y sentirte mismo te acerca hacia una vulnerabilidad y una desaparici\u00f3n cada vez m\u00e1s cercanas. Esto es as\u00ed, claro, s\u00f3lo en las familias en las que los padres han cumplido con su deber como padres y en las que los hijos ejercen de hijos. Es el caso de Herman Roth, jud\u00edo de Newark, hijo de inmigrantes, viudo, vendedor de seguros jubilado, y de su hijo Philip, escritor.<\/p>\n<p>\u00a1Y qu\u00e9 escritor! Philip Roth fue \u2013que la frase suene como un lugar com\u00fan publicitario no la hace menos exacta\u2013 uno de los mayores novelistas de la literatura norteamericana del siglo XX, que es como decir de la literatura mundial del siglo XX. Tambi\u00e9n es uno de los que se tom\u00f3 (concibi\u00f3) su obra literaria de una forma m\u00e1s intensa y radicalmente personal. La materia prima de las novelas de Philip Roth fueron su experiencia individual \u2013su condici\u00f3n de jud\u00edo militantemente americanizado, su relaci\u00f3n fan\u00e1tica con la escritura, su pasi\u00f3n por las mujeres\u2013 y los hechos de la historia moderna de EEUU \u2013antisemitismo, guerra fr\u00eda, Vietnam, contracultura, neopuritanismo moralista de los a\u00f1os 90\u2013.<\/p>\n<p>A Patrimoni, una especie de memorias centradas en los \u00faltimos a\u00f1os de vida de su padre, todo esto tambi\u00e9n est\u00e1 ah\u00ed. Pero lo que sobre todo hay, m\u00e1s intensificada que nunca, es la concepci\u00f3n que Roth ten\u00eda de la literatura como la expresi\u00f3n descarnadamente personal de un individuo y de su visi\u00f3n del mundo, de su sentido de la moral, de su lugar en la sociedad y la historia, de su sentido de comunidad, de sus v\u00ednculos con los dem\u00e1s y de su doble capacidad para nada solo, nada solo, s\u00f3lo para recordarse, que a la vez recordar. \u00abPara nuestra familia, los vivos y los muertos\u00bb: es la dedicatoria que encabeza el libro y ya nos da el tono, el temple existencial y la precisa y desnuda potencia que lo recorren de cabo a rabo.<\/p>\n<p>    Un ejercicio literario y humano majestuoso<\/p>\n<p>Publicado originariamente en 1991, justo antes de que Roth iniciara una de las rachas creativas m\u00e1s formidables jam\u00e1s vistas en un novelista (Operaci\u00f3n Shylock, de 1993, El teatro de Sabbath, de 1995, La pastoral americana, de 1997, Me cas\u00e9 con un comunista, de 1998, y La mancha del hombre, de 2000), Patrimoni es un ejercicio literario y humano majestuoso, donde conviven la impudicia y la ternura, la devoci\u00f3n y el horror, los afectos y la fisiolog\u00eda, la lealtad dirigida de un hijo dispuesto a hacer lo que le corresponde y el desconcierto de un padre que cada vez puede hacer menos cosas, la recreaci\u00f3n evocadora de un proceso pleno y evocador de un pasado terminal. Con una prosa din\u00e1mica y musculosa, atravesada de ideas morales y de una sensorialidad viv\u00edsima, Roth narra la enfermedad y el dolor de su padre (un tumor cerebral masivo) con una crudeza sin concesiones, pero tambi\u00e9n con una vitalidad que casi logra hacer la muerte inconcebible.<\/p>\n<p>La sorpresa imprevista y horripilante de los primeros s\u00edntomas, el diagn\u00f3stico pesimista, las regulares visitas al m\u00e9dico, la gesti\u00f3n mental y an\u00edmica de la novedad, la adaptaci\u00f3n progresiva a la nueva situaci\u00f3n, los estragos de la enfermedad&#8230; Todo esto es lo que Roth relata, pero \u00e9sta es s\u00f3lo la superficie m\u00e9dica del asunto. Cada escena, desde una conversaci\u00f3n telef\u00f3nica banal sobre b\u00e9isbol entre padre e hijo hasta las idas al cementerio a visitar la tumba de la madre muerta, pasando por la operaci\u00f3n de limpieza del lavabo despu\u00e9s de que el padre (que ya no ve) le haya dejado lleno de mierda, se elevan hasta convertirse en monumentos de hombre. No me parece exagerado afirmar que Patrimoni es la obra maestra de un escritor colosal que aqu\u00ed pone todo su talento al servicio, no tanto de la ambici\u00f3n literaria, sino de la voluntad de explicar a todo el mundo que su padre era un buen hombre y que \u00e9l \u2013el escritor libre y escandaloso, el hombre pol\u00e9mico e insaciable\u2013 se ha esforzado siempre por ser un buen hijo.<\/p>\n","protected":false},"excerpt":{"rendered":"Traducci\u00f3n: David Cusc\u00f3 Editorial Fl\u00e2neur 240 p\u00e1ginas 20,90 euros Ver a los padres c\u00f3mo envejecen, como poco a&hellip;\n","protected":false},"author":2,"featured_media":139480,"comment_status":"","ping_status":"","sticky":false,"template":"","format":"standard","meta":{"footnotes":""},"categories":[172],"tags":[1733,224,146,147,25,24,225,31113,1397,33444,23],"class_list":{"0":"post-139479","1":"post","2":"type-post","3":"status-publish","4":"format-standard","5":"has-post-thumbnail","7":"category-libros","8":"tag-amor","9":"tag-books","10":"tag-entertainment","11":"tag-entretenimiento","12":"tag-es","13":"tag-espana","14":"tag-libros","15":"tag-mierda","16":"tag-patrimonio","17":"tag-quieres","18":"tag-spain"},"share_on_mastodon":{"url":"","error":""},"_links":{"self":[{"href":"https:\/\/www.europesays.com\/es\/wp-json\/wp\/v2\/posts\/139479","targetHints":{"allow":["GET"]}}],"collection":[{"href":"https:\/\/www.europesays.com\/es\/wp-json\/wp\/v2\/posts"}],"about":[{"href":"https:\/\/www.europesays.com\/es\/wp-json\/wp\/v2\/types\/post"}],"author":[{"embeddable":true,"href":"https:\/\/www.europesays.com\/es\/wp-json\/wp\/v2\/users\/2"}],"replies":[{"embeddable":true,"href":"https:\/\/www.europesays.com\/es\/wp-json\/wp\/v2\/comments?post=139479"}],"version-history":[{"count":0,"href":"https:\/\/www.europesays.com\/es\/wp-json\/wp\/v2\/posts\/139479\/revisions"}],"wp:featuredmedia":[{"embeddable":true,"href":"https:\/\/www.europesays.com\/es\/wp-json\/wp\/v2\/media\/139480"}],"wp:attachment":[{"href":"https:\/\/www.europesays.com\/es\/wp-json\/wp\/v2\/media?parent=139479"}],"wp:term":[{"taxonomy":"category","embeddable":true,"href":"https:\/\/www.europesays.com\/es\/wp-json\/wp\/v2\/categories?post=139479"},{"taxonomy":"post_tag","embeddable":true,"href":"https:\/\/www.europesays.com\/es\/wp-json\/wp\/v2\/tags?post=139479"}],"curies":[{"name":"wp","href":"https:\/\/api.w.org\/{rel}","templated":true}]}}