{"id":139483,"date":"2025-09-26T06:38:16","date_gmt":"2025-09-26T06:38:16","guid":{"rendered":"https:\/\/www.europesays.com\/es\/139483\/"},"modified":"2025-09-26T06:38:16","modified_gmt":"2025-09-26T06:38:16","slug":"el-rapero-fedez-tilda-a-sinner-de-italiano-purasangre-con-el-acento-de-hitler","status":"publish","type":"post","link":"https:\/\/www.europesays.com\/es\/139483\/","title":{"rendered":"El rapero Fedez tilda a Sinner de \u00abitaliano purasangre con el acento de Hitler\u00bb"},"content":{"rendered":"<p class=\"ft-text\">L\u00edo de los gordos en Italia despu\u00e9s de que el rapero <strong>Fedez<\/strong>, uno de los artistas m\u00e1s escuchados del pa\u00eds <strong>(3,4 millones de oyentes mensuales en Spotify<\/strong>), desvelara una estrofa de su pr\u00f3xima canci\u00f3n en la que tacha de <strong>\u201cun italiano de pura cepa con el acento de Adolf Hitler\u00bb<\/strong> a <strong>Jannik Sinner. <\/strong><\/p>\n<p class=\"ft-text\">Un verso que ha despertado la indignaci\u00f3n en todo el pa\u00eds y que incluso ha hecho que <strong>Giuseppe Martucci,<\/strong> concejal de la ciudad de Bolzano, haya denunciado al cantante por \u201cincitaci\u00f3n al odio y propaganda con connotaciones raciales, \u00e9tnicas, nacionales o religiosas\u201d.<\/p>\n<p class=\"ft-text\"><strong>\u201cSent\u00ed el deber de actuar en defensa de los valores fundamentales de nuestra Constituci\u00f3n<\/strong>. No podemos permitir que un lenguaje que evoca racismo y odio se normalice desde figuras p\u00fablicas\u201d, declar\u00f3 a medios italianos.<\/p>\n<p class=\"ft-text\">La fuerte reacci\u00f3n ha hecho que el propio Fedez haya salido al paso pidiendo disculpa, admitiendo que \u00a0<strong>\u201csi una rima no se entiende, la culpa es de quien la escribe\u00bb. <\/strong>Pese a ello, su mensaje no ha logrado frenar el aluvi\u00f3n de cr\u00edticas.<\/p>\n<p class=\"ft-text\">El rapero no solo escribi\u00f3 versos sobre el tenista italiano, sino tambi\u00e9n sobre la pol\u00edtica<strong> Elly Schlein, Carlo Acutis o al activista estadounidense Charlie Kirk<\/strong>, asesinado el 10 de septiembre, seg\u00fan desvel\u00f3 \u00e9l mismo con una foto de sus notas en sus redes sociales.<\/p>\n","protected":false},"excerpt":{"rendered":"L\u00edo de los gordos en Italia despu\u00e9s de que el rapero Fedez, uno de los artistas m\u00e1s escuchados&hellip;\n","protected":false},"author":2,"featured_media":139484,"comment_status":"","ping_status":"","sticky":false,"template":"","format":"standard","meta":{"footnotes":""},"categories":[170],"tags":[146,147,25,24,27524,184,185,4466,23],"class_list":{"0":"post-139483","1":"post","2":"type-post","3":"status-publish","4":"format-standard","5":"has-post-thumbnail","7":"category-musica","8":"tag-entertainment","9":"tag-entretenimiento","10":"tag-es","11":"tag-espana","12":"tag-fedez","13":"tag-music","14":"tag-musica","15":"tag-sinner","16":"tag-spain"},"share_on_mastodon":{"url":"","error":""},"_links":{"self":[{"href":"https:\/\/www.europesays.com\/es\/wp-json\/wp\/v2\/posts\/139483","targetHints":{"allow":["GET"]}}],"collection":[{"href":"https:\/\/www.europesays.com\/es\/wp-json\/wp\/v2\/posts"}],"about":[{"href":"https:\/\/www.europesays.com\/es\/wp-json\/wp\/v2\/types\/post"}],"author":[{"embeddable":true,"href":"https:\/\/www.europesays.com\/es\/wp-json\/wp\/v2\/users\/2"}],"replies":[{"embeddable":true,"href":"https:\/\/www.europesays.com\/es\/wp-json\/wp\/v2\/comments?post=139483"}],"version-history":[{"count":0,"href":"https:\/\/www.europesays.com\/es\/wp-json\/wp\/v2\/posts\/139483\/revisions"}],"wp:featuredmedia":[{"embeddable":true,"href":"https:\/\/www.europesays.com\/es\/wp-json\/wp\/v2\/media\/139484"}],"wp:attachment":[{"href":"https:\/\/www.europesays.com\/es\/wp-json\/wp\/v2\/media?parent=139483"}],"wp:term":[{"taxonomy":"category","embeddable":true,"href":"https:\/\/www.europesays.com\/es\/wp-json\/wp\/v2\/categories?post=139483"},{"taxonomy":"post_tag","embeddable":true,"href":"https:\/\/www.europesays.com\/es\/wp-json\/wp\/v2\/tags?post=139483"}],"curies":[{"name":"wp","href":"https:\/\/api.w.org\/{rel}","templated":true}]}}