{"id":139485,"date":"2025-09-26T06:39:05","date_gmt":"2025-09-26T06:39:05","guid":{"rendered":"https:\/\/www.europesays.com\/es\/139485\/"},"modified":"2025-09-26T06:39:05","modified_gmt":"2025-09-26T06:39:05","slug":"una-road-movie-por-la-tragica-memoria-de-la-guerra","status":"publish","type":"post","link":"https:\/\/www.europesays.com\/es\/139485\/","title":{"rendered":"una road movie por la tr\u00e1gica memoria de la guerra"},"content":{"rendered":"<p class=\"ft-text ft-helper-closenews\">Antes de que la memoria de la canguesa Dolores Blanco Rodal se apagase, los vilagarcianos Antonio Caeiro y Margarita Teijeiro la grabaron. El resultado es \u00abLola\u00bb, un documental que se proyecta el pr\u00f3ximo 3 de octubre en el Ourense Film Festival, uno de los cert\u00e1menes audiovisuales m\u00e1s importantes de Galicia. Durante 90 minutos, el p\u00fablico escuchar\u00e1 la historia de Lola y de su familia, marcada por la crueldad y la violencia de la Guerra Civil y la posterior represi\u00f3n.<\/p>\n<p class=\"ft-text\"><strong>\u00abConocimos a Lola sobre el a\u00f1o 2005\u00bb, recuerda Antonio Caeiro. Tanto \u00e9l como Margarita Teijeiro, fundadores de O Faiado da Memoria, llevan d\u00e9cadas intentando rescatar del olvido las historias de las v\u00edctimas de la Guerra Civil.<\/strong> Fue as\u00ed como llegaron a Dolores Blanco Rodal, una vecina de Cangas do Morrazo cuya vida cambiar\u00eda para siempre cuando ten\u00eda 15 a\u00f1os. Siendo ya octogenaria, se atrevi\u00f3 a contarla ante las c\u00e1maras.<\/p>\n<p class=\"ft-text\"><strong>\u00abSu padre era patr\u00f3n de barco, y su madre, redeira, y ambos estaban muy implicados con la CNT. <\/strong>Al padre lo detuvieron pocos d\u00edas despu\u00e9s de empezar la guerra, en una barber\u00eda, y a su madre la fueron a buscar esa misma noche a casa. Estaba en cama, y no le dejaron ni vestirse porque le dijeron que a donde iba no le hac\u00eda falta m\u00e1s ropa\u00bb, apunta Caeiro.<\/p>\n<p class=\"ft-text\">En efecto, llevaron en coche a Dolores Rodal y a otra joven de Mar\u00edn, y cerca de la playa de Aguete las empujaron hacia una cuneta y les pegaron un tiro. <strong>Lola cuenta en el documental que el ejecutor de su madre posiblemente no quer\u00eda matarla. Le apunt\u00f3 a un brazo y la dejaron all\u00ed malherida<\/strong>. Los padres de la protagonista de la pel\u00edcula fueron encarcelados; \u00e9l en el fuerte de San Crist\u00f3bal, en Pamplona; ella en Guip\u00fazcoa. Pero no terminar\u00edan ah\u00ed los infortunios de la familia.<\/p>\n<p class=\"ft-text\">\u00abEl hermano mayor de Lola estaba haciendo el servicio militar en la Marina, que se manten\u00eda fiel a la Rep\u00fablica, y el Ej\u00e9rcito nacional deten\u00eda a los familiares de estos marineros para forzarles a desertar\u00bb, explica Antonio Caeiro. Pero Pepe no se entreg\u00f3, y su hermano \u00c1ngel, de 18 a\u00f1os, fue finalmente asesinado en Ponteareas.<\/p>\n<p class=\"ft-text\">En 1941, la madre fue liberada, y regres\u00f3 a casa; pero enferma de diabetes, y desconsolada por la p\u00e9rdida de sus hijos (el mayor se exili\u00f3, y ya no volver\u00eda a Espa\u00f1a hasta despu\u00e9s de la muerte de Franco), no vivi\u00f3 mucho m\u00e1s tiempo. \u00abLa historia de Lola es desgarradora&#8230; La suya fue una familia muy maltratada\u00bb, explica Caeiro que concibi\u00f3 una pel\u00edcula en la que la \u00fanica voz que se escucha durante los 90 minutos es la de Dolores Blanco. \u00abEl documental es una \u2018road movie\u2019 por la memoria, porque vamos recorriendo los espacios por los que pas\u00f3 cada uno de sus familiares\u00bb.<\/p>\n<p class=\"ft-text\">O Faiado da Memoria tambi\u00e9n ha colaborado con \u00abSan Sim\u00f3n\u00bb, pel\u00edcula de Miguel \u00c1ngel Delgado sobre el campo de concentraci\u00f3n de esta isla de Redondela, que se estren\u00f3 ayer en el festival de cine de San Sebasti\u00e1n, y que tambi\u00e9n se exhibir\u00e1 en el de Ourense.<\/p>\n<p class=\"ft-text\">O Faiado ya realiz\u00f3 varios trabajos sobre San Sim\u00f3n (un documental en 1988, y un libro en 1995), de ah\u00ed que hayan participado en la recreaci\u00f3n hist\u00f3rica y el guion de la pel\u00edcula. Pero, adem\u00e1s, colaboraron con los productores juntando a m\u00e1s de un centenar de vilagarcianos como extras. En Ourense se presenta el d\u00eda 2.<\/p>\n<p data-close=\"closedContent\" class=\"subscribeHideForDisplay\">Suscr\u00edbete para seguir leyendo<\/p>\n","protected":false},"excerpt":{"rendered":"Antes de que la memoria de la canguesa Dolores Blanco Rodal se apagase, los vilagarcianos Antonio Caeiro y&hellip;\n","protected":false},"author":2,"featured_media":139486,"comment_status":"","ping_status":"","sticky":false,"template":"","format":"standard","meta":{"footnotes":""},"categories":[169],"tags":[177,3050,146,147,25,24,3931,176,69,15726,911,18908,175,33988,23,12130],"class_list":{"0":"post-139485","1":"post","2":"type-post","3":"status-publish","4":"format-standard","5":"has-post-thumbnail","7":"category-cine","8":"tag-cine","9":"tag-dolores","10":"tag-entertainment","11":"tag-entretenimiento","12":"tag-es","13":"tag-espana","14":"tag-festival","15":"tag-film","16":"tag-guerra","17":"tag-lola","18":"tag-memoria","19":"tag-movie","20":"tag-movies","21":"tag-road","22":"tag-spain","23":"tag-tragica"},"share_on_mastodon":{"url":"","error":""},"_links":{"self":[{"href":"https:\/\/www.europesays.com\/es\/wp-json\/wp\/v2\/posts\/139485","targetHints":{"allow":["GET"]}}],"collection":[{"href":"https:\/\/www.europesays.com\/es\/wp-json\/wp\/v2\/posts"}],"about":[{"href":"https:\/\/www.europesays.com\/es\/wp-json\/wp\/v2\/types\/post"}],"author":[{"embeddable":true,"href":"https:\/\/www.europesays.com\/es\/wp-json\/wp\/v2\/users\/2"}],"replies":[{"embeddable":true,"href":"https:\/\/www.europesays.com\/es\/wp-json\/wp\/v2\/comments?post=139485"}],"version-history":[{"count":0,"href":"https:\/\/www.europesays.com\/es\/wp-json\/wp\/v2\/posts\/139485\/revisions"}],"wp:featuredmedia":[{"embeddable":true,"href":"https:\/\/www.europesays.com\/es\/wp-json\/wp\/v2\/media\/139486"}],"wp:attachment":[{"href":"https:\/\/www.europesays.com\/es\/wp-json\/wp\/v2\/media?parent=139485"}],"wp:term":[{"taxonomy":"category","embeddable":true,"href":"https:\/\/www.europesays.com\/es\/wp-json\/wp\/v2\/categories?post=139485"},{"taxonomy":"post_tag","embeddable":true,"href":"https:\/\/www.europesays.com\/es\/wp-json\/wp\/v2\/tags?post=139485"}],"curies":[{"name":"wp","href":"https:\/\/api.w.org\/{rel}","templated":true}]}}