{"id":139487,"date":"2025-09-26T06:40:16","date_gmt":"2025-09-26T06:40:16","guid":{"rendered":"https:\/\/www.europesays.com\/es\/139487\/"},"modified":"2025-09-26T06:40:16","modified_gmt":"2025-09-26T06:40:16","slug":"uefa-y-fifa-se-plantean-expulsar-a-israel-de-todas-sus-competiciones-futbol-deportes","status":"publish","type":"post","link":"https:\/\/www.europesays.com\/es\/139487\/","title":{"rendered":"UEFA y FIFA se plantean expulsar a Israel de todas sus competiciones | F\u00fatbol | Deportes"},"content":{"rendered":"<p class=\"\">En las \u00faltimas conversaciones informales entre miembros de la UEFA y la FIFA se ha puesto encima de la mesa la posibilidad de que el organismo europeo, ante la masacre de Israel en la franja de Gaza, <a href=\"https:\/\/elpais.com\/deportes\/ciclismo\/2025-09-25\/las-protestas-de-la-vuelta-a-espana-desatan-el-caos-en-el-equipo-israel-que-se-replantea-su-identidad-ante-el-ultimatum-de-sus-patrocinadores.html\" target=\"_self\" rel=\"nofollow noopener\" title=\"https:\/\/elpais.com\/deportes\/ciclismo\/2025-09-25\/las-protestas-de-la-vuelta-a-espana-desatan-el-caos-en-el-equipo-israel-que-se-replantea-su-identidad-ante-el-ultimatum-de-sus-patrocinadores.html\">expulse de sus competiciones a los equipos israel\u00edes<\/a>, en este caso, el Macabbi Tel Aviv, que compite en la Liga Europa. La organizaci\u00f3n mundial, por su parte, har\u00eda lo mismo con la selecci\u00f3n absoluta, inmersa en la fase de clasificaci\u00f3n para el Mundial 2026, y el resto de selecciones de categor\u00edas inferiores. <\/p>\n<p class=\"\">La UEFA ha sido la que m\u00e1s ha promovido la posible exclusi\u00f3n. Seg\u00fan diversas fuentes relacionadas con el asunto, ambas entidades, como sucedi\u00f3 con la sanci\u00f3n a Rusia, ir\u00edan de la mano en la aplicaci\u00f3n de las sanciones al f\u00fatbol israel\u00ed. Las fuentes consultadas aseguran que en un asunto tan delicado ser\u00eda extra\u00f1o que la UEFA y la FIFA no estuvieran acompasadas en la decisi\u00f3n pese a las tiranteces entre ambas organizaciones. La geopol\u00edtica, los intereses econ\u00f3micos y tambi\u00e9n las relaciones personales son los obst\u00e1culos a superar para concretar la sanci\u00f3n a Israel. El presidente de la UEFA, el esloveno Alexander Ceferin, puede encontrarse con la oposici\u00f3n de Alemania, muy fr\u00eda hasta ahora en las denuncias contra Israel. Gianni Infantino, presidente de la FIFA, mantiene una \u00edntima relaci\u00f3n con <a href=\"https:\/\/elpais.com\/deportes\/2025-09-25\/la-ryder-cup-de-nueva-york-se-blinda-ante-la-visita-de-donald-trump.html\" target=\"_self\" rel=\"nofollow noopener\" title=\"https:\/\/elpais.com\/deportes\/2025-09-25\/la-ryder-cup-de-nueva-york-se-blinda-ante-la-visita-de-donald-trump.html\">Donald Trump<\/a>. Sin embargo, con la expulsi\u00f3n de Rusia, Infantino obvi\u00f3 su buena relaci\u00f3n con Vladimir Putin y Ceferin orden\u00f3 el cese del millonario contrato de patrocinio de la UEFA con Gazprom.<\/p>\n<p class=\"\">Fue la semana pasada cuando se empez\u00f3 a generar el caldo de cultivo que ha instado a la UEFA y a la FIFA a plantearse una decisi\u00f3n que hace apenas diez d\u00edas no ten\u00edan clara. En la comparaci\u00f3n del caso de Rusia con el de Israel ambas instituciones alegaban que, por entonces, ya hab\u00eda sanciones internacionales contra el pa\u00eds presidido por Putin y tambi\u00e9n m\u00e1s de cuarenta federaciones, un buen n\u00famero de ellas azuzadas por sus gobiernos, se hab\u00edan negado a jugar contra cualquier equipo o selecci\u00f3n rusa. <\/p>\n<p class=\"\">El anuncio el pasado 10 de septiembre de la presidenta de la Comisi\u00f3n Europea, Ursula von der Leyen, de suspender de manera parcial los acuerdos comerciales con Israel, y el amplificador mundial de <a href=\"https:\/\/elpais.com\/deportes\/2025-09-17\/la-paralisis-de-las-grandes-instituciones-deportivas-ante-la-ofensiva-de-israel-en-la-franja-de-gaza.html\" target=\"_self\" rel=\"nofollow noopener\" title=\"https:\/\/elpais.com\/deportes\/2025-09-17\/la-paralisis-de-las-grandes-instituciones-deportivas-ante-la-ofensiva-de-israel-en-la-franja-de-gaza.html\">la suspensi\u00f3n de la \u00faltima etapa y de la entrega de premios de la Vuelta<\/a> por las manifestaciones propalestinas en Madrid, han sido factores clave para que ambas organizaciones se hayan animado a dar un posible paso al frente. La petici\u00f3n del mi\u00e9rcoles de los t\u00e9cnicos de Naciones Unidas pidiendo a la UEFA y a la FIFA la expulsi\u00f3n de Israel de sus competiciones ha sido el \u00faltimo movimiento de presi\u00f3n de la comunidad internacional. \u201cEl deporte debe rechazar la percepci\u00f3n de que todo sigue como de costumbre\u201d, advirtieron ocho expertos de la ONU en un comunicado publicado el martes. \u201cLas entidades deportivas no deben mirar hacia otro lado ante graves violaciones de los derechos humanos, especialmente cuando sus plataformas se utilizan para normalizar injusticias\u201d, prosegu\u00eda el citado comunicado.<\/p>\n<p class=\"\">La declaraci\u00f3n hac\u00eda referencia a la investigaci\u00f3n independiente encargada por el Consejo de Derechos Humanos de la propia ONU que concluy\u00f3 la semana pasada que Israel est\u00e1 cometiendo un \u201cgenocidio\u201d en los territorios palestinos ocupados, en particular en la franja de Gaza.<\/p>\n<p class=\"\">Para empezar a poner en marcha la hipot\u00e9tica sanci\u00f3n, el presidente de la UEFA, Alexander Ceferin, podr\u00eda convocar de manera extraordinaria a su Comit\u00e9 Ejecutivo en los pr\u00f3ximos d\u00edas y tomar la decisi\u00f3n. Al menos tres miembros del ejecutivo de UEFA no hab\u00edan recibido ayer a media tarde ning\u00fan tipo de convocatoria. Por su parte, el Consejo de la FIFA, que preside Gianni Infantino, tiene previsto reunirse el pr\u00f3ximo 2 de octubre, aunque los puntos del d\u00eda a\u00fan no han sido publicados. <\/p>\n","protected":false},"excerpt":{"rendered":"En las \u00faltimas conversaciones informales entre miembros de la UEFA y la FIFA se ha puesto encima de&hellip;\n","protected":false},"author":2,"featured_media":139488,"comment_status":"","ping_status":"","sticky":false,"template":"","format":"standard","meta":{"footnotes":""},"categories":[93],"tags":[43651,1540,168,1539,25,24,14013,282,1538,79,74,32463,11754,76,23,167,6674],"class_list":{"0":"post-139487","1":"post","2":"type-post","3":"status-publish","4":"format-standard","5":"has-post-thumbnail","7":"category-deportes","8":"tag-apartheid","9":"tag-competiciones","10":"tag-deportes","11":"tag-entrenadores","12":"tag-es","13":"tag-espana","14":"tag-fifa","15":"tag-futbol","16":"tag-futbolistas","17":"tag-genocidio","18":"tag-israel","19":"tag-mundial-2026","20":"tag-mundial-futbol","21":"tag-palestina","22":"tag-spain","23":"tag-sports","24":"tag-uefa"},"share_on_mastodon":{"url":"","error":""},"_links":{"self":[{"href":"https:\/\/www.europesays.com\/es\/wp-json\/wp\/v2\/posts\/139487","targetHints":{"allow":["GET"]}}],"collection":[{"href":"https:\/\/www.europesays.com\/es\/wp-json\/wp\/v2\/posts"}],"about":[{"href":"https:\/\/www.europesays.com\/es\/wp-json\/wp\/v2\/types\/post"}],"author":[{"embeddable":true,"href":"https:\/\/www.europesays.com\/es\/wp-json\/wp\/v2\/users\/2"}],"replies":[{"embeddable":true,"href":"https:\/\/www.europesays.com\/es\/wp-json\/wp\/v2\/comments?post=139487"}],"version-history":[{"count":0,"href":"https:\/\/www.europesays.com\/es\/wp-json\/wp\/v2\/posts\/139487\/revisions"}],"wp:featuredmedia":[{"embeddable":true,"href":"https:\/\/www.europesays.com\/es\/wp-json\/wp\/v2\/media\/139488"}],"wp:attachment":[{"href":"https:\/\/www.europesays.com\/es\/wp-json\/wp\/v2\/media?parent=139487"}],"wp:term":[{"taxonomy":"category","embeddable":true,"href":"https:\/\/www.europesays.com\/es\/wp-json\/wp\/v2\/categories?post=139487"},{"taxonomy":"post_tag","embeddable":true,"href":"https:\/\/www.europesays.com\/es\/wp-json\/wp\/v2\/tags?post=139487"}],"curies":[{"name":"wp","href":"https:\/\/api.w.org\/{rel}","templated":true}]}}