{"id":139497,"date":"2025-09-26T06:45:08","date_gmt":"2025-09-26T06:45:08","guid":{"rendered":"https:\/\/www.europesays.com\/es\/139497\/"},"modified":"2025-09-26T06:45:08","modified_gmt":"2025-09-26T06:45:08","slug":"paracetamol-en-embarazadas-y-autismo","status":"publish","type":"post","link":"https:\/\/www.europesays.com\/es\/139497\/","title":{"rendered":"Paracetamol en embarazadas y autismo"},"content":{"rendered":"<p>Una vez m\u00e1s, el presidente estadounidense, Donald Trump, vuelve a colocarse en el foco de la pol\u00e9mica. En esta ocasi\u00f3n, por vincular el uso de paracetamol durante el embarazo con un aumento del riesgo de autismo en los beb\u00e9s. Unas declaraciones que han generado una ola de reacciones tanto en la comunidad cient\u00edfica como en asociaciones de pacientes. <\/p>\n<p>Sus alegaciones han sido rotundamente desmentidas por multitud de organismos implicados, como la Sociedad Espa\u00f1ola de Farmacolog\u00eda Cl\u00ednica (SEFC), la Agencia Espa\u00f1ola de Medicamentos y Productos Sanitarios (AEMPS) y la Confederaci\u00f3n Autismo Espa\u00f1a, entre otros. <\/p>\n<p>La primera subraya que <strong>el paracetamol sigue siendo el analg\u00e9sico y antipir\u00e9tico de elecci\u00f3n durante el embarazo<\/strong>, ya que no existen alternativas m\u00e1s seguras. \u00abNo hay evidencia cient\u00edfica que demuestre una relaci\u00f3n causal entre el uso de paracetamol en mujeres embarazadas y el desarrollo de autismo, TDAH o discapacidad intelectual en sus hijos\u00bb, afirman sus portavoces, que llaman a la prudencia ante este tipo de declaraciones, especialmente cuando carecen de respaldo cient\u00edfico y pueden alarmar injustificadamente a la poblaci\u00f3n.<\/p>\n<p>Evidencia cient\u00edfica s\u00f3lida<\/p>\n<p>Desde la Agencia Espa\u00f1ola de Medicamentos (AEMPS) se respalda esta postura, y se insiste en que el tratamiento con paracetamol puede mantenerse durante el embarazo <strong>cuando est\u00e9 cl\u00ednicamente indicado<\/strong>, siguiendo siempre las recomendaciones habituales de uso prudente: emplear la dosis m\u00e1s baja eficaz y durante el menor tiempo posible. \u00abLa fiebre no tratada y el dolor intenso tambi\u00e9n conllevan riesgos\u00bb, advierte la agencia.<\/p>\n<p>Tambi\u00e9n la agencia Science Media Center Espa\u00f1a cita como referencia diversos estudios, como una <a href=\"https:\/\/jamanetwork.com\/journals\/jama\/fullarticle\/2817406\" title=\"\" rel=\"nofollow noopener\" target=\"_blank\">investigaci\u00f3n publicada en 2024 en la revista JAMA<\/a> que analiz\u00f3 m\u00e1s de <strong>2,5 millones de mujeres embarazadas y sus descendientes<\/strong>. El estudio, que aplic\u00f3 un dise\u00f1o metodol\u00f3gico riguroso mediante an\u00e1lisis de pares de hermanos, no encontr\u00f3 <strong>ninguna asociaci\u00f3n entre el uso prenatal de paracetamol y el desarrollo de trastornos del neurodesarrollo<\/strong> como el autismo o el TDAH. <\/p>\n<p>Otros estudios a gran escala en Europa y Jap\u00f3n durante 2025 han confirmado que los aparentes v\u00ednculos observados en an\u00e1lisis menos controlados pueden explicarse por factores gen\u00e9ticos, ambientales o de salud preexistente en los progenitores.<\/p>\n<p>Alarma infundada y riesgo para las mujeres<\/p>\n<p>El comunicado de la FDA (agencia estadounidense del medicamento), aunque sugiere incluir advertencias sobre la posible asociaci\u00f3n en la ficha t\u00e9cnica del f\u00e1rmaco, tambi\u00e9n <strong>reconoce expresamente que no se ha demostrado una relaci\u00f3n causal<\/strong>. La propia EMA (Agencia Europea del Medicamento) revis\u00f3 en 2019 la evidencia sobre el tema y concluy\u00f3 que los datos disponibles eran <strong>no concluyentes<\/strong>, por lo que no se modificaron las recomendaciones sobre su uso en embarazadas.<\/p>\n<p>Para las entidades cient\u00edficas, lo preocupante no es s\u00f3lo la difusi\u00f3n de informaci\u00f3n sin evidencia, sino sus posibles consecuencias. \u201cEl alarmismo impide que las mujeres embarazadas accedan a tratamientos seguros y necesarios, y contribuye a estigmatizar a las madres de personas autistas, haci\u00e9ndolas sentir culpables sin fundamento\u201d, advirti\u00f3 la psic\u00f3loga brit\u00e1nica Monique Botha, especialista en autismo, a SMC\u00a0Reino Unido.<\/p>\n<p>Desde la SEFC recuerdan adem\u00e1s que <strong>no tratar adecuadamente la fiebre o el dolor durante la gestaci\u00f3n s\u00ed conlleva riesgos demostrados<\/strong>, como malformaciones del tubo neural o complicaciones en el parto. Por ello, las decisiones terap\u00e9uticas deben tomarse de forma individualizada y compartida entre la embarazada y su profesional sanitario, siempre bas\u00e1ndose en la mejor evidencia disponible.<\/p>\n<p>Una afirmaci\u00f3n sin base cient\u00edfica<\/p>\n<p>Por su parte, Autismo Espa\u00f1a ha mostrado su \u201cabsoluto rechazo\u201d a las declaraciones de Trump y ha alertado del \u201cpotencial perjuicio para la salud p\u00fablica global\u201d que pueden causar. La confederaci\u00f3n insiste en que el autismo es un trastorno del neurodesarrollo <strong>complejo y multicausal<\/strong>, con un importante componente gen\u00e9tico, y que las pol\u00edticas p\u00fablicas deben centrarse en el apoyo individualizado, la eliminaci\u00f3n de barreras y la garant\u00eda de derechos.<\/p>\n<p>La organizaci\u00f3n tambi\u00e9n ha desmentido otra de las afirmaciones del expresidente estadounidense: el uso del \u00e1cido fol\u00ednico como supuesto tratamiento del autismo. Si bien algunos estudios han explorado sus posibles efectos sobre el lenguaje y la comunicaci\u00f3n, <strong>los resultados a\u00fan no son concluyentes<\/strong>, y no existe evidencia que respalde su uso generalizado. \u201cNo hay tratamiento farmacol\u00f3gico que cure el autismo\u201d, recalcan.<\/p>\n<p>En respuesta al argumento de Trump sobre un \u201caumento mete\u00f3rico\u201d del autismo, Autismo Espa\u00f1a aclara que el incremento en los diagn\u00f3sticos responde a <strong>una mejor identificaci\u00f3n, mayor sensibilizaci\u00f3n y acceso a servicios cl\u00ednicos y educativos<\/strong>. En Estados Unidos, la prevalencia reportada (1 de cada 31 ni\u00f1os) procede de estudios preliminares de cribado, no de diagn\u00f3sticos cl\u00ednicos confirmados.<\/p>\n<p>En general, las entidades cient\u00edficas y de pacientes coinciden en un mensaje claro: <strong>la difusi\u00f3n de datos err\u00f3neos o sin evidencia sobre salud p\u00fablica puede tener consecuencias graves<\/strong>. Por ello, piden a los medios de comunicaci\u00f3n, representantes pol\u00edticos y responsables institucionales que act\u00faen con responsabilidad y rigor. \u201cEl paracetamol es seguro cuando se usa de forma adecuada durante el embarazo. Alarmar sin pruebas s\u00f3lo perjudica a quienes m\u00e1s necesitan apoyo: las mujeres embarazadas y las familias de personas con autismo\u201d, concluyen desde la SEFC.<\/p>\n","protected":false},"excerpt":{"rendered":"Una vez m\u00e1s, el presidente estadounidense, Donald Trump, vuelve a colocarse en el foco de la pol\u00e9mica. En&hellip;\n","protected":false},"author":2,"featured_media":139498,"comment_status":"","ping_status":"","sticky":false,"template":"","format":"standard","meta":{"footnotes":""},"categories":[42],"tags":[5738,17,18,13,14,11,61,62,63,64,1294,19,20,9,10,15,16,12,21,22,65,66,67],"class_list":{"0":"post-139497","1":"post","2":"type-post","3":"status-publish","4":"format-standard","5":"has-post-thumbnail","7":"category-internacional","8":"tag-al-dia","9":"tag-breaking-news","10":"tag-breakingnews","11":"tag-featured-news","12":"tag-featurednews","13":"tag-headlines","14":"tag-internacional","15":"tag-international","16":"tag-international-news","17":"tag-internationalnews","18":"tag-investigacion","19":"tag-latest-news","20":"tag-latestnews","21":"tag-news","22":"tag-noticias","23":"tag-noticias-destacadas","24":"tag-noticiasdestacadas","25":"tag-titulares","26":"tag-ultimas-noticias","27":"tag-ultimasnoticias","28":"tag-world","29":"tag-world-news","30":"tag-worldnews"},"share_on_mastodon":{"url":"","error":""},"_links":{"self":[{"href":"https:\/\/www.europesays.com\/es\/wp-json\/wp\/v2\/posts\/139497","targetHints":{"allow":["GET"]}}],"collection":[{"href":"https:\/\/www.europesays.com\/es\/wp-json\/wp\/v2\/posts"}],"about":[{"href":"https:\/\/www.europesays.com\/es\/wp-json\/wp\/v2\/types\/post"}],"author":[{"embeddable":true,"href":"https:\/\/www.europesays.com\/es\/wp-json\/wp\/v2\/users\/2"}],"replies":[{"embeddable":true,"href":"https:\/\/www.europesays.com\/es\/wp-json\/wp\/v2\/comments?post=139497"}],"version-history":[{"count":0,"href":"https:\/\/www.europesays.com\/es\/wp-json\/wp\/v2\/posts\/139497\/revisions"}],"wp:featuredmedia":[{"embeddable":true,"href":"https:\/\/www.europesays.com\/es\/wp-json\/wp\/v2\/media\/139498"}],"wp:attachment":[{"href":"https:\/\/www.europesays.com\/es\/wp-json\/wp\/v2\/media?parent=139497"}],"wp:term":[{"taxonomy":"category","embeddable":true,"href":"https:\/\/www.europesays.com\/es\/wp-json\/wp\/v2\/categories?post=139497"},{"taxonomy":"post_tag","embeddable":true,"href":"https:\/\/www.europesays.com\/es\/wp-json\/wp\/v2\/tags?post=139497"}],"curies":[{"name":"wp","href":"https:\/\/api.w.org\/{rel}","templated":true}]}}