{"id":139499,"date":"2025-09-26T06:46:08","date_gmt":"2025-09-26T06:46:08","guid":{"rendered":"https:\/\/www.europesays.com\/es\/139499\/"},"modified":"2025-09-26T06:46:08","modified_gmt":"2025-09-26T06:46:08","slug":"claves-para-entender-la-defensa-del-fiscal-general-por-la-presunta-filtracion-del-correo-de-la-pareja-de-ayuso-el-pais-expres","status":"publish","type":"post","link":"https:\/\/www.europesays.com\/es\/139499\/","title":{"rendered":"Claves para entender la defensa del fiscal general por la presunta filtraci\u00f3n del correo de la pareja de Ayuso | El PA\u00cdS Expr\u00e9s"},"content":{"rendered":"<p><img fetchpriority=\"high\" decoding=\"auto\" class=\"_re  a_m-h\" height=\"414\"  width=\"414\"  src=\"https:\/\/www.europesays.com\/es\/wp-content\/uploads\/2025\/09\/MUW7LM7ICNHXLOKIZXAEJBBEPY.jpg\" loading=\"eager\"\/>MADRID (ESPA\u00d1A), 05\/09\/2025.- El fiscal general del Estado, \u00c1lvaro Garc\u00eda Ortiz, a su salida este viernes del Tribunal Supremo tras el tradicional acto de apertura del a\u00f1o judicial. EFE\/ Fernando Villar&#13;<br \/>\nFoto: Fernando Villar (EFE)<\/p>\n<p class=\"\">El Tribunal Supremo juzgar\u00e1 al fiscal general del Estado, \u00c1lvaro Garc\u00eda Ortiz, por revelaci\u00f3n de secretos en la supuesta filtraci\u00f3n de un correo en el que el abogado de la pareja de Isabel D\u00edaz Ayuso reconoc\u00eda un fraude fiscal de su cliente.<\/p>\n<ul>\n<li>La Abogac\u00eda del Estado defender\u00e1 a Ortiz poniendo el foco en la presidenta madrile\u00f1a.<\/li>\n<li>En un escrito, niega la existencia del delito y apunta a una estrategia dise\u00f1ada desde la Comunidad de Madrid para \u201cdesviar el foco\u201d de Ayuso por el fraude de su pareja. <\/li>\n<\/ul>\n<p class=\"\"><b>\u00bfPor qu\u00e9 el correo ya no era confidencial?<\/b> Seg\u00fan argumentan, fue el propio abogado de la pareja de Ayuso quien rompi\u00f3 la supuesta confidencialidad del correo al remitirlo a direcciones gen\u00e9ricas de la Fiscal\u00eda, accesibles a centenares de personas. <\/p>\n<p class=\"\"><b>El argumento de la defensa.<\/b> Seg\u00fan la Abogac\u00eda, se produjeron dos din\u00e1micas distintas: <\/p>\n<ul>\n<li>La presi\u00f3n medi\u00e1tica, que llev\u00f3 a periodistas a conseguir el correo por sus fuentes. <\/li>\n<li>Y la necesidad del fiscal general de recabar informaci\u00f3n, lo que le hizo recibir el mismo correo casi al mismo tiempo. <\/li>\n<\/ul>\n<p class=\"\"><b>\u00bfY ahora qu\u00e9? <\/b>El Supremo ya ha nombrado a los siete jueces que juzgar\u00e1n el caso. Antes, decidir\u00e1n qu\u00e9 pruebas se aceptan: la defensa quiere que declaren Gonz\u00e1lez Amador, su abogado, el jefe de gabinete de Ayuso y varios periodistas.<\/p>\n<p class=\"\">\u00a9Foto: Fernando Villar (EFE)<\/p>\n<p class=\"\"><a href=\"https:\/\/elpais.com\/espana\/2025-09-25\/el-abogado-del-fiscal-general-culpa-al-jefe-de-gabinete-de-ayuso-de-orquestar-una-estrategia-para-desviar-el-foco-de-la-presidenta-madrilena.html\" target=\"_self\" rel=\"nofollow noopener\" title=\"https:\/\/elpais.com\/espana\/2025-09-25\/el-abogado-del-fiscal-general-culpa-al-jefe-de-gabinete-de-ayuso-de-orquestar-una-estrategia-para-desviar-el-foco-de-la-presidenta-madrilena.html\">Si quieres saber m\u00e1s, puedes leer aqu\u00ed.<\/a><\/p>\n","protected":false},"excerpt":{"rendered":"MADRID (ESPA\u00d1A), 05\/09\/2025.- El fiscal general del Estado, \u00c1lvaro Garc\u00eda Ortiz, a su salida este viernes del Tribunal&hellip;\n","protected":false},"author":2,"featured_media":139500,"comment_status":"","ping_status":"","sticky":false,"template":"","format":"standard","meta":{"footnotes":""},"categories":[8],"tags":[8577,17,18,25,24,13,14,2153,11,3515,19,20,9,10,15,16,23,12,4874,21,22],"class_list":{"0":"post-139499","1":"post","2":"type-post","3":"status-publish","4":"format-standard","5":"has-post-thumbnail","7":"category-espana","8":"tag-alvaro-garcia-ortiz","9":"tag-breaking-news","10":"tag-breakingnews","11":"tag-es","12":"tag-espana","13":"tag-featured-news","14":"tag-featurednews","15":"tag-fiscalia-general-estado","16":"tag-headlines","17":"tag-isabel-diaz-ayuso","18":"tag-latest-news","19":"tag-latestnews","20":"tag-news","21":"tag-noticias","22":"tag-noticias-destacadas","23":"tag-noticiasdestacadas","24":"tag-spain","25":"tag-titulares","26":"tag-tribunal-supremo","27":"tag-ultimas-noticias","28":"tag-ultimasnoticias"},"share_on_mastodon":{"url":"","error":""},"_links":{"self":[{"href":"https:\/\/www.europesays.com\/es\/wp-json\/wp\/v2\/posts\/139499","targetHints":{"allow":["GET"]}}],"collection":[{"href":"https:\/\/www.europesays.com\/es\/wp-json\/wp\/v2\/posts"}],"about":[{"href":"https:\/\/www.europesays.com\/es\/wp-json\/wp\/v2\/types\/post"}],"author":[{"embeddable":true,"href":"https:\/\/www.europesays.com\/es\/wp-json\/wp\/v2\/users\/2"}],"replies":[{"embeddable":true,"href":"https:\/\/www.europesays.com\/es\/wp-json\/wp\/v2\/comments?post=139499"}],"version-history":[{"count":0,"href":"https:\/\/www.europesays.com\/es\/wp-json\/wp\/v2\/posts\/139499\/revisions"}],"wp:featuredmedia":[{"embeddable":true,"href":"https:\/\/www.europesays.com\/es\/wp-json\/wp\/v2\/media\/139500"}],"wp:attachment":[{"href":"https:\/\/www.europesays.com\/es\/wp-json\/wp\/v2\/media?parent=139499"}],"wp:term":[{"taxonomy":"category","embeddable":true,"href":"https:\/\/www.europesays.com\/es\/wp-json\/wp\/v2\/categories?post=139499"},{"taxonomy":"post_tag","embeddable":true,"href":"https:\/\/www.europesays.com\/es\/wp-json\/wp\/v2\/tags?post=139499"}],"curies":[{"name":"wp","href":"https:\/\/api.w.org\/{rel}","templated":true}]}}