{"id":139505,"date":"2025-09-26T06:49:08","date_gmt":"2025-09-26T06:49:08","guid":{"rendered":"https:\/\/www.europesays.com\/es\/139505\/"},"modified":"2025-09-26T06:49:08","modified_gmt":"2025-09-26T06:49:08","slug":"tauromaquia-se-acabo","status":"publish","type":"post","link":"https:\/\/www.europesays.com\/es\/139505\/","title":{"rendered":"TAUROMAQUIA | Se acab\u00f3"},"content":{"rendered":"<p class=\"ft-text ft-helper-closenews\">Desde que con seis a\u00f1os me adentrase en el <strong>mundo del toro<\/strong>, y a punto de cumplir el medio siglo, han sido varias y diferentes facetas taurinas en las que he dedicado y ocupado gran parte de mi vida. Y siempre, en todas, he cre\u00eddo saber cu\u00e1ndo era el momento de cerrar las etapas de cada una de ellas.<\/p>\n<p class=\"ft-text\"><strong>Ha llegado el momento de despedirme,<\/strong> de cerrar esta etapa m\u00eda como<strong> cr\u00edtico taurino en <\/strong><strong>Diario de Mallorca<\/strong>, donde desde el a\u00f1o 2014 y hasta el d\u00eda de hoy, he recorrido un enriquecedor y vibrante trayecto, toc\u00e1ndome lidiar con los peores tiempos para la tauromaquia en Balears, cuando sectores externos iban a contracorriente, pero vali\u00f3 la pena. Es el momento preciso de decir adi\u00f3s. La decisi\u00f3n, meditada a lo largo de un no menos largo espacio de tiempo, y que me ha costado llegar a asumirla, es meramente personal y <strong>ocasionada por cuestiones \u00e9ticas y morales.<\/strong> Por dignidad. Porque en el toreo, como en la vida, la honestidad debe prevalecer por encima de todo.<\/p>\n<p class=\"ft-text\">Nunca pude llegar a imaginar que la determinaci\u00f3n de finalizar mi labor en este medio fuese a estar motivada por la <strong>degradaci\u00f3n y degeneraci\u00f3n de las corridas de toros en Mallorca. <\/strong>Por una fiesta de la que siento ya verg\u00fcenza ajena y que, como aficionado, no me identifico con ella. Lo acontecido en los festejos en este 2025 ha mermado mi afici\u00f3n a los toros y, con ello, se ve resentido mi compromiso de sentarme frente a la pantalla del ordenador para narrarle al lector una cr\u00edtica taurina honesta no perjudicial para el toreo.<\/p>\n<p class=\"ft-text\">El indigno encierro de la <strong>decepcionante corrida de Miura en Inca, <\/strong>en abril; la<strong> indecente corridita del Coliseo Balear; <\/strong>un c\u00famulo de disparates en la verbena de agosto celebrada tambi\u00e9n en Inca y la rid\u00edcula gatada, no carente de desprop\u00f3sitos y tintes festivaleros en Muro, con circunstancias similares, denunciadas a\u00f1o tras a\u00f1o, festejo tras festejo, son hechos que quiero evitar que den al traste con mis principios e integridad profesional. Se acab\u00f3.<\/p>\n<p class=\"ft-text\"><strong>Hastiado de soportar la prostituci\u00f3n y manipulaci\u00f3n que deshonran la integridad y valores de la tauromaquia <\/strong>de lo cual son c\u00f3mplices los medios de comunicaci\u00f3n especializados en materia taurina y m\u00e1ximos responsables autoridades, veterinarios, empresarios, matadores, banderilleros, presidentes, asesores, ganaderos, personal de plaza y los acoplados a los nuevos empresarios que, arrastrados en la mendicidad, han perdido sus principios, la decencia y la honradez profanando la fiesta de los toros<strong>. Los peores enemigos de la fiesta est\u00e1n dentro de la propia fiesta.<\/strong> Mantener las corridas con vilipendio es mil veces peor que suprimirlas. <strong>De continuar as\u00ed, ni el PACMA ni asociaciones antitaurinas ser\u00e1n necesarias para acabar con los toros en Balears. <\/strong><\/p>\n<p class=\"ft-text\"><strong>El haber colaborado para <\/strong><strong>Diario de Mallorca<\/strong><strong> solo me ha aportado grandes satisfacciones.<\/strong> La que m\u00e1s me enorgullece y agradezco es la de haber sido libre para narrar la verdad de lo acontecido. Han sido <strong>m\u00e1s de doscientos art\u00edculos <\/strong>los publicados en este medio durante estos doce a\u00f1os; por eso, quiero que el primero de los agradecimientos sea para los <strong>lectores<\/strong>. Tanto a aquellos a los que, con mis art\u00edculos de opini\u00f3n, reportajes, entrevistas o mis cr\u00edticas han visto reflejada la suya y su sentir, y de los que he recibido sinceros halagos, como a aquellos detractores que siempre he tenido, critic\u00e1ndome, llegando, incluso, a tildarme de antitaurino por el mero y hecho de contar la cruda realidad. Eso molestaba. Tambi\u00e9n, mi agradecimiento es extensible a ellos. Y, es verdad, est\u00e1n en lo cierto, <strong>soy antitaurino<\/strong>. Pero no de los que se manifiestan frente a las puertas de una plaza de toros ante lo que consideran una barbarie, sino antitaurino del propio sistema y de la manipulaci\u00f3n burda y cruel que se cuece en sus entra\u00f1as.<\/p>\n<p class=\"ft-text\">Agradecimiento, tambi\u00e9n, a quienes, carentes de argumentos para contradecir mis cr\u00edticas y\/u opiniones, y que les faltaron arrestos para hacerlo a la cara, recurrieron a las redes sociales para atacarme sobre aspectos personales. Hecho que nunca me ha conmovido ni me ha inmutado lo m\u00e1s m\u00ednimo. Al contrario, <strong>los ataques siempre han propiciado que, como el toro bravo, me creciese en el castigo y me han fortalecido m\u00e1s. <\/strong>A ellos tambi\u00e9n, mi m\u00e1s sincero agradecimiento por haber dedicado parte de su preciado tiempo a ocuparse en mis art\u00edculos.<\/p>\n<p class=\"ft-text\">No puedo ni debo olvidarme de<strong> Pedro Pablo Alonso, director de este Diario <\/strong>en mis inicios a quien agradezco el haberme brindado el privilegio de formar parte de este gran equipo. Vali\u00f3 la pena. Gracias, tambi\u00e9n, a <strong>mis compa\u00f1eros de la secci\u00f3n de Cultura y Sociedad <\/strong>por su ayuda. A los de Part Forana. Y a los de Cierre y Digital, por su paciencia en la espera de finalizar mis cr\u00edticas a altas horas de la madrugada exprimiendo hasta el \u00faltimo minuto. Y, por \u00faltimo, mi <strong>agradecimiento m\u00e1s profundo a mi jefa de secci\u00f3n, Pilar Garc\u00e9s<\/strong>, a mi subdirectora <strong>Elena Vall\u00e9s <\/strong>y a mi directora, <strong>Marisa Go\u00f1i <\/strong>quien, paciente y perseverante, durante casi dos horas, intent\u00f3 reconducir mi decisi\u00f3n para evitar esta retirada. Siempre he contado con el benepl\u00e1cito y confianza de las tres que me han brindado total y absoluta libertad. <strong>Sin censuras, sin coartar mi libertad de expresi\u00f3n.<\/strong> Eso ha sido lo m\u00e1s importante y enriquecedor para m\u00ed, lo que m\u00e1s he valorado y lo que me ha permitido mantenerme frente al teclado y la pantalla del ordenador, con una implicaci\u00f3n y fidelidad desmesuradas, durante esta etapa, una docena de a\u00f1os, que hoy finaliza.<\/p>\n<p class=\"ft-text\">Con mis cinco sentidos, se acab\u00f3, pero vali\u00f3 la pena.<\/p>\n<p data-close=\"closedContent\" class=\"subscribeHideForDisplay\">Suscr\u00edbete para seguir leyendo<\/p>\n","protected":false},"excerpt":{"rendered":"Desde que con seis a\u00f1os me adentrase en el mundo del toro, y a punto de cumplir el&hellip;\n","protected":false},"author":2,"featured_media":139506,"comment_status":"","ping_status":"","sticky":false,"template":"","format":"standard","meta":{"footnotes":""},"categories":[277],"tags":[17577,373,168,43654,17505,25,24,9949,23,167,374,444],"class_list":{"0":"post-139505","1":"post","2":"type-post","3":"status-publish","4":"format-standard","5":"has-post-thumbnail","7":"category-toreo","8":"tag-acabo","9":"tag-bullfighting","10":"tag-deportes","11":"tag-diario-de-mallorca","12":"tag-empresarios","13":"tag-es","14":"tag-espana","15":"tag-manipulacion","16":"tag-spain","17":"tag-sports","18":"tag-toreo","19":"tag-toros"},"share_on_mastodon":{"url":"","error":""},"_links":{"self":[{"href":"https:\/\/www.europesays.com\/es\/wp-json\/wp\/v2\/posts\/139505","targetHints":{"allow":["GET"]}}],"collection":[{"href":"https:\/\/www.europesays.com\/es\/wp-json\/wp\/v2\/posts"}],"about":[{"href":"https:\/\/www.europesays.com\/es\/wp-json\/wp\/v2\/types\/post"}],"author":[{"embeddable":true,"href":"https:\/\/www.europesays.com\/es\/wp-json\/wp\/v2\/users\/2"}],"replies":[{"embeddable":true,"href":"https:\/\/www.europesays.com\/es\/wp-json\/wp\/v2\/comments?post=139505"}],"version-history":[{"count":0,"href":"https:\/\/www.europesays.com\/es\/wp-json\/wp\/v2\/posts\/139505\/revisions"}],"wp:featuredmedia":[{"embeddable":true,"href":"https:\/\/www.europesays.com\/es\/wp-json\/wp\/v2\/media\/139506"}],"wp:attachment":[{"href":"https:\/\/www.europesays.com\/es\/wp-json\/wp\/v2\/media?parent=139505"}],"wp:term":[{"taxonomy":"category","embeddable":true,"href":"https:\/\/www.europesays.com\/es\/wp-json\/wp\/v2\/categories?post=139505"},{"taxonomy":"post_tag","embeddable":true,"href":"https:\/\/www.europesays.com\/es\/wp-json\/wp\/v2\/tags?post=139505"}],"curies":[{"name":"wp","href":"https:\/\/api.w.org\/{rel}","templated":true}]}}