{"id":139507,"date":"2025-09-26T06:51:09","date_gmt":"2025-09-26T06:51:09","guid":{"rendered":"https:\/\/www.europesays.com\/es\/139507\/"},"modified":"2025-09-26T06:51:09","modified_gmt":"2025-09-26T06:51:09","slug":"casi-40-golfistas-en-el-torneo-alfonso-mas","status":"publish","type":"post","link":"https:\/\/www.europesays.com\/es\/139507\/","title":{"rendered":"Casi 40 golfistas en el torneo Alfonso Mas"},"content":{"rendered":"<p>La s\u00e9ptima edici\u00f3n del<strong> trofeo de golf Alfonso Mas<\/strong> se celebrar\u00e1 este s\u00e1bado en<strong> Son Parc<\/strong>, con la participaci\u00f3n de<strong> entre 35 y 40 deportistas<\/strong>, que competir\u00e1n en las dos categor\u00edas masculinas y una de damas.<\/p>\n<p>Este torneo se ha consolidado con el paso de los a\u00f1os. La primera edici\u00f3n fue<strong> impulsada por los amigos del abogado<\/strong>, poco despu\u00e9s de su fallecimiento.<\/p>\n<p>El trofeo siempre es una <strong>cer\u00e1mica, creada por la esposa de Mas<\/strong>, Lourdes de Olives. Y el ganador tambi\u00e9n <strong>se lleva un jam\u00f3n<\/strong>. En el torneo participan<strong> golfistas residentes y turistas<\/strong>, algunos de ellos asiduos a esta matinal de golf. La entrega de premios se celebra en el marco de una comida en las instalaciones de Son Parc.<\/p>\n","protected":false},"excerpt":{"rendered":"La s\u00e9ptima edici\u00f3n del trofeo de golf Alfonso Mas se celebrar\u00e1 este s\u00e1bado en Son Parc, con la&hellip;\n","protected":false},"author":2,"featured_media":139508,"comment_status":"","ping_status":"","sticky":false,"template":"","format":"standard","meta":{"footnotes":""},"categories":[275],"tags":[168,25,24,329,43655,744,23,167,37409],"class_list":{"0":"post-139507","1":"post","2":"type-post","3":"status-publish","4":"format-standard","5":"has-post-thumbnail","7":"category-golf","8":"tag-deportes","9":"tag-es","10":"tag-espana","11":"tag-golf","12":"tag-golf-son-parc","13":"tag-polideportivo","14":"tag-spain","15":"tag-sports","16":"tag-torneo-de-golf"},"share_on_mastodon":{"url":"","error":""},"_links":{"self":[{"href":"https:\/\/www.europesays.com\/es\/wp-json\/wp\/v2\/posts\/139507","targetHints":{"allow":["GET"]}}],"collection":[{"href":"https:\/\/www.europesays.com\/es\/wp-json\/wp\/v2\/posts"}],"about":[{"href":"https:\/\/www.europesays.com\/es\/wp-json\/wp\/v2\/types\/post"}],"author":[{"embeddable":true,"href":"https:\/\/www.europesays.com\/es\/wp-json\/wp\/v2\/users\/2"}],"replies":[{"embeddable":true,"href":"https:\/\/www.europesays.com\/es\/wp-json\/wp\/v2\/comments?post=139507"}],"version-history":[{"count":0,"href":"https:\/\/www.europesays.com\/es\/wp-json\/wp\/v2\/posts\/139507\/revisions"}],"wp:featuredmedia":[{"embeddable":true,"href":"https:\/\/www.europesays.com\/es\/wp-json\/wp\/v2\/media\/139508"}],"wp:attachment":[{"href":"https:\/\/www.europesays.com\/es\/wp-json\/wp\/v2\/media?parent=139507"}],"wp:term":[{"taxonomy":"category","embeddable":true,"href":"https:\/\/www.europesays.com\/es\/wp-json\/wp\/v2\/categories?post=139507"},{"taxonomy":"post_tag","embeddable":true,"href":"https:\/\/www.europesays.com\/es\/wp-json\/wp\/v2\/tags?post=139507"}],"curies":[{"name":"wp","href":"https:\/\/api.w.org\/{rel}","templated":true}]}}