{"id":139509,"date":"2025-09-26T06:55:08","date_gmt":"2025-09-26T06:55:08","guid":{"rendered":"https:\/\/www.europesays.com\/es\/139509\/"},"modified":"2025-09-26T06:55:08","modified_gmt":"2025-09-26T06:55:08","slug":"una-competicion-menor-para-la-continuidad-en-europa-de-un-ucam-que-es-favorito","status":"publish","type":"post","link":"https:\/\/www.europesays.com\/es\/139509\/","title":{"rendered":"Una competici\u00f3n menor para la continuidad en Europa de un UCAM que es favorito"},"content":{"rendered":"<p> Desde que el UCAM se estrenara en 2016 en las competiciones europeas, posteriormente a una temporada que su primera clasificaci\u00f3n para un &#8216;playoff&#8217; de  &#8230; la Liga Endesa como s\u00e9ptimo le dio tambi\u00e9n el pase directo a la EuroCup, en el que termin\u00f3 siendo el \u00faltimo a\u00f1o de entrada en Europa por m\u00e9rito dom\u00e9stico, el equipo murciano ha viajado seis campa\u00f1as por fuera de Espa\u00f1a. La del estreno en una EuroCup en la que alcanz\u00f3 el &#8216;top 16&#8217; y, las cinco siguientes, en la Champions League.<\/p>\n<p class=\"v-p\">Esta competici\u00f3n, creada en 2016 por la FIBA para hacerle la guerra a la Euroliga, y que tuvo a La Laguna como primer campe\u00f3n, r\u00e1pidamente gan\u00f3 adeptos por, sobre todo, el mayor retorno econ\u00f3mico que una EuroCup a la que fue comi\u00e9ndole cada vez m\u00e1s terreno con el tiempo. El UCAM opt\u00f3 por ella en 2017-18 y en su primera participaci\u00f3n lleg\u00f3 hasta la &#8216;Final Four&#8217;, colg\u00e1ndose el bronce. Un a\u00f1o despu\u00e9s, y tras clasificaci\u00f3n por previa, cay\u00f3 en octavos de final, y no volvi\u00f3 hasta la 2022-23. El Unicaja fue su verdugo en cuartos de final, inici\u00e1ndose las hostilidades con el actual bicampe\u00f3n, contra el que lleg\u00f3 a jugar diez veces en un a\u00f1o. En 2024 lleg\u00f3 el siguiente bronce, de nuevo con el Unicaja como elemento castigador en semifinales, y, el a\u00f1o pasado, un decepcionante &#8216;top 16&#8217; propici\u00f3 un adi\u00f3s prematuro del torneo.<\/p>\n<ul class=\"v-u\">\n<li class=\"v-u__l\">\n<p class=\"v-p\">\nEl debut, el 15 de octubre<br \/>\nEse d\u00eda el UCAM estrenar\u00e1 la primera fase de grupos en el Palacio ante el Rilski b\u00falgaro.\n<\/p>\n<\/li>\n<li class=\"v-u__l\">\n<p class=\"v-p\">\nEliminatoria a doble partido<br \/>\nDespu\u00e9s de dos fases de grupos, cuartos, semifinales y final se juegan a doble partido.\n<\/p>\n<\/li>\n<li class=\"v-u__l\">\n<p class=\"v-p\">\nCandidato<br \/>\nEl UCAM es uno de los espa\u00f1oles junto al Bilbao y el Casademont. Alg\u00fan hist\u00f3rico europeo entra en juego.\n<\/p>\n<\/li>\n<\/ul>\n<p class=\"v-p\">Ahora, y tras otro golpe de la Champions League a la EuroCup, habi\u00e9ndole &#8216;robado&#8217; a unos Joventut y Gran Canaria que compet\u00edan en esta y que quedaron por delante del UCAM en la Liga Endesa, el noveno puesto de la temporada pasada obligaba a pasar por previa y en un formato que solo toleraba la perfecci\u00f3n: ganar tres de tres o a casa. Pero el UCAM fue inferior el \u00faltimo d\u00eda ante el Chalon franc\u00e9s (88-96).<\/p>\n<p>\nEsta temporada ser\u00e1 la s\u00e9ptima del equipo por el Viejo Continente y la primera en la divisi\u00f3n peque\u00f1a de la Champions\n<\/p>\n<p class=\"v-p\">Al igual que la Euroliga tiene su segunda competici\u00f3n en la EuroCup, la Champions League tiene la suya en la FIBA Europe Cup. All\u00ed es a donde ha ca\u00eddo el UCAM, encuadrado en un grupo A que compartir\u00e1 con el Lublin polaco (el mismo de los cuartos de final de la previa), el Rilski b\u00falgaro (por lo que volver\u00e1 a S\u00e1mokov) y el ganador de la eliminatoria previa entre el Bosna de Sarajevo (campe\u00f3n de Europa en 1979) y el Kangoeroes belga, una que marcha con 25 puntos de ventaja para los bosnios.<\/p>\n<p>La hoja de ruta<\/p>\n<p class=\"v-p\">Hay hasta diez grupos de cuatro equipos en la primera fase (entre el 14 de octubre y el 19 de noviembre), de la que los primeros clasificados y los seis mejores segundos avanzan al &#8216;top 16&#8217;, una segunda fase de cuatro grupos con cuatro equipos cada uno (del 10 de diciembre al 11 de febrero). A partir de ah\u00ed, cuartos de final por eliminatorias a doble partido entre primeros y segundos (11 y 18 de marzo), semifinales tambi\u00e9n a doble partido con ida y vuelta (1 y 8 de abril) y final repitiendo formato (22 y 29 de abril). A diferencia de la Champions, no hay &#8216;final four&#8217;.<\/p>\n<p class=\"v-p\">Por estatus e historia reciente, el UCAM entra directamente en la terna de favoritos de una competici\u00f3n cuyo \u00faltimo campe\u00f3n es el Bilbao, antepen\u00faltimo en la Liga Endesa. El otro espa\u00f1ol que acompa\u00f1a es el Casademont y, aunque entre sus participantes hay mucho desconocido, se cuelan algunos hist\u00f3ricos europeos de otro tiempo como el propio Bosna, el PAOK de Sal\u00f3nica y la Cibona de Zagreb si supera su previa, as\u00ed como otros de participaci\u00f3n europea en la \u00faltima d\u00e9cada como el Peristeri, el Reggiana de Troy Caupain, el Dijon, el Falco, el Sassari, el Braunschweig (\u00faltimo equipo de Dustin Sleva antes del UCAM) o el Petkim.<\/p>\n<ol class=\"v-cmp-u-b__u\">\n<li class=\"v-cmp-u-b__l\">\n<p><img decoding=\"async\" loading=\"lazy\" src=\"https:\/\/www.europesays.com\/es\/wp-content\/uploads\/2025\/09\/205451583-kGiD--80x80@La Verdad.jpg\" class=\"v-cmp-u-b__img\" width=\"80\" height=\"80\" alt=\"Imagen principal - Sito Alonso: \u00abPara nosotros,jugar en Europa es un orgullo\u00bb \"\/><\/p>\n<p>Sito Alonso: \u00abPara nosotros,jugar en Europa es un orgullo\u00bb <\/p>\n<\/li>\n<\/ol>\n<p class=\"v-p\">En un v\u00eddeo pospartido difundido ayer por el UCAM en sus redes sociales, Sito Alonso quer\u00eda poner en valor una FIBA Europe Cup \u00aben la que vamos a intentar luchar\u00bb, si bien algo que es \u00abprioridad m\u00e1xima\u00bb ahora para el t\u00e9cnico es \u00abla adaptaci\u00f3n del equipo y la competici\u00f3n dom\u00e9stica, que es donde m\u00e1s atentos tenemos que estar\u00bb.<\/p>\n<p class=\"v-p\">Aunque toca dejar atr\u00e1s el pasado, y, de hecho, el UCAM juega pasado ma\u00f1ana en Granada su \u00faltimo amistoso de preparaci\u00f3n para la Liga Endesa, Sito reconoc\u00eda que algunos de sus hombres se encontraban \u00abfrustrados, pero enseguida han comprendido que tenemos fijarnos de manera inmediata en nuestra evoluci\u00f3n\u00bb.<\/p>\n<p class=\"v-p\">El reto para su club es lograr hacer ver atractiva la FIBA Europe Cup al abonado, que ha repetido la cuota posterior a la exitosa 2023-24, en el 40 aniversario. Porque, si bien al aficionado se le pide fidelidad, no llena tanto cartel el ALBA de Berl\u00edn, en el grupo al que habr\u00eda ido el UCAM, que el Rilski. Sito cree que \u00abla exigencia que tiene jugar Europa va unida al respeto que se tiene que tener a la historia de nuestro club\u00bb, haciendo saber que \u00abhay equipos s\u00faper buenos y otros que quieren alcanzar las m\u00e1ximas cotas\u00bb. Para su club, \u00abjugar en Europa es un orgullo\u00bb.<\/p>\n<p>DeJulius, casi eslovaco<\/p>\n<p class=\"v-p\">De manera casual o conveniente, menos de una hora despu\u00e9s de la derrota del UCAM ante el Chalon por el billete a la Champions League, el periodista Chema de Lucas adelant\u00f3 en &#8216;X&#8217; que \u00abla federaci\u00f3n eslovaca apuesta por naturalizar a David DeJulius para reforzar su selecci\u00f3n\u00bb, concretando que \u00abdebutar\u00eda en la ventana de noviembre del preclasificatorio para el Eurobasket del a\u00f1o 2029\u00bb.<\/p>\n<p class=\"v-p\">A diferencia de Forrest y Cacok, naturalizados por Jamaica, el todav\u00eda extracomunitario DeJulius no guarda ning\u00fan v\u00ednculo con el pa\u00eds centroeuropeo. Al UCAM se le abre as\u00ed el mercado para sustituir a un Gates al que se le har\u00e1n pruebas ahora.<\/p>\n","protected":false},"excerpt":{"rendered":"Desde que el UCAM se estrenara en 2016 en las competiciones europeas, posteriormente a una temporada que su&hellip;\n","protected":false},"author":2,"featured_media":139510,"comment_status":"","ping_status":"","sticky":false,"template":"","format":"standard","meta":{"footnotes":""},"categories":[269],"tags":[299,298,4842,16866,168,25,24,700,16900,2126,23,167,9413],"class_list":{"0":"post-139509","1":"post","2":"type-post","3":"status-publish","4":"format-standard","5":"has-post-thumbnail","7":"category-baloncesto","8":"tag-baloncesto","9":"tag-basketball","10":"tag-competicion","11":"tag-continuidad","12":"tag-deportes","13":"tag-es","14":"tag-espana","15":"tag-europa","16":"tag-favorito","17":"tag-menor","18":"tag-spain","19":"tag-sports","20":"tag-ucam"},"share_on_mastodon":{"url":"","error":""},"_links":{"self":[{"href":"https:\/\/www.europesays.com\/es\/wp-json\/wp\/v2\/posts\/139509","targetHints":{"allow":["GET"]}}],"collection":[{"href":"https:\/\/www.europesays.com\/es\/wp-json\/wp\/v2\/posts"}],"about":[{"href":"https:\/\/www.europesays.com\/es\/wp-json\/wp\/v2\/types\/post"}],"author":[{"embeddable":true,"href":"https:\/\/www.europesays.com\/es\/wp-json\/wp\/v2\/users\/2"}],"replies":[{"embeddable":true,"href":"https:\/\/www.europesays.com\/es\/wp-json\/wp\/v2\/comments?post=139509"}],"version-history":[{"count":0,"href":"https:\/\/www.europesays.com\/es\/wp-json\/wp\/v2\/posts\/139509\/revisions"}],"wp:featuredmedia":[{"embeddable":true,"href":"https:\/\/www.europesays.com\/es\/wp-json\/wp\/v2\/media\/139510"}],"wp:attachment":[{"href":"https:\/\/www.europesays.com\/es\/wp-json\/wp\/v2\/media?parent=139509"}],"wp:term":[{"taxonomy":"category","embeddable":true,"href":"https:\/\/www.europesays.com\/es\/wp-json\/wp\/v2\/categories?post=139509"},{"taxonomy":"post_tag","embeddable":true,"href":"https:\/\/www.europesays.com\/es\/wp-json\/wp\/v2\/tags?post=139509"}],"curies":[{"name":"wp","href":"https:\/\/api.w.org\/{rel}","templated":true}]}}