{"id":139521,"date":"2025-09-26T07:02:09","date_gmt":"2025-09-26T07:02:09","guid":{"rendered":"https:\/\/www.europesays.com\/es\/139521\/"},"modified":"2025-09-26T07:02:09","modified_gmt":"2025-09-26T07:02:09","slug":"las-delicias-del-jardin-una-gozosa-comedia-ligera-genuinamente-madrilena-de-fernando-colomo-cine-estrenos-y-criticas","status":"publish","type":"post","link":"https:\/\/www.europesays.com\/es\/139521\/","title":{"rendered":"\u2018Las delicias del jard\u00edn\u2019: una gozosa comedia ligera genuinamente madrile\u00f1a de Fernando Colomo | Cine: estrenos y cr\u00edticas"},"content":{"rendered":"<p class=\"\">Al personaje que interpreta Fernando Colomo en Las delicias del jard\u00edn le tiembla el pulso y ya no puede pintar como antes. Ferm\u00edn Gac\u00eda L\u00f3pez es un reconocido pintor abstracto en horas bajas que le pide ayuda a su hijo (artista figurativo) cuando recibe el encargo de su exmujer y galerista (Carmen Machi) de recrear <a href=\"https:\/\/elpais.com\/cultura\/2025-04-17\/el-secreto-del-cuadro-mas-mirado-del-museo-del-prado.html\" target=\"_self\" rel=\"nofollow noopener\" title=\"https:\/\/elpais.com\/cultura\/2025-04-17\/el-secreto-del-cuadro-mas-mirado-del-museo-del-prado.html\">El jard\u00edn de las delicias de El Bosco<\/a>. Escrita e interpretada por Colomo y por su propio hijo, Pablo Colomo, esta comedia autorreferencial se vale del tel\u00f3n de fondo del mundo del arte para reivindicar un cine l\u00fadico, azaroso e imperfecto en el que Colomo parece moverse feliz, como pez en el agua. <\/p>\n<p>M\u00e1s informaci\u00f3n<\/p>\n<p class=\"\">Como el <a href=\"https:\/\/elpais.com\/noticias\/woody-allen\/\" target=\"_self\" rel=\"nofollow noopener\" title=\"https:\/\/elpais.com\/noticias\/woody-allen\/\">Woody Allen<\/a> m\u00e1s despojado, con un ritmo de jazz que evoca las pel\u00edculas del neoyorquino, el director de Tigres de papel construye una gozosa comedia ligera genuinamente madrile\u00f1a en la que se saca de la chistera al pintor Antonio L\u00f3pez, se cita al cr\u00edtico Francisco Calvo Serraller, aparecen las salas de la colecci\u00f3n Solo y del Prado y el artista Javier de Juan tiene un papel secundario. Todo ello, con la espontaneidad que propicia rodar con (hasta seis) m\u00f3viles orquestados por Jos\u00e9 Luis Alcaine, sin miedo a las improvisaciones y sacando partido de localizaciones naturales cuya vida y detalles se cuelan en la imagen.<\/p>\n<p><img decoding=\"auto\" class=\"_re lazyload a_m-h\" height=\"184\"  width=\"414\"  src=\"https:\/\/www.europesays.com\/es\/wp-content\/uploads\/2025\/09\/CXE2QPLEEZDXLAVWFY4JUJ3TRQ.jpg\" loading=\"lazy\"\/>Carmen Machi, entre Pablo y Fernando Colomo, en &#8216;Las delicias del jard\u00edn&#8217;.<\/p>\n<p class=\"\">Quiz\u00e1 hay que llegar a los 79 a\u00f1os para no tenerle miedo al juego y convertir la necesidad en virtud. El Colomo-actor, con su pajarita trasnochada y su retranca, tiene toda la gracia. Pero la principal virtud de Las delicias del jard\u00edn no tiene que ver con gags y carcajadas, sino con su fresca autenticidad e iron\u00eda, algo que sobre todo se palpa en la relaci\u00f3n padre-hijo, que, escoltados por la todoterreno Machi y otros compinches (de <a href=\"https:\/\/elpais.com\/noticias\/brays-efe\/\" target=\"_self\" rel=\"nofollow noopener\" title=\"https:\/\/elpais.com\/noticias\/brays-efe\/\">Brays Efe<\/a> a <a href=\"https:\/\/elpais.com\/noticias\/antonio-resines\/\" target=\"_self\" rel=\"nofollow noopener\" title=\"https:\/\/elpais.com\/noticias\/antonio-resines\/\">Antonio Resines<\/a>), ponen sobre la mesa sus cordiales conflictos generacionales. <\/p>\n<p>M\u00e1s informaci\u00f3n<\/p>\n<p class=\"\">Si el personaje de Colomo-padre reivindica los valores de su cultura de la Transici\u00f3n, el Colomo-hijo muestra el desconcierto de su \u00e9poca entre apps para ligar y deshilachados discursos neoliberales. Es un choque planteado sin estridencias, desde la complicidad entre un padre y un hijo que se drogan y se r\u00eden juntos mientras sobreviven como p\u00edcaros urbanos. Las delicias del jard\u00edn tiene mucho de canto a la calamidad y el desastre, a la imperfecci\u00f3n y sus peque\u00f1os milagros como forma de vida y de expresi\u00f3n art\u00edstica. <\/p>\n<p>Las delicias del jard\u00edn<\/p>\n<p><strong>Direcci\u00f3n:<\/strong> Fernando Colomo.<\/p>\n<p><strong>Int\u00e9rpretes:<\/strong> Fernando Colomo, Pablo Colomo, Carmen Machi, Brays, Antonio Resines, Mar\u00eda Herv\u00e1s.<\/p>\n<p><strong>G\u00e9nero:<\/strong> comedia. Espa\u00f1a, 2025.<\/p>\n<p><strong>Duraci\u00f3n:<\/strong> 94 minutos.<\/p>\n<p><strong>Estreno: 19 de septiembre.<\/strong><\/p>\n","protected":false},"excerpt":{"rendered":"Al personaje que interpreta Fernando Colomo en Las delicias del jard\u00edn le tiembla el pulso y ya no&hellip;\n","protected":false},"author":2,"featured_media":139522,"comment_status":"","ping_status":"","sticky":false,"template":"","format":"standard","meta":{"footnotes":""},"categories":[169],"tags":[1014,1015,18410,177,12374,3059,11344,209,9265,146,147,25,24,43656,176,175,753,23],"class_list":{"0":"post-139521","1":"post","2":"type-post","3":"status-publish","4":"format-standard","5":"has-post-thumbnail","7":"category-cine","8":"tag-actores","9":"tag-actrices","10":"tag-carmen-machi","11":"tag-cine","12":"tag-cine-espanol","13":"tag-comedia","14":"tag-critica-cine","15":"tag-cultura","16":"tag-directores-cine","17":"tag-entertainment","18":"tag-entretenimiento","19":"tag-es","20":"tag-espana","21":"tag-fernando-colomo","22":"tag-film","23":"tag-movies","24":"tag-peliculas","25":"tag-spain"},"share_on_mastodon":{"url":"","error":""},"_links":{"self":[{"href":"https:\/\/www.europesays.com\/es\/wp-json\/wp\/v2\/posts\/139521","targetHints":{"allow":["GET"]}}],"collection":[{"href":"https:\/\/www.europesays.com\/es\/wp-json\/wp\/v2\/posts"}],"about":[{"href":"https:\/\/www.europesays.com\/es\/wp-json\/wp\/v2\/types\/post"}],"author":[{"embeddable":true,"href":"https:\/\/www.europesays.com\/es\/wp-json\/wp\/v2\/users\/2"}],"replies":[{"embeddable":true,"href":"https:\/\/www.europesays.com\/es\/wp-json\/wp\/v2\/comments?post=139521"}],"version-history":[{"count":0,"href":"https:\/\/www.europesays.com\/es\/wp-json\/wp\/v2\/posts\/139521\/revisions"}],"wp:featuredmedia":[{"embeddable":true,"href":"https:\/\/www.europesays.com\/es\/wp-json\/wp\/v2\/media\/139522"}],"wp:attachment":[{"href":"https:\/\/www.europesays.com\/es\/wp-json\/wp\/v2\/media?parent=139521"}],"wp:term":[{"taxonomy":"category","embeddable":true,"href":"https:\/\/www.europesays.com\/es\/wp-json\/wp\/v2\/categories?post=139521"},{"taxonomy":"post_tag","embeddable":true,"href":"https:\/\/www.europesays.com\/es\/wp-json\/wp\/v2\/tags?post=139521"}],"curies":[{"name":"wp","href":"https:\/\/api.w.org\/{rel}","templated":true}]}}