{"id":139574,"date":"2025-09-26T07:34:15","date_gmt":"2025-09-26T07:34:15","guid":{"rendered":"https:\/\/www.europesays.com\/es\/139574\/"},"modified":"2025-09-26T07:34:15","modified_gmt":"2025-09-26T07:34:15","slug":"el-recoletas-apela-al-factor-huerta-para-roer-un-hueso-duro-como-guadalajara","status":"publish","type":"post","link":"https:\/\/www.europesays.com\/es\/139574\/","title":{"rendered":"El Recoletas apela al &#8216;factor Huerta&#8217; para roer un hueso duro como Guadalajara"},"content":{"rendered":"<p><a class=\"v-mdl-ath__fig-a\" href=\"https:\/\/www.elnortedecastilla.es\/autor\/luis-miguel-de-pablos-682.html\" title=\"Luis Miguel de Pablos\" rel=\"nofollow noopener\" target=\"_blank\"><br \/>\n<img decoding=\"async\" class=\"v-mdl-ath__img\" src=\"https:\/\/www.europesays.com\/es\/wp-content\/uploads\/2025\/09\/autor-682-foto-1.jpeg\" alt=\"Luis Miguel de Pablos\"\/><br \/>\n<\/a><\/p>\n<p class=\"v-mdl-ath__p v-mdl-ath__p--6\">\nJueves, 25 de septiembre 2025, 18:19<\/p>\n<p class=\"v-p\">La Liga Asobal se ha igualado tanto en los \u00faltimos a\u00f1os por debajo del FC Barcelona, que ya nadie concede un mil\u00edmetro y todos los equipos analizan al m\u00e1ximo los calendarios para no ceder un solo punto cuando no toca. El de este s\u00e1bado en <a href=\"https:\/\/www.elnortedecastilla.es\/deportes\/balonmano\/vida-sigue-igual-huerta-recoletas-arranca-ciclon-20250914141022-nt.html\" data-voc-vtm-id=\"in-text-traffic\" title=\"Huerta \" data-mrf-link=\"www.elnortedecastilla.es\" rel=\"nofollow noopener\" target=\"_blank\">Huerta <\/a>del Rey (20:30 horas), am\u00e9n de jugarse como local, es de los partidos que no puede perdonar el Recoletas Atl\u00e9tico, de ah\u00ed el \u00e9nfasis que ha puesto su t\u00e9cnico David Pisonero en la previa. \u00abEs una jornada muy importante, hemos pasado algo necesario que era el partido del <a href=\"https:\/\/www.elnortedecastilla.es\/deportes\/balonmano\/recoletas-valladolid-cosecha-digna-derrota-ante-barca-20250920211808-nt.html\" data-voc-vtm-id=\"in-text-traffic\" title=\"Bar\u00e7a \" data-mrf-link=\"www.elnortedecastilla.es\" rel=\"nofollow noopener\" target=\"_blank\">Bar\u00e7a <\/a>y ahora afrontamos los partidos de casa con mucha inquietud porque estos puntos, es duro decirlo, son muy importantes\u00bb, apunta, consciente de que el encuentro entra\u00f1a su dificultad por los problemas que tradicionalmente plantea Guadalajara. <\/p>\n<p class=\"v-p\">\u00abNo se nos da bien, se nos enquista bastante, trabajan muy bien y la derrota del otro d\u00eda con Alicante es demasiado castigo para lo que merecieron en pista. Espero un partido con ritmo, ellos juegan muy libres y sin cadenas, con libertad, con lo cual es un equipo peligroso. Tenemos m\u00e1s poso que el a\u00f1o pasado, con lo cual nuestra fiabilidad es mejor si somos capaces de correr y hacer goles f\u00e1ciles. Los centrales son nuevos (Joan Blanco y Gonzalo Velasco), jugadores conocidos con recorrido, y luego el crecimiento de Gorostidi, la veteran\u00eda del brasile\u00f1o Chiuffa, Blanco, Ganuza, Dorado, Catalina o el pivote Diego Vera,&#8230; no va a ser f\u00e1cil porque es un equipo que no nos gusta demasiado, intentaremos que el factor Huerta nos ayude a sumar puntos\u00bb, admite, desconfiado por un rival que a\u00fan no ha sumado puntos tras las derrotas en Logro\u00f1o (34-30) y ante Alicante (29-35).<\/p>\n<p class=\"v-p\">\u00abLa competitividad est\u00e1 subiendo cada vez m\u00e1s, los dos de Plata suben con toda la intenci\u00f3n de quedarse. Cuenca no es capaz de sacar el partido de Caser\u00edo, a Torrelavega le cuesta dios y ayuda sacar el partido en Cuenca,&#8230; Vamos a estar todos en un periodo corto y la lucha va a ser terrible, por eso es tan importante el partido del s\u00e1bado\u00bb, reconode Pisonero, que sigue su particular traves\u00eda para acoplar piezas al engranaje del <a href=\"https:\/\/www.elnortedecastilla.es\/deportes\/balonmano\/vida-sigue-igual-huerta-recoletas-arranca-ciclon-20250914141022-nt.html\" data-voc-vtm-id=\"in-text-traffic\" title=\"Recoletas\" data-mrf-link=\"www.elnortedecastilla.es\" rel=\"nofollow noopener\" target=\"_blank\">Recoletas<\/a>. \u00abNos est\u00e1 costando un poquito acoplar cosas distintas con los dos laterales, algo que ten\u00edamos previsto. Vienen de un balonmano distinto, sabemos que lo van a hacer pero tambi\u00e9n nos dan cosas diferentes. Y luego el centro con Rares nos va a costar, necesitamos que nos d\u00e9 esa rotaci\u00f3n. Si comparamos con las prestaciones de los pivotes del a\u00f1o pasado es evidente que hay diferencias\u00bb, subraya, explicando que los suyos se encuentran en ese proceso de amoldarse \u00aba cambios defensivos\u00bb y \u00abajustar un balance\u00bb que antes sal\u00eda de manera autom\u00e1tica. \u00abEn Barcelona, por ejemplo, tuvimos un d\u00e9ficit ah\u00ed\u00bb, admite.<\/p>\n<p>Comenta<\/p>\n<p>Reporta un error<\/p>\n","protected":false},"excerpt":{"rendered":"Jueves, 25 de septiembre 2025, 18:19 La Liga Asobal se ha igualado tanto en los \u00faltimos a\u00f1os por&hellip;\n","protected":false},"author":2,"featured_media":139575,"comment_status":"","ping_status":"","sticky":false,"template":"","format":"standard","meta":{"footnotes":""},"categories":[278],"tags":[9773,376,168,2562,25,24,8834,439,375,38851,43660,8480,43659,23,167],"class_list":{"0":"post-139574","1":"post","2":"type-post","3":"status-publish","4":"format-standard","5":"has-post-thumbnail","7":"category-balonmano","8":"tag-apela","9":"tag-balonmano","10":"tag-deportes","11":"tag-duro","12":"tag-es","13":"tag-espana","14":"tag-factor","15":"tag-guadalajara","16":"tag-handball","17":"tag-huerta","18":"tag-hueso","19":"tag-recoletas","20":"tag-roer","21":"tag-spain","22":"tag-sports"},"share_on_mastodon":{"url":"","error":""},"_links":{"self":[{"href":"https:\/\/www.europesays.com\/es\/wp-json\/wp\/v2\/posts\/139574","targetHints":{"allow":["GET"]}}],"collection":[{"href":"https:\/\/www.europesays.com\/es\/wp-json\/wp\/v2\/posts"}],"about":[{"href":"https:\/\/www.europesays.com\/es\/wp-json\/wp\/v2\/types\/post"}],"author":[{"embeddable":true,"href":"https:\/\/www.europesays.com\/es\/wp-json\/wp\/v2\/users\/2"}],"replies":[{"embeddable":true,"href":"https:\/\/www.europesays.com\/es\/wp-json\/wp\/v2\/comments?post=139574"}],"version-history":[{"count":0,"href":"https:\/\/www.europesays.com\/es\/wp-json\/wp\/v2\/posts\/139574\/revisions"}],"wp:featuredmedia":[{"embeddable":true,"href":"https:\/\/www.europesays.com\/es\/wp-json\/wp\/v2\/media\/139575"}],"wp:attachment":[{"href":"https:\/\/www.europesays.com\/es\/wp-json\/wp\/v2\/media?parent=139574"}],"wp:term":[{"taxonomy":"category","embeddable":true,"href":"https:\/\/www.europesays.com\/es\/wp-json\/wp\/v2\/categories?post=139574"},{"taxonomy":"post_tag","embeddable":true,"href":"https:\/\/www.europesays.com\/es\/wp-json\/wp\/v2\/tags?post=139574"}],"curies":[{"name":"wp","href":"https:\/\/api.w.org\/{rel}","templated":true}]}}