{"id":139576,"date":"2025-09-26T07:36:10","date_gmt":"2025-09-26T07:36:10","guid":{"rendered":"https:\/\/www.europesays.com\/es\/139576\/"},"modified":"2025-09-26T07:36:10","modified_gmt":"2025-09-26T07:36:10","slug":"me-dijo-que-ibamos-a-ganar-juntos-y-asi-lo-hicimos","status":"publish","type":"post","link":"https:\/\/www.europesays.com\/es\/139576\/","title":{"rendered":"\u00abMe dijo que \u00edbamos a ganar juntos y as\u00ed lo hicimos\u00bb"},"content":{"rendered":"<p><img decoding=\"async\" class=\"voc-author__img\" src=\"https:\/\/www.europesays.com\/es\/wp-content\/uploads\/2025\/09\/1758762849_494_autor-1617-foto-9.jpeg\" alt=\"\u00c1lvaro Colmenero\"\/><\/p>\n<p class=\"voc-p\" style=\"\"><strong>La historia de Hecher Sosa dar\u00eda para la elaboraci\u00f3n de una pel\u00edcula<\/strong>. El canario logr\u00f3 una hist\u00f3rica victoria en el Dana White&#8217;s Contender Series que le sirvi\u00f3 para entrar a formar parte de la UFC. Lo hizo despu\u00e9s de conocer que a miles de kil\u00f3metros su padre hab\u00eda fallecido. Le ofrecieron cancelar la pelea, pero sigui\u00f3 adelante. \u00abMe dijo que empezamos juntos el camino hacia la UFC y lo terminar\u00edamos juntos\u00bb, recuerda.<a href=\"https:\/\/www.abc.es\/deportes\/mma\/hecher-sosa-nuevo-luchador-espanol-firmado-ufc-20250917121953-nt.html\" target=\"_self\" data-voc-vtm-id=\"in-text-traffic\" title=\" Arras\u00f3 al invicto brasile\u00f1o Mackson Lee\" rel=\"nofollow noopener\"> Arras\u00f3 al invicto brasile\u00f1o Mackson Lee<\/a> en Las Vegas y hasta el mism\u00edsimo Dana White se acerc\u00f3 a felicitarlo. Y le entr\u00f3 una nota, que ya forma parte de su vida: <a href=\"https:\/\/www.abc.es\/deportes\/mma\/maldita-razon-apellido-signifique-dia-inedita-anecdota-20250918044612-nt.html\" target=\"_self\" data-voc-vtm-id=\"in-text-traffic\" title=\"\u00abS\u00e9 la maldita raz\u00f3n por la que tu apellido sea conocido alg\u00fan d\u00eda\u00bb\" rel=\"nofollow noopener\">\u00abS\u00e9 la maldita raz\u00f3n por la que tu apellido sea conocido alg\u00fan d\u00eda\u00bb<\/a>. Se refer\u00eda a honrar a su padre. As\u00ed lo hizo. Y as\u00ed lo har\u00e1. Ya a su llegada a su querida isla de Lanzarote, Hecher Sosa atiende a ABC MMA en exclusiva para analizar aquellos d\u00e1is y el futuro que le espera dentro de la UFC. <\/p>\n<p class=\"voc-p\" style=\"\"><strong>-Lo primero de todo, enhorabuena por la victoria. Un triunfo muy dif\u00edcil por la situaci\u00f3n personal con la que la lograste, habiendo perdiendo a tu padre solo un d\u00eda antes del combate. \u00bfC\u00f3mo est\u00e1s?<\/strong><\/p>\n<p class=\"voc-p\" style=\"\">-Estoy contento por la parte deportiva, feliz de cumplir un sue\u00f1o y ser el primer espa\u00f1ol en entrar a la UFC a trav\u00e9s del Contender Series. En la parte personal, estoy un poco triste, volver a casa y darme un golpe de realidad, no ver a mi padre en casa, es un poco complicado. Pero es parte de la vida y hay que fuerte, no hay m\u00e1s.<\/p>\n<p class=\"voc-p\" style=\"\"><strong>-Hiciste una publicaci\u00f3n en Instagram contando desde Las Vegas lo que te acababa de ocurrir, algo con lo que los aficionados empatizaron por la crudeza de tus palabras.<\/strong><\/p>\n<p class=\"voc-p\" style=\"\">-Fue dur\u00edsimo, de las cosas m\u00e1s dura que me han pasado en la vida. Ya cortar peso es duro, muchos no dan el peso y se vienen abajo psicol\u00f3gicamente, en mi situaci\u00f3n sin dormir se me complic\u00f3 m\u00e1s a\u00fan con la noticia de mi padre. Sab\u00eda que estaba muy enfermo, que era probable que no lo viese m\u00e1s, pero siempre tienes la esperanza de ganar la pelea y llevarle el contrato a mi padre, y poder despedirme. No fue as\u00ed. Toc\u00f3 como toc\u00f3. La \u00fanica forma que ten\u00eda para retomar el corte de peso fue decir: &#8216;\u00c9l me dijo que hab\u00edamos empezado esto juntos y se fue de su cuerpo para venir a estar conmigo a Las Vegas&#8217;. El \u00faltimo audio que tengo de \u00e9l me dec\u00eda: &#8216;Hijo tranquilo, vas a dar el peso y voy a estar contigo. Vamos a pelear y vamos a ganar&#8217;. Y es que fue as\u00ed. Dimos el peso, porque \u00e9l estaba conmigo en cada momento, yo lo sent\u00eda. Y ganamos la pelea porque estaba conmigo en cada golpe. <\/p>\n<p class=\"voc-p\" style=\"\"><strong>-Sin duda, es uno de las narrativas m\u00e1s fuertes que hemos visto dentro del Contender Series y de la UFC. Pero hablemos del combate, llegabas como no favorito ante un brasile\u00f1o invicto en la pelea estelar. Y mantuviste una actitud de m\u00e1xima intensidad, buscando finalizar constantemente el pleito. Y sorprendiste con el &#8216;game plan&#8217; de la lucha cuerpo a cuerpo.<\/strong><\/p>\n<p class=\"voc-p\" style=\"\">-Soy un peleador muy completo, tengo muy buena lucha, suelo y golpeo. En la mayor\u00eda de mis peleas siempre uso el golpeo, pero al ser mi rival un luchador tan alto y moverse tanto ten\u00edamos que cerrar la distancia, llevarlo al suelo e intentar desgastarlo para que se moviera menos y poder cazarlo de pie. As\u00ed lo hice. Lo derrib\u00e9 y lo mantuve en el suelo. Creo que si hubiera sido un poco m\u00e1s bajito lo hubiera noqueado, me costaba llegar a la cara. Fue apabullante. He le\u00eddo alg\u00fan comentario que dec\u00eda que gan\u00e9 el contrato por pena, por lo que me pas\u00f3, puedo decir muchos nombres que sin finalizar y con peleas mucho m\u00e1s aburridas ganaron el contrato. Seguro que mi narrativa es un plus, pero sal\u00ed a aniquilar a mi rival, siendo el menos favorito le pas\u00e9 por encima en todas las \u00e1reas, no par\u00e9 de intentar finalizar. Lo \u00fanico que empa\u00f1\u00f3 la pelea fue la guillotina que me cogi\u00f3 y estaba tranquil\u00edsimo porque \u00e9l se estaba desgastando, no estuve apurado en ning\u00fan momento. Me falt\u00f3 la guinda del pastel que fue noquearlo, pero mi actitud fue de acabar en todo momento. <\/p>\n<p class=\"voc-p\" style=\"\"><strong>-La envidia acostumbra a ser un deporte nacional en Espa\u00f1a. Hablemos del momento guillotina, tu oponente fue a finalizar con esa sumisi\u00f3n. \u00bfQu\u00e9 pensaste en ese momento?<\/strong><\/p>\n<p class=\"voc-p\" style=\"\">-Sab\u00eda que se iba a desgastar, y luego le iba a golpear m\u00e1s fuerte. Sab\u00eda que se iba a cansar. <\/p>\n<p class=\"voc-p\" style=\"\"><strong>-Y luego al rev\u00e9s, estuviste cerca de finalizar t\u00fa con una llave de matale\u00f3n. \u00bfQu\u00e9 falt\u00f3 para ajustarlo?<\/strong><\/p>\n<p class=\"voc-p\" style=\"\">-El chico giraba el cuello constantemente y met\u00eda la mand\u00edbula. Hubo en un momento que casi lo finalizo con un &#8216;neck crank&#8217; (retorcer el cuello), pero mir\u00e9 y quedaban un par de minutos y solt\u00e9 para no desgastarme los brazos. Si le hubiera agarrado el cuello perfecto lo hubiera finalizado, pero me costaba meter la mano, defendi\u00f3 bien la sumisi\u00f3n. Pero lo busqu\u00e9 en todo momento. <\/p>\n<p class=\"voc-p\" style=\"\"><strong>-Tras la victoria, lleg\u00f3 uno de los momentos m\u00e1s especiales. El CEO de la UFC, Dana White, te entreg\u00f3 una nota en la que dec\u00eda lo siguiente: &#8216;S\u00e9 la maldita raz\u00f3n por la que tu apellido sea conocido alg\u00fan d\u00eda&#8217;. Hac\u00eda referencia a su resiliencia y a honrar el nombre de tu padre. Nos puso a todos los pelos de punta. <\/strong><\/p>\n<p class=\"voc-p\" style=\"\">-Fue incre\u00edble, de ver siempre a Dana White por la tele a tenerle enfrente tuya habl\u00e1ndote y sinti\u00e9ndose identificado contigo, valorando el trabajo, es incre\u00edble. La nota la tengo en un libro guardada. Todo un orgullo representar a una naci\u00f3n y ver a la gente volc\u00e1ndose conmigo como lo han hecho, han sido momentos muy duros, pero cada mensaje y muestra de cari\u00f1o me ha dado fuerzas para estar donde estoy hoy. <\/p>\n<p class=\"voc-p\" style=\"\"><strong>-Una vez dentro de la UFC, y asentadas todas las emociones, \u00bfqu\u00e9 planes de futuro tienes de cara a 2026?<\/strong><\/p>\n<p class=\"voc-p\" style=\"\">-Mi idea es hacer tres peleas en 2026. Una en el primer trimestre, ganar, hacer otra antes del verano y otra antes de final de a\u00f1o. Me gustar\u00eda pelear en Las Vegas en marzo, me dar\u00eda tiempo a asimilar lo de mi padre, ir a Tailandia o a Estados Unidos a entrenar. Ahora estoy en UFC y tengo que entrenar con gente m\u00e1s potente, me vale el equipo de Lanzarote y el AFC de Villalba pero quiero rodearme de luchadores de UFC como yo. Creo que ser\u00eda equ\u00edvoco pelear ya. Al saltar de nivel, tengo que subir m\u00e1s de nivel. Tengo que planificar todo bien. Pero quiero ser activo, pelear tres en un a\u00f1o. Que me renueven el contrato. Si hay un UFC en Espa\u00f1a, quiero estar presente cien por cien. <\/p>\n<p class=\"voc-p\" style=\"\"><strong>-Con la historia que encarnas y tu victoria en el Contender, los aficionados estadounidense, el mercado principal de la UFC, ya te tienen en la mira. \u00bfLa idea es competir all\u00ed lo m\u00e1ximo posible?<\/strong><\/p>\n<p class=\"voc-p\" style=\"\">-S\u00ed, la idea es pelear en Estados Unidos, en Las Vegas, Miami y Nueva York. Y yo encantado de pelear all\u00ed, ser\u00eda un sue\u00f1o pelear en el Madison Square Garden. Tambi\u00e9n me gustar\u00eda pelear en Ocean\u00eda, en Australia, es el \u00fanico continente que me falta, he peleado y ganado en los otros cuatro continentes. <\/p>\n<p>Reportar un error<\/p>\n","protected":false},"excerpt":{"rendered":"La historia de Hecher Sosa dar\u00eda para la elaboraci\u00f3n de una pel\u00edcula. El canario logr\u00f3 una hist\u00f3rica victoria&hellip;\n","protected":false},"author":2,"featured_media":139577,"comment_status":"","ping_status":"","sticky":false,"template":"","format":"standard","meta":{"footnotes":""},"categories":[276],"tags":[168,25,24,8000,10818,8001,23,167,343],"class_list":{"0":"post-139576","1":"post","2":"type-post","3":"status-publish","4":"format-standard","5":"has-post-thumbnail","7":"category-ufc","8":"tag-deportes","9":"tag-es","10":"tag-espana","11":"tag-hecher","12":"tag-peleador","13":"tag-sosa","14":"tag-spain","15":"tag-sports","16":"tag-ufc"},"share_on_mastodon":{"url":"","error":""},"_links":{"self":[{"href":"https:\/\/www.europesays.com\/es\/wp-json\/wp\/v2\/posts\/139576","targetHints":{"allow":["GET"]}}],"collection":[{"href":"https:\/\/www.europesays.com\/es\/wp-json\/wp\/v2\/posts"}],"about":[{"href":"https:\/\/www.europesays.com\/es\/wp-json\/wp\/v2\/types\/post"}],"author":[{"embeddable":true,"href":"https:\/\/www.europesays.com\/es\/wp-json\/wp\/v2\/users\/2"}],"replies":[{"embeddable":true,"href":"https:\/\/www.europesays.com\/es\/wp-json\/wp\/v2\/comments?post=139576"}],"version-history":[{"count":0,"href":"https:\/\/www.europesays.com\/es\/wp-json\/wp\/v2\/posts\/139576\/revisions"}],"wp:featuredmedia":[{"embeddable":true,"href":"https:\/\/www.europesays.com\/es\/wp-json\/wp\/v2\/media\/139577"}],"wp:attachment":[{"href":"https:\/\/www.europesays.com\/es\/wp-json\/wp\/v2\/media?parent=139576"}],"wp:term":[{"taxonomy":"category","embeddable":true,"href":"https:\/\/www.europesays.com\/es\/wp-json\/wp\/v2\/categories?post=139576"},{"taxonomy":"post_tag","embeddable":true,"href":"https:\/\/www.europesays.com\/es\/wp-json\/wp\/v2\/tags?post=139576"}],"curies":[{"name":"wp","href":"https:\/\/api.w.org\/{rel}","templated":true}]}}