{"id":139589,"date":"2025-09-26T07:45:22","date_gmt":"2025-09-26T07:45:22","guid":{"rendered":"https:\/\/www.europesays.com\/es\/139589\/"},"modified":"2025-09-26T07:45:22","modified_gmt":"2025-09-26T07:45:22","slug":"la-novela-que-transforma-el-deseo-de-morir-en-un-canto-al-amor-entre-hermanos","status":"publish","type":"post","link":"https:\/\/www.europesays.com\/es\/139589\/","title":{"rendered":"La novela que transforma el deseo de morir en un canto al amor entre hermanos"},"content":{"rendered":"<p><img decoding=\"async\" src=\"https:\/\/www.europesays.com\/es\/wp-content\/uploads\/2025\/09\/1758872722_723_default.jpg\" itemprop=\"image\" width=\"100%\" alt=\"\"\/><\/p>\n<p><b>Elena Mesa<\/b><\/p>\n<p><b>Editorial: <\/b>Tr\u00e1nsito<\/p>\n<p><b>A\u00f1o de publicaci\u00f3n original: <\/b>2025<\/p>\n<p>Si uno defiende la vida, y asumimos que la muerte es parte de ella, \u00bfpor qu\u00e9 le ponemos tantas trabas a quienes quieren abandonarla? \u00bfQu\u00e9 sentido tiene alentar a alguien a seguir viviendo una vida de puro sufrimiento? Son m\u00e1s las preguntas que me he planteado que las respuestas que he encontrado en <b>S\u00e9 morir,<\/b><b>la primera novela de Elena Mesa<\/b>. Supongo que en esto consiste tambi\u00e9n la <b>literatura<\/b>.<\/p>\n<blockquote><p> Con su primera, Elena Mesa intenta comprender qu\u00e9 puede llevar a un muchacho a quitarse la vida <\/p><\/blockquote>\n<p>La escritora colombiana <b><a title=\"ni juzga ni justifica el suicidio\" href=\"https:\/\/www.lasexta.com\/ahoraqueleo\/libros\/notas-suicidio-marc-caellas_2022072862e29a99b4b110000143976f.html\" target=\"_blank\" rel=\"nofollow noopener\">ni juzga ni justifica el suicidio<\/a><\/b>. Pero s\u00ed intenta comprender, a trav\u00e9s del narrador y protagonista de esta historia, qu\u00e9 puede llevar a un muchacho a quitarse la vida. Y a partir de ah\u00ed se suceden las <b><a title=\"reflexiones sobre la existencia, la muerte\" href=\"https:\/\/www.lasexta.com\/ahoraqueleo\/virales\/virginia-woolf-kurt-cobain-notas-suicidio-reflexionar-vida-muerte_2022072962e38fb347c454000101cbdd.html\" target=\"_blank\" rel=\"nofollow noopener\">reflexiones sobre la existencia, la muerte<\/a><\/b><b>, la violencia, la herencia familiar<\/b> y sobre lo que puede ocurrir cuando todos los pilares que sustentan nuestra vida se derrumban. Si es que en alg\u00fan momento llegaron a construirse.<\/p>\n<p>Terrores cotidianos<\/p>\n<p>El libro se presenta <b>a modo de diario <\/b>que el protagonista el escribe a su hermana. En \u00e9l, con una prosa delicada, en ocasiones <b>po\u00e9tica <\/b>y siempre cargada de <b>nostalgia<\/b>, rememora su infancia en Medell\u00edn, el tiempo que pas\u00f3 en un monasterio, y expone las razones que le llevaron a suicidarse a los diecinueve a\u00f1os.<\/p>\n<blockquote><p> &#8216;S\u00e9 morir\u00bb es tambi\u00e9n la historia de dos hermanos marcados por las violencias m\u00e1s \u00edntimas <\/p><\/blockquote>\n<p>La vida del chico se quebr\u00f3 al presenciar el cuerpo inerte de un vecino. Se hab\u00eda colgado con una correa, como har\u00eda \u00e9l m\u00e1s tarde. Fue ah\u00ed, presenciando aquella \u00abdanza con la muerte\u00bb, cuando descubri\u00f3 su destino. <b>\u00abNo sab\u00eda por qu\u00e9 Dios me estaba llamando as\u00ed\u00bb<\/b>, escribe.<\/p>\n<p>Lo que cuenta Elena Mesa es <b><a title=\"una historia de terrores cotidianos\" href=\"https:\/\/www.lasexta.com\/ahoraqueleo\/libros\/escritora-que-explorado-terrores-maternidad-novelas-espanolas-mas-adictivas-ano_2025091268c2eac3d8e27966644c35f1.html\" target=\"_blank\" rel=\"nofollow noopener\">una historia de terrores cotidianos<\/a><\/b>. Una historia de dos hermanos marcados por las violencias m\u00e1s \u00edntimas que florecen de la <b>violencia estructural<\/b>. \u00abFui entendiendo que en los barrios pobres tambi\u00e9n hab\u00eda estratos, y que nosotros \u00e9ramos as\u00ed como <b>un estrato bajo cero<\/b>\u00ab, cuenta \u00e9l en una de las muchas frases que apu\u00f1alan el texto.<\/p>\n<p>Amor entre hermanos<\/p>\n<p><b>Las 148 p\u00e1ginas pesan en el \u00e1nimo<\/b>. Pero hasta en el infierno puede uno agarrarse a algo. El protagonista se <b>refugia en la relaci\u00f3n con su hermana<\/b> y en \u00abesa mirada que lo sosten\u00eda todo\u00bb. \u00abLa que hizo que tantas veces me preguntara si era verdad que yo quer\u00eda despedirme tan joven\u00bb, reflexiona en un momento de dudas.<\/p>\n<blockquote><p> Resulta curioso que el deseo de morir del narrador acabe iluminando sus momentos vividos <\/p><\/blockquote>\n<p>Esa mirada, capaz de poner a raya a la muerte, le permite a Elena Mesa dibujar algunos <b>momentos luminosos<\/b>, que, a su vez, resultan <b>los m\u00e1s desgarradores<\/b>. Como esta confesi\u00f3n: \u00abYo no quiero que me quiten lo \u00fanico que tengo, <b>mi libertad para vivir en el silencio<\/b> m\u00e1s sagrado y eterno sin que me pesen los d\u00edas o las madrugadas, sin querer m\u00e1s tiempo, porque siento que el m\u00edo, aqu\u00ed, es tan solo un peque\u00f1o tr\u00e1nsito que tuve que vivir para volver a verte. No es posible que esta vida sea la \u00fanica que hemos compartido juntos\u00bb.<\/p>\n<p>Con la esperanza de volver a encontrarse con su hermana en otro mundo, se apaga la idea de seguir con vida. Y con todo, resulta curioso que <b>el deseo de morir del narrador acabe iluminando sus momentos vividos<\/b>. De alguna forma, esta larga carta de despedida se convierte tambi\u00e9n en un canto al amor entre hermanos: <b>un canto a la vida<\/b>, al fin y al cabo.<\/p>\n<p>Ya lo dice el joven en las primeras p\u00e1ginas: <b>\u00abHay vida en el fondo de las heridas\u00bb<\/b>.<\/p>\n<p>Sigue el <b><a title=\"canal de Ahora Qu\u00e9 Leo en WhatsApp\" href=\"https:\/\/whatsapp.com\/channel\/0029VaRsQjkFsn0ZyeLlFd3n\" target=\"_blank\" rel=\"nofollow noopener\">canal de Ahora Qu\u00e9 Leo en WhatsApp<\/a><\/b> para estar al tanto de todas nuestras rese\u00f1as, reportajes y entrevistas.<\/p>\n","protected":false},"excerpt":{"rendered":"Elena Mesa Editorial: Tr\u00e1nsito A\u00f1o de publicaci\u00f3n original: 2025 Si uno defiende la vida, y asumimos que la&hellip;\n","protected":false},"author":2,"featured_media":139590,"comment_status":"","ping_status":"","sticky":false,"template":"","format":"standard","meta":{"footnotes":""},"categories":[172],"tags":[224,146,147,25,24,225,23],"class_list":{"0":"post-139589","1":"post","2":"type-post","3":"status-publish","4":"format-standard","5":"has-post-thumbnail","7":"category-libros","8":"tag-books","9":"tag-entertainment","10":"tag-entretenimiento","11":"tag-es","12":"tag-espana","13":"tag-libros","14":"tag-spain"},"share_on_mastodon":{"url":"","error":""},"_links":{"self":[{"href":"https:\/\/www.europesays.com\/es\/wp-json\/wp\/v2\/posts\/139589","targetHints":{"allow":["GET"]}}],"collection":[{"href":"https:\/\/www.europesays.com\/es\/wp-json\/wp\/v2\/posts"}],"about":[{"href":"https:\/\/www.europesays.com\/es\/wp-json\/wp\/v2\/types\/post"}],"author":[{"embeddable":true,"href":"https:\/\/www.europesays.com\/es\/wp-json\/wp\/v2\/users\/2"}],"replies":[{"embeddable":true,"href":"https:\/\/www.europesays.com\/es\/wp-json\/wp\/v2\/comments?post=139589"}],"version-history":[{"count":0,"href":"https:\/\/www.europesays.com\/es\/wp-json\/wp\/v2\/posts\/139589\/revisions"}],"wp:featuredmedia":[{"embeddable":true,"href":"https:\/\/www.europesays.com\/es\/wp-json\/wp\/v2\/media\/139590"}],"wp:attachment":[{"href":"https:\/\/www.europesays.com\/es\/wp-json\/wp\/v2\/media?parent=139589"}],"wp:term":[{"taxonomy":"category","embeddable":true,"href":"https:\/\/www.europesays.com\/es\/wp-json\/wp\/v2\/categories?post=139589"},{"taxonomy":"post_tag","embeddable":true,"href":"https:\/\/www.europesays.com\/es\/wp-json\/wp\/v2\/tags?post=139589"}],"curies":[{"name":"wp","href":"https:\/\/api.w.org\/{rel}","templated":true}]}}