{"id":139594,"date":"2025-09-26T07:49:11","date_gmt":"2025-09-26T07:49:11","guid":{"rendered":"https:\/\/www.europesays.com\/es\/139594\/"},"modified":"2025-09-26T07:49:11","modified_gmt":"2025-09-26T07:49:11","slug":"el-barca-evita-un-sofoco-y-mantiene-su-acecho-al-real-madrid","status":"publish","type":"post","link":"https:\/\/www.europesays.com\/es\/139594\/","title":{"rendered":"el Bar\u00e7a evita un sofoco y mantiene su acecho al Real Madrid"},"content":{"rendered":"<p class=\"voc-pretitle\">\nF\u00fatbol\n<\/p>\n<p class=\"voc-epigraph\">La Liga | Primera Divisi\u00f3n<\/p>\n<p>Los azulgranas lograron remontar al Oviedo, no sin apuros, para amarrar la segunda plaza<\/p>\n<p><img fetchpriority=\"high\" class=\"voc-img\" src=\"https:\/\/www.europesays.com\/es\/wp-content\/uploads\/2025\/09\/clasificacion-liga-RnFQPbzU76stnNs48wHy8pL-1200x840@diario_abc.jpg\" loading=\"eager\" decoding=\"async\" alt=\"Los jugadores del Bar\u00e7a celebran uno de sus goles al Oviedo\" width=\"1200\" height=\"840\"\/><\/p>\n<p>Los jugadores del Bar\u00e7a celebran uno de sus goles al Oviedo    AFP  <\/p>\n<p><img decoding=\"async\" class=\"voc-author__img\" src=\"https:\/\/www.europesays.com\/es\/wp-content\/uploads\/2025\/09\/1757090349_862_autor-1395-foto-9.jpeg\" alt=\"Miguel Zarza\"\/><\/p>\n<p class=\"voc-p\" style=\"\">Sud\u00f3 el <strong>F\u00fatbol Club Barcelona<\/strong> m\u00e1s de la cuenta <a href=\"https:\/\/www.abc.es\/deportes\/futbol\/pobre-victoria-barca-gris-20250925233227-nt.html\" target=\"_self\" data-voc-vtm-id=\"in-text-traffic\" title=\"para imponerse este jueves al Real Oviedo\" rel=\"nofollow noopener\">para imponerse este jueves al Real Oviedo<\/a>. Los de Hansi Flick no tuvieron claro que se quedar\u00edan con los tres puntos hasta bien entrada la segunda parte en el Carlos Tartiere, superando el susto que les depar\u00f3 el error de Joan Garc\u00eda para el 1-0 de los asturianos. Al final el vigente campe\u00f3n de liga amarr\u00f3 una victoria important\u00edsima para no alejarse m\u00e1s de <a href=\"https:\/\/www.abc.es\/deportes\/real-madrid\/cronica-levante-madrid-20250923210357-nt.html\" target=\"_self\" data-voc-vtm-id=\"in-text-traffic\" title=\"un Real Madrid que cuenta sus encuentros por triunfos\" rel=\"nofollow noopener\">un Real Madrid que cuenta sus encuentros por triunfos<\/a>.<\/p>\n<p class=\"voc-p\" style=\"\">Tras su paso por tierras ovetenses, <a href=\"https:\/\/www.abc.es\/deportes\/futbol\/liga-primera\/clasificacion-resultados-sd.html\" target=\"_self\" data-voc-vtm-id=\"in-text-traffic\" title=\"los azulgranas se asientan en la segunda plaza del torneo de la regularidad\" data-mrf-link=\"www.abc.es\" rel=\"nofollow noopener\">los azulgranas se asientan en la segunda plaza del torneo de la regularidad<\/a>, a dos puntos de distancia del equipo de Xabi Alonso. Acumulan 16 puntos, repartidos en cinco victorias y un empate, por los 18 que supone el pleno blanco.<\/p>\n<p class=\"voc-p\" style=\"\">Tras los dos grandes del f\u00fatbol espa\u00f1ol, el siguiente el Villarreal, que observa ya a una distancia de cinco puntos del Real Madrid y tres del Bar\u00e7a. Y cierra las posiciones de Champions League un sorprendente Espanyol (11) que aventaja en un punto a Elche, Athletic Club y Getafe (10).<\/p>\n<p class=\"voc-p\" style=\"\">Algo m\u00e1s atr\u00e1s se encuentra <a href=\"https:\/\/www.abc.es\/deportes\/atletico-madrid\/julian-alvarez-salva-agonia-triplete-primera-bola-20250924234153-nt.html\" target=\"_self\" data-voc-vtm-id=\"in-text-traffic\" title=\"el Atl\u00e9tico de Madrid, que pese a su ag\u00f3nico triunfo en el Metropolitano frente al Rayo Vallecano\" rel=\"nofollow noopener\">el Atl\u00e9tico de Madrid, que pese a su ag\u00f3nico triunfo en el Metropolitano frente al Rayo Vallecano<\/a> no pasa del noveno puesto con 9 puntos en su haber.<\/p>\n<p>\nEl Oviedo, en puestos de descenso\n<\/p>\n<p class=\"voc-p\" style=\"\">El Real Oviedo, que este jueves so\u00f1\u00f3 durante buena parte del partido con los tres puntos frente al Barcelona, queda inmerso en la zona de descenso. En concreto en la plaza 18, con tres puntos y solo por encima de Mallorca y Girona. <\/p>\n<p>Reportar un error<\/p>\n","protected":false},"excerpt":{"rendered":"F\u00fatbol La Liga | Primera Divisi\u00f3n Los azulgranas lograron remontar al Oviedo, no sin apuros, para amarrar la&hellip;\n","protected":false},"author":2,"featured_media":139595,"comment_status":"","ping_status":"","sticky":false,"template":"","format":"standard","meta":{"footnotes":""},"categories":[93],"tags":[15422,2296,4616,168,25,24,12041,1044,205,5968,3041,798,43661,23,167],"class_list":{"0":"post-139594","1":"post","2":"type-post","3":"status-publish","4":"format-standard","5":"has-post-thumbnail","7":"category-deportes","8":"tag-acecho","9":"tag-barca","10":"tag-clasificacion","11":"tag-deportes","12":"tag-es","13":"tag-espana","14":"tag-evita","15":"tag-liga","16":"tag-madrid","17":"tag-mantiene","18":"tag-queda","19":"tag-real","20":"tag-sofoco","21":"tag-spain","22":"tag-sports"},"share_on_mastodon":{"url":"","error":""},"_links":{"self":[{"href":"https:\/\/www.europesays.com\/es\/wp-json\/wp\/v2\/posts\/139594","targetHints":{"allow":["GET"]}}],"collection":[{"href":"https:\/\/www.europesays.com\/es\/wp-json\/wp\/v2\/posts"}],"about":[{"href":"https:\/\/www.europesays.com\/es\/wp-json\/wp\/v2\/types\/post"}],"author":[{"embeddable":true,"href":"https:\/\/www.europesays.com\/es\/wp-json\/wp\/v2\/users\/2"}],"replies":[{"embeddable":true,"href":"https:\/\/www.europesays.com\/es\/wp-json\/wp\/v2\/comments?post=139594"}],"version-history":[{"count":0,"href":"https:\/\/www.europesays.com\/es\/wp-json\/wp\/v2\/posts\/139594\/revisions"}],"wp:featuredmedia":[{"embeddable":true,"href":"https:\/\/www.europesays.com\/es\/wp-json\/wp\/v2\/media\/139595"}],"wp:attachment":[{"href":"https:\/\/www.europesays.com\/es\/wp-json\/wp\/v2\/media?parent=139594"}],"wp:term":[{"taxonomy":"category","embeddable":true,"href":"https:\/\/www.europesays.com\/es\/wp-json\/wp\/v2\/categories?post=139594"},{"taxonomy":"post_tag","embeddable":true,"href":"https:\/\/www.europesays.com\/es\/wp-json\/wp\/v2\/tags?post=139594"}],"curies":[{"name":"wp","href":"https:\/\/api.w.org\/{rel}","templated":true}]}}