{"id":139606,"date":"2025-09-26T07:56:08","date_gmt":"2025-09-26T07:56:08","guid":{"rendered":"https:\/\/www.europesays.com\/es\/139606\/"},"modified":"2025-09-26T07:56:08","modified_gmt":"2025-09-26T07:56:08","slug":"el-25-o-dia-europeo-de-las-lenguas-celebra-el-multilinguismo-de-la-ue","status":"publish","type":"post","link":"https:\/\/www.europesays.com\/es\/139606\/","title":{"rendered":"El 25.\u00ba D\u00eda Europeo de las Lenguas celebra el multiling\u00fcismo de la UE"},"content":{"rendered":"<p>Hoy, la Comisi\u00f3n Europea y el Consejo de Europa celebran el 25.\u00ba aniversario del D\u00eda Europeo de las Lenguas, reconociendo su compromiso conjunto de promover el multiling\u00fcismo como piedra angular de la democracia, la inclusi\u00f3n y la competitividad.\u00a0<\/p>\n<p>La diversidad ling\u00fc\u00edstica de Europa estar\u00e1 en el punto de mira, y se anima a las personas de todas las edades a continuar aprendiendo nuevas lenguas a lo largo de toda su vida. Las actividades abarcan todas las lenguas, incluidas las lenguas regionales y minoritarias de la UE, as\u00ed como las lenguas de origen migratorio, y las lenguas de signos, que reflejan el vibrante patrimonio cultural y social del continente.\u00a0<\/p>\n<p>El D\u00eda Europeo de las Lenguas, que se puso en marcha por primera vez en 2001, tras el A\u00f1o Europeo de las Lenguas, se ha convertido en una celebraci\u00f3n anual.\u00a0<\/p>\n<blockquote>\n<p>Roxana M\u00eenzatu, vicepresidenta ejecutiva responsable de Derechos Sociales y Capacidades, Empleos de Calidad y Preparaci\u00f3n, ha declarado: \u00abLas lenguas forman parte de nuestro ADN europeo y la cultura europea se enriquece con las numerosas lenguas habladas por sus ciudadanos. Las competencias ling\u00fc\u00edsticas son un factor clave para la cohesi\u00f3n social y la participaci\u00f3n en nuestras sociedades democr\u00e1ticas, y desempe\u00f1an un papel fundamental de apoyo para el crecimiento inclusivo, la movilidad y la resiliencia en las sociedades y los mercados laborales en evoluci\u00f3n de Europa. La Uni\u00f3n de Capacidades incluye el objetivo de reforzar el desarrollo de capacidades, incluidas las competencias ling\u00fc\u00edsticas. Y programas de la UE como Erasmus + y Europa Creativa siguen ofreciendo diversas oportunidades de intercambio intercultural, movilidad e innovaci\u00f3n en la educaci\u00f3n ling\u00fc\u00edstica\u00bb.<\/p>\n<\/blockquote>\n<p>En este hito aniversario, ambas instituciones destacan el papel de la motivaci\u00f3n en el aprendizaje de idiomas a trav\u00e9s de un nuevo Manifiesto de Motivaci\u00f3n. Adem\u00e1s, ma\u00f1ana se celebrar\u00e1 un acto virtual para celebrar el D\u00eda Europeo de las Lenguas en la nueva plataforma de conferencias virtuales de la Comisi\u00f3n. Gracias a programas como Erasmus+, los europeos pueden mejorar sus competencias ling\u00fc\u00edsticas a trav\u00e9s de actividades educativas o de formaci\u00f3n en 33 pa\u00edses. \u00a0<\/p>\n<p>M\u00e1s informaci\u00f3n sobre los actos y c\u00f3mo participar est\u00e1 disponible en l\u00ednea.<\/p>\n<p><a href=\"https:\/\/education.ec.europa.eu\/news\/european-day-of-languages-marks-25th-anniversary\" rel=\"nofollow noopener\" target=\"_blank\">M\u00e1s informaci\u00f3n sobre D\u00eda de las Lenguas 2025<\/a><\/p>\n<p>\u00a0<\/p>\n<p>Contacto:\u00a0<a href=\"https:\/\/spain.representation.ec.europa.eu\/noticias-eventos\/recursos-de-prensa-y-contactos_es\" rel=\"nofollow noopener\" target=\"_blank\">Equipo de prensa<\/a>\u00a0de la Comisi\u00f3n Europea en Espa\u00f1a.<\/p>\n","protected":false},"excerpt":{"rendered":"Hoy, la Comisi\u00f3n Europea y el Consejo de Europa celebran el 25.\u00ba aniversario del D\u00eda Europeo de las&hellip;\n","protected":false},"author":2,"featured_media":139607,"comment_status":"","ping_status":"","sticky":false,"template":"","format":"standard","meta":{"footnotes":""},"categories":[5],"tags":[17,18,1708,25,24,13,14,11,19,20,9,10,15,16,23,12,21,22],"class_list":{"0":"post-139606","1":"post","2":"type-post","3":"status-publish","4":"format-standard","5":"has-post-thumbnail","7":"category-titulares","8":"tag-breaking-news","9":"tag-breakingnews","10":"tag-comision-europea","11":"tag-es","12":"tag-espana","13":"tag-featured-news","14":"tag-featurednews","15":"tag-headlines","16":"tag-latest-news","17":"tag-latestnews","18":"tag-news","19":"tag-noticias","20":"tag-noticias-destacadas","21":"tag-noticiasdestacadas","22":"tag-spain","23":"tag-titulares","24":"tag-ultimas-noticias","25":"tag-ultimasnoticias"},"share_on_mastodon":{"url":"","error":""},"_links":{"self":[{"href":"https:\/\/www.europesays.com\/es\/wp-json\/wp\/v2\/posts\/139606","targetHints":{"allow":["GET"]}}],"collection":[{"href":"https:\/\/www.europesays.com\/es\/wp-json\/wp\/v2\/posts"}],"about":[{"href":"https:\/\/www.europesays.com\/es\/wp-json\/wp\/v2\/types\/post"}],"author":[{"embeddable":true,"href":"https:\/\/www.europesays.com\/es\/wp-json\/wp\/v2\/users\/2"}],"replies":[{"embeddable":true,"href":"https:\/\/www.europesays.com\/es\/wp-json\/wp\/v2\/comments?post=139606"}],"version-history":[{"count":0,"href":"https:\/\/www.europesays.com\/es\/wp-json\/wp\/v2\/posts\/139606\/revisions"}],"wp:featuredmedia":[{"embeddable":true,"href":"https:\/\/www.europesays.com\/es\/wp-json\/wp\/v2\/media\/139607"}],"wp:attachment":[{"href":"https:\/\/www.europesays.com\/es\/wp-json\/wp\/v2\/media?parent=139606"}],"wp:term":[{"taxonomy":"category","embeddable":true,"href":"https:\/\/www.europesays.com\/es\/wp-json\/wp\/v2\/categories?post=139606"},{"taxonomy":"post_tag","embeddable":true,"href":"https:\/\/www.europesays.com\/es\/wp-json\/wp\/v2\/tags?post=139606"}],"curies":[{"name":"wp","href":"https:\/\/api.w.org\/{rel}","templated":true}]}}