{"id":139610,"date":"2025-09-26T07:58:08","date_gmt":"2025-09-26T07:58:08","guid":{"rendered":"https:\/\/www.europesays.com\/es\/139610\/"},"modified":"2025-09-26T07:58:08","modified_gmt":"2025-09-26T07:58:08","slug":"el-toro-por-los-cuernos-david-de-miranda-torero-valiente-y-artista-un-especialista-en-sustituciones-el-toro-por-los-cuernos-cultura","status":"publish","type":"post","link":"https:\/\/www.europesays.com\/es\/139610\/","title":{"rendered":"El toro, por los cuernos: David de Miranda, torero valiente y artista, un especialista en sustituciones | El toro, por los cuernos | Cultura"},"content":{"rendered":"<p class=\"\">La corta historia profesional del diestro <a href=\"https:\/\/elpais.com\/noticias\/david-perez-sanchez\/\" target=\"_self\" rel=\"nofollow noopener\" title=\"https:\/\/elpais.com\/noticias\/david-perez-sanchez\/\">David de Miranda<\/a> (Trigueros, Hueva, 32 a\u00f1os) es una extra\u00f1a mezcla de torer\u00eda, suerte esquiva y olvido empresarial, un c\u00f3ctel frecuente en la tauromaquia moderna.<\/p>\n<p class=\"\">Tras una prometedora carrera novilleril y una exitosa alternativa el 5 de agosto de 2016 en Huelva, junto a Jos\u00e9 Tom\u00e1s y L\u00f3pez Sim\u00f3n, el destino le depar\u00f3 <a href=\"https:\/\/elpais.com\/cultura\/2017\/09\/01\/actualidad\/1504258172_320905.html\" target=\"_self\" rel=\"nofollow noopener\" title=\"https:\/\/elpais.com\/cultura\/2017\/09\/01\/actualidad\/1504258172_320905.html\">una grave lesi\u00f3n cervical<\/a> en agosto de la temporada siguiente, consecuencia de una tremenda voltereta en la plaza zamorana de Toro, que puso en serio peligro su futuro y le mantuvo un a\u00f1o entero fuera de los ruedos.<\/p>\n<p class=\"\">Vuelta a empezar. Y el 24 de mayo de 2019, la tarde de la confirmaci\u00f3n en Madrid, <a href=\"https:\/\/elpais.com\/cultura\/2019\/05\/24\/actualidad\/1558709794_128494.html\" target=\"_self\" rel=\"nofollow noopener\" title=\"https:\/\/elpais.com\/cultura\/2019\/05\/24\/actualidad\/1558709794_128494.html\">corta dos orejas y abre la Puerta Grande de Madrid<\/a> en plena Feria de San Isidro. Pero en 2020, cuando De Miranda se las promet\u00eda felices, lleg\u00f3 la pandemia.<\/p>\n<p class=\"\">Otra vez a la casilla de salida. En la <a href=\"https:\/\/elpais.com\/cultura\/2024-04-09\/un-corridon-de-santiago-domecq.html\" target=\"_self\" rel=\"nofollow noopener\" title=\"https:\/\/elpais.com\/cultura\/2024-04-09\/un-corridon-de-santiago-domecq.html\">Feria de Abril de 2024 corta dos orejas<\/a> en La Maestranza, que le sirven, fundamentalmente, para volver bien colocado este a\u00f1o en el mismo ciclo. Y en la pasada primavera sevillana fue el \u00fanico torero que abri\u00f3 <a href=\"https:\/\/elpais.com\/cultura\/2025-05-10\/david-de-miranda-por-la-puerta-del-principe.html\" target=\"_self\" rel=\"nofollow noopener\" title=\"https:\/\/elpais.com\/cultura\/2025-05-10\/david-de-miranda-por-la-puerta-del-principe.html\">la Puerta del Pr\u00edncipe<\/a>, lo que le permiti\u00f3 ser declarado triunfador de la feria.<\/p>\n<p class=\"\">Ese alto reconocimiento solo le sirvi\u00f3 para aparecer en los carteles de Las Colombinas de Huelva, su tierra, y de M\u00e1laga. Y en el capital de la Costa del Sol David de Miranda volvi\u00f3 a demostrar que es un torero v\u00e1lido con <a href=\"https:\/\/elpais.com\/cultura\/2025-08-20\/david-de-miranda-conmociona-la-feria-de-malaga-con-una-explosion-de-toreo-epico.html\" target=\"_self\" rel=\"nofollow noopener\" title=\"https:\/\/elpais.com\/cultura\/2025-08-20\/david-de-miranda-conmociona-la-feria-de-malaga-con-una-explosion-de-toreo-epico.html\">una actuaci\u00f3n desbordante de valor y compromiso.<\/a><\/p>\n<blockquote class=\"a_q\">\n<p>\u201cSinceramente, no te explicas que el triunfo en La Maestranza no tenga repercusi\u00f3n\u201d<\/p>\n<\/blockquote>\n<p class=\"\">Pero esos triunfos, a los que hay que a\u00f1adir los de las ferias de Huelva, Almer\u00eda y Linares, entre otros, solo han servido, de momento, para que la afici\u00f3n tome buen nota de la muy estimable trayectoria de este torero.<\/p>\n<p class=\"\">Mientras tanto, David de Miranda espera en Trigueros, su pueblo natal, donde vive con su mujer y un beb\u00e9 de dos a\u00f1os, dedicado al entrenamiento constante, a la preparaci\u00f3n f\u00edsica y mental y al toreo de sal\u00f3n, con la esperanza de que en 2026 se cumplan todas las expectativas que ha despertado en los ruedos.<\/p>\n<p class=\"\">All\u00ed estaba este pasado mi\u00e9rcoles por la noche cuando recibi\u00f3 la noticia de que hoy sustituir\u00eda a <a href=\"https:\/\/elpais.com\/noticias\/jose-maria-manzanares\/\" target=\"_self\" rel=\"nofollow noopener\" title=\"https:\/\/elpais.com\/noticias\/jose-maria-manzanares\/\">Jos\u00e9 Mar\u00eda Manzanares<\/a> en la primera corrida de la Feria de San Miguel. Al d\u00eda siguiente reconoc\u00eda que hab\u00eda sido una gran sorpresa porque se hab\u00eda rumoreado que reaparec\u00eda el torero alicantino tras su lesi\u00f3n costal del pasado 15 de la plaza de Murcia.<\/p>\n<p class=\"\">\u201cVolver al escenario de la Puerta del Pr\u00edncipe me llena de ilusi\u00f3n y tambi\u00e9n de miedo\u201d, afirma. \u201cS\u00e9 que me juego mucho y que un triunfo me puede cambiar la vida\u201d, a\u00f1ade, \u201cpero tambi\u00e9n es un arma de doble filo; es dif\u00edcil que se re\u00fanan las circunstancias para que el sue\u00f1o se haga de nuevo realidad, pero hay que tirar la moneda y afrontar los grandes retos, y este es uno de ellos\u201d.<\/p>\n<p><img decoding=\"auto\" class=\"_re lazyload a_m-h\" height=\"276\"  width=\"414\"  src=\"https:\/\/www.europesays.com\/es\/wp-content\/uploads\/2025\/09\/GXJR4FGNKVGZPJ3DQ5TR3FTRQI.JPG\" loading=\"lazy\"\/>David de Miranda.Pepe Mor\u00e1n<\/p>\n<p class=\"\">Desde Trigueros, hace ya un par de semanas, David de Miranda aseguraba por tel\u00e9fono que est\u00e1 disfrutando del momento, y se mostraba cauto y prudente a la hora de analizar su situaci\u00f3n.<\/p>\n<p class=\"\">\u201cMe siento muy contento; han sido a\u00f1os de esfuerzo, y aunque soy consciente de que todo sigue dependiendo de lo que suceda en el ruedo, reconozco que se han hecho realidad sue\u00f1os que ten\u00eda desde ni\u00f1o. Soy un privilegiado. Estoy muy orgulloso de las metas que he alcanzado. Sinceramente, estoy viviendo un momento muy bonito\u201d.<\/p>\n<p class=\"\">A rengl\u00f3n seguido, admite que hasta finales de septiembre solo ha participado en 20 corridas, y que \u201cen octubre tengo previstas dos o tres m\u00e1s y algo en noviembre\u201d.<\/p>\n<p class=\"\"><b>Pregunta<\/b>. \u00bfY a usted qu\u00e9 le parece esa situaci\u00f3n?<\/p>\n<p class=\"\"><b>Respuesta<\/b>. Sinceramente, no te explicas que el triunfo de Sevilla no tenga repercusi\u00f3n, pero, por otra parte, me ha servido para sacar lo mejor de m\u00ed mismo, como si cada tarde fuera la \u00faltima. Parece que ese esfuerzo tendr\u00e1 su recompensa, poco a poco se est\u00e1n abriendo puertas y espero que las expectativas se confirmen el a\u00f1o pr\u00f3ximo.<\/p>\n<p class=\"\"><b>P<\/b>. Lo que est\u00e1 claro es que los triunfos en plazas importantes como Sevilla y Madrid no le han servido para firmar contratos\u2026<\/p>\n<p class=\"\"><b>R<\/b>. As\u00ed es, y lo m\u00e1s triste es que no me han posibilitado entrar en las ferias, que es lo que permite a los toreros seguir avanzando. Hay que tener en cuenta que desde que finaliz\u00f3 la <a href=\"https:\/\/elpais.com\/noticias\/feria-abril\/\" target=\"_self\" rel=\"nofollow noopener\" title=\"https:\/\/elpais.com\/noticias\/feria-abril\/\">Feria de Abril<\/a> solo he estado anunciado en los carteles de Huelva y M\u00e1laga. Todo lo dem\u00e1s han sido sustituciones.<\/p>\n<p class=\"\">Las plazas de La Maestranza y La Malagueta han sido los principales escenarios en los que David de Miranda ha alcanzado sus triunfos m\u00e1s rotundos.<\/p>\n<p class=\"\">\u201cLa de Sevilla fue un sue\u00f1o realizado\u201d, rememora el torero. \u201cDisfrut\u00e9 cada momento, pero tambi\u00e9n pas\u00e9 mucho miedo; era una tarde clave porque solo ten\u00eda esa corrida. Era la \u00faltima de mi temporada. Llegu\u00e9 a la plaza con esa presi\u00f3n, pero tambi\u00e9n con el convencimiento de que no ten\u00eda nada que perder porque nada ten\u00eda. Todo ello te obliga a sacar lo mejor de ti mismo, y tuve la suerte de que los toros me permitieron cortar tres orejas y salir por la Puerta del Pr\u00edncipe\u201d.<\/p>\n<blockquote class=\"a_q\">\n<p>\u201cDesde la Feria de Abril solo he estado anunciado en Huelva y M\u00e1laga; todo lo dem\u00e1s han sido sustituciones\u201d<\/p>\n<\/blockquote>\n<p class=\"\">Y a mediados de agosto, la <a href=\"https:\/\/elpais.com\/noticias\/feria-agosto-malaga\/\" target=\"_self\" rel=\"nofollow noopener\" title=\"https:\/\/elpais.com\/noticias\/feria-agosto-malaga\/\">Feria de M\u00e1laga<\/a>: el gran aldabonazo de David de Miranda ante un toro complicado de <a href=\"https:\/\/elpais.com\/cultura\/2023-03-10\/victoriano-del-rio-investigador-de-la-sangre-brava-y-creador-de-un-toro-propio.html\" target=\"_self\" rel=\"nofollow noopener\" title=\"https:\/\/elpais.com\/cultura\/2023-03-10\/victoriano-del-rio-investigador-de-la-sangre-brava-y-creador-de-un-toro-propio.html\">Victoriano del R\u00edo<\/a>. Sin duda, una de las actuaciones m\u00e1s apasionantes de la temporada.<\/p>\n<p class=\"\">\u201cCuando termino la faena, miro al palco, veo que el presidente saca los pa\u00f1uelos a un tiempo, y me qued\u00e9 muy sorprendido\u201d, comenta De Miranda. \u201cLa condici\u00f3n del toro no me permiti\u00f3 la rotundidad que yo pretend\u00eda, pero he visto la faena muchas veces, y he entendido la intensidad que se vivi\u00f3 en los tendidos y la importancia que tuvo ante un toro que no se entreg\u00f3 en ning\u00fan momento\u201d.<\/p>\n<p class=\"\">\u201cSiempre se ha dicho de m\u00ed que soy un torero de valor\u201d, contin\u00faa; \u201cpero me cuesta creerlo, <a href=\"https:\/\/elpais.com\/cultura\/2019\/05\/24\/el_toro_por_los_cuernos\/1558706800_453446.html\" target=\"_self\" rel=\"nofollow noopener\" title=\"https:\/\/elpais.com\/cultura\/2019\/05\/24\/el_toro_por_los_cuernos\/1558706800_453446.html\">porque yo paso mucho miedo<\/a>; tanto es as\u00ed que veo la faena de M\u00e1laga y no s\u00e9 si ser\u00eda capaz de repetirla. Por eso le doy importancia y m\u00e9rito, por los pitones del toro, por sus miradas\u2026 Lo paso muy mal. Tambi\u00e9n es verdad que soy consciente del compromiso que adquiero cada vez que acudo a una plaza, y trato de superar las circunstancias que el toro presenta\u201d.<\/p>\n<p class=\"\">La temporada de David de Miranda toca a su fin, y lo que le queda al torero es futuro.<\/p>\n<p class=\"\">\u201cEspero que el a\u00f1o pr\u00f3ximo venga cargado de sorpresas buenas y pueda entrar en las ferias. Creo que se avecina una etapa importante en mi carrera; y debo tener la capacidad de superarme cada d\u00eda y ofrecer motivos para que se cuente conmigo. Ojal\u00e1 la corrida de hoy en Sevilla sea el lanzamiento de mi trayectoria y de mi vida; de ah\u00ed, la responsabilidad y el miedo, pero creo que hab\u00eda que aceptar el reto\u201d<\/p>\n","protected":false},"excerpt":{"rendered":"La corta historia profesional del diestro David de Miranda (Trigueros, Hueva, 32 a\u00f1os) es una extra\u00f1a mezcla de&hellip;\n","protected":false},"author":2,"featured_media":139611,"comment_status":"","ping_status":"","sticky":false,"template":"","format":"standard","meta":{"footnotes":""},"categories":[277],"tags":[373,209,12896,168,25,24,22064,3728,23,167,374,444],"class_list":{"0":"post-139610","1":"post","2":"type-post","3":"status-publish","4":"format-standard","5":"has-post-thumbnail","7":"category-toreo","8":"tag-bullfighting","9":"tag-cultura","10":"tag-david-de-miranda","11":"tag-deportes","12":"tag-es","13":"tag-espana","14":"tag-la-maestranza","15":"tag-las-ventas","16":"tag-spain","17":"tag-sports","18":"tag-toreo","19":"tag-toros"},"share_on_mastodon":{"url":"","error":""},"_links":{"self":[{"href":"https:\/\/www.europesays.com\/es\/wp-json\/wp\/v2\/posts\/139610","targetHints":{"allow":["GET"]}}],"collection":[{"href":"https:\/\/www.europesays.com\/es\/wp-json\/wp\/v2\/posts"}],"about":[{"href":"https:\/\/www.europesays.com\/es\/wp-json\/wp\/v2\/types\/post"}],"author":[{"embeddable":true,"href":"https:\/\/www.europesays.com\/es\/wp-json\/wp\/v2\/users\/2"}],"replies":[{"embeddable":true,"href":"https:\/\/www.europesays.com\/es\/wp-json\/wp\/v2\/comments?post=139610"}],"version-history":[{"count":0,"href":"https:\/\/www.europesays.com\/es\/wp-json\/wp\/v2\/posts\/139610\/revisions"}],"wp:featuredmedia":[{"embeddable":true,"href":"https:\/\/www.europesays.com\/es\/wp-json\/wp\/v2\/media\/139611"}],"wp:attachment":[{"href":"https:\/\/www.europesays.com\/es\/wp-json\/wp\/v2\/media?parent=139610"}],"wp:term":[{"taxonomy":"category","embeddable":true,"href":"https:\/\/www.europesays.com\/es\/wp-json\/wp\/v2\/categories?post=139610"},{"taxonomy":"post_tag","embeddable":true,"href":"https:\/\/www.europesays.com\/es\/wp-json\/wp\/v2\/tags?post=139610"}],"curies":[{"name":"wp","href":"https:\/\/api.w.org\/{rel}","templated":true}]}}