{"id":139620,"date":"2025-09-26T08:05:13","date_gmt":"2025-09-26T08:05:13","guid":{"rendered":"https:\/\/www.europesays.com\/es\/139620\/"},"modified":"2025-09-26T08:05:13","modified_gmt":"2025-09-26T08:05:13","slug":"mika-marmol-y-clemente-ko","status":"publish","type":"post","link":"https:\/\/www.europesays.com\/es\/139620\/","title":{"rendered":"Mika M\u00e1rmol y Clemente, KO"},"content":{"rendered":"<p class=\"ft-text ft-helper-closenews\">Problemas a la vista. <strong>La retaguardia de la <\/strong><a class=\"ft-link ft-link--decoration\" href=\"https:\/\/www.laprovincia.es\/ud-las-palmas\/\" rel=\"nofollow noopener\" target=\"_blank\"><strong>UD Las Palmas<\/strong><\/a>, formada por<strong> la l\u00ednea inamovible de <\/strong><a class=\"ft-link ft-link--decoration\" href=\"https:\/\/www.laprovincia.es\/tags\/marvin-park\/\" rel=\"nofollow noopener\" target=\"_blank\"><strong>Marvin<\/strong><\/a><strong>,\u00a0Barcia,\u00a0<\/strong><a class=\"ft-link ft-link--decoration\" href=\"https:\/\/www.laprovincia.es\/tags\/mika-marmol\/\" rel=\"nofollow noopener\" target=\"_blank\"><strong>Mika M\u00e1rmol<\/strong><\/a><strong>\u00a0y\u00a0<\/strong><a class=\"ft-link ft-link--decoration\" href=\"https:\/\/www.laprovincia.es\/tags\/oscar-clemente\/\" rel=\"nofollow noopener\" target=\"_blank\"><strong>Clemente<\/strong><\/a><strong> <\/strong>afronta <strong>cambios para los pr\u00f3ximos cuatro partidos de Liga. <\/strong>A la ausencia de <a class=\"ft-link ft-link--decoration\" href=\"https:\/\/www.laprovincia.es\/tags\/enrique-clemente\/\" rel=\"nofollow noopener\" target=\"_blank\">Enrique Clemente<\/a> ante el Legan\u00e9s por una lesi\u00f3n de rodilla, se une esta semana<strong> la baja de Mika M\u00e1rmol, que estar\u00e1 alejado de los terrenos de juego durante tres semanas<\/strong> aproximadamente por<strong> un contratiempo de tipo muscular. <\/strong>Unos cambios relevantes en la muralla de Luis Garc\u00eda, que ahora tendr\u00e1 que rearmar el puzle y buscar la mejor soluci\u00f3n. En este aspecto, la <strong>luz verde es para <\/strong><strong>Cristian Guti\u00e9rrez<\/strong><strong> en la zurda, y para <\/strong><strong>Juanma Herzog<\/strong><strong> y <\/strong><strong>\u00c1lex Su\u00e1rez<\/strong><strong> en el centro de la defensa junto a <\/strong><strong>Sergio Barcia<\/strong><strong>. <\/strong><\/p>\n<p class=\"ft-text\">Un rompecabezas lleno de cambios para<strong> la visita del Almer\u00eda este s\u00e1bado <\/strong><strong>(20.00 horas, LaLiga Hypermotion),<\/strong><strong> <\/strong>en la que el t\u00e9cnico ovetense tiene la tarea de dise\u00f1ar un nuevo once, dejando atr\u00e1s a <strong>unos fijos que en cuesti\u00f3n de dos semanas se ha desvanecido. <\/strong>Solo Barcia y Marvin, quien en esta temporada est\u00e1 luciendo su mejor versi\u00f3n con la el\u00e1stica amarilla, mantienen su condici\u00f3n f\u00edsica seis jornadas despu\u00e9s del comienzo de la temporada.<\/p>\n<p class=\"ft-text\">En un principio, el pron\u00f3stico es que <strong>ambos jugadores se pierdan el encuentro ante el Almer\u00eda de este fin de semana, y tres m\u00e1s<\/strong> \u2014C\u00e1diz, Granada y Eibar\u2014, pudiendo llegar a tiempo para la visita a El Alcoraz de Huesca. El contratiempo de Mika es uno de los m\u00e1s significantes para el cuadro de Luis Garc\u00eda, puesto que <strong>el de Terrassa tuvo la capacidad de actuar como lateral izquierdo<\/strong> ante la baja de Clemente en Butarque. Este fin de semana, con su ausencia, ese puesto podr\u00eda llevar el nombre de Cristian Guti\u00e9rrez, que ante el Legan\u00e9s sali\u00f3 en el \u00faltimo minuto de partido.<\/p>\n<p>El turno de Cristian Guti\u00e9rrez<\/p>\n<p class=\"ft-text\"><strong> Un Cristian Guti\u00e9rrez que este curso ha tenido protagonismo en cuatro partidos,<\/strong> divididos en 128 minutos. De ellos, en el estreno liguero de la UD ante el Andorra en el <a class=\"ft-link ft-link--decoration\" href=\"https:\/\/www.laprovincia.es\/tags\/estadio-de-gran-canaria\/\" rel=\"nofollow noopener\" target=\"_blank\">Estadio de Gran Canaria<\/a> fue cuando mejor se pudo lucir, pues<strong> jug\u00f3 como titular y fue sustituido en los \u00faltimos diez minutos.<\/strong> Su presencia en el terreno de juego se ha ido diluyendo con el paso de las jornadas, de modo que <strong>permaneci\u00f3 en el banquillo ante el Burgos y la Real Sociedad B. <\/strong><\/p>\n<p class=\"ft-text\">En el centro de la defensa, el capit\u00e1n<strong> \u00c1lex Su\u00e1rez y Herzog se disputar\u00e1n el puesto como pareja de Barcia, <\/strong>una figura que hasta el momento ha sido indiscutible en el once de la UD Las Palmas. En el caso de Herzog, el futbolista ha sido <strong>invisible para el t\u00e9cnico este curso.<\/strong> Su aparici\u00f3n fue ante el Legan\u00e9s el pasado fin de semana, pero <strong>su protagonismo fue nulo: solo jug\u00f3 un minuto.<\/strong> Su\u00e1rez, en cambio, fue titular ante el conjunto pepinero actuando en el centro de la defensa junto a Barcia, dejando un buen sabor de boca.<strong> Ante el C\u00f3rdoba (28&#8242;) y Real Sociedad B (4&#8242;), tambi\u00e9n tuvo sus minutos de gloria. <\/strong><\/p>\n<p class=\"ft-text\">En cuanto a la enfermer\u00eda, <strong>a la baja de <\/strong><a class=\"ft-link ft-link--decoration\" href=\"https:\/\/www.laprovincia.es\/tags\/sandro-ramirez\/\" rel=\"nofollow noopener\" target=\"_blank\"><strong>Sandro Ram\u00edrez<\/strong><\/a><strong> <\/strong>\u2014sigue con su proceso de recuperaci\u00f3n tras su operaci\u00f3n en la rodilla\u2014,<strong> se une la de Mika y Clemente.<\/strong> Viti Rozada, por su parte, <strong>sigue entre algodones y es duda para el encuentro frente al Almer\u00eda,<\/strong> mientras que <a class=\"ft-link ft-link--decoration\" href=\"https:\/\/www.laprovincia.es\/tags\/kirian-rodriguez\/\" rel=\"nofollow noopener\" target=\"_blank\">Kirian Rodr\u00edguez<\/a> todav\u00eda est\u00e1 con su puesta a punto.<\/p>\n<p data-close=\"closedContent\" class=\"subscribeHideForDisplay\">Suscr\u00edbete para seguir leyendo<\/p>\n","protected":false},"excerpt":{"rendered":"Problemas a la vista. La retaguardia de la UD Las Palmas, formada por la l\u00ednea inamovible de Marvin,\u00a0Barcia,\u00a0Mika&hellip;\n","protected":false},"author":2,"featured_media":139621,"comment_status":"","ping_status":"","sticky":false,"template":"","format":"standard","meta":{"footnotes":""},"categories":[268],"tags":[168,1931,43667,25,24,280,282,41084,556,43666,281,23,167,4407,4406],"class_list":{"0":"post-139620","1":"post","2":"type-post","3":"status-publish","4":"format-standard","5":"has-post-thumbnail","7":"category-futbol","8":"tag-deportes","9":"tag-drama","10":"tag-enrique-clemente","11":"tag-es","12":"tag-espana","13":"tag-football","14":"tag-futbol","15":"tag-mika","16":"tag-palmas","17":"tag-retaguardia","18":"tag-soccer","19":"tag-spain","20":"tag-sports","21":"tag-ud","22":"tag-ud-las-palmas"},"share_on_mastodon":{"url":"","error":""},"_links":{"self":[{"href":"https:\/\/www.europesays.com\/es\/wp-json\/wp\/v2\/posts\/139620","targetHints":{"allow":["GET"]}}],"collection":[{"href":"https:\/\/www.europesays.com\/es\/wp-json\/wp\/v2\/posts"}],"about":[{"href":"https:\/\/www.europesays.com\/es\/wp-json\/wp\/v2\/types\/post"}],"author":[{"embeddable":true,"href":"https:\/\/www.europesays.com\/es\/wp-json\/wp\/v2\/users\/2"}],"replies":[{"embeddable":true,"href":"https:\/\/www.europesays.com\/es\/wp-json\/wp\/v2\/comments?post=139620"}],"version-history":[{"count":0,"href":"https:\/\/www.europesays.com\/es\/wp-json\/wp\/v2\/posts\/139620\/revisions"}],"wp:featuredmedia":[{"embeddable":true,"href":"https:\/\/www.europesays.com\/es\/wp-json\/wp\/v2\/media\/139621"}],"wp:attachment":[{"href":"https:\/\/www.europesays.com\/es\/wp-json\/wp\/v2\/media?parent=139620"}],"wp:term":[{"taxonomy":"category","embeddable":true,"href":"https:\/\/www.europesays.com\/es\/wp-json\/wp\/v2\/categories?post=139620"},{"taxonomy":"post_tag","embeddable":true,"href":"https:\/\/www.europesays.com\/es\/wp-json\/wp\/v2\/tags?post=139620"}],"curies":[{"name":"wp","href":"https:\/\/api.w.org\/{rel}","templated":true}]}}