{"id":139624,"date":"2025-09-26T08:07:22","date_gmt":"2025-09-26T08:07:22","guid":{"rendered":"https:\/\/www.europesays.com\/es\/139624\/"},"modified":"2025-09-26T08:07:22","modified_gmt":"2025-09-26T08:07:22","slug":"open-house-zaragoza-open-house-reivindica-la-figura-de-garcia-mercadal-presenta-joyas-arquitectonicas-y-anuncia-experiencias-unicas","status":"publish","type":"post","link":"https:\/\/www.europesays.com\/es\/139624\/","title":{"rendered":"Open House Zaragoza | Open House reivindica la figura de Garc\u00eda Mercadal, presenta joyas arquitect\u00f3nicas y anuncia experiencias \u00fanicas"},"content":{"rendered":"<p class=\"ft-text ft-helper-align-justify\">En el primer d\u00eda del <strong>Open House Zaragoza 2025<\/strong>, que hasta el 28 de septiembre organiza <strong>32 actividades gratuitas<\/strong> para exponer la riqueza patrimonial de la ciudad, ha rendido <strong>homenaje este jueves a Fernando Garc\u00eda Mercadal<\/strong> en el Colegio Oficial de Arquitectos de Arag\u00f3n, reivindicando su figura como precursor del racionalismo en Espa\u00f1a.<\/p>\n<p class=\"ft-text ft-helper-align-justify\">\u201cEn Garc\u00eda Mercadal encontramos a una figura central, poderos\u00edsima, introductora de la modernidad europea en Arag\u00f3n y del racionalismo. Alguien que firm\u00f3 m\u00e1s de 300 edificios. Fue una<strong> persona muy poderosa, muy bien conectada<\/strong>, un personaje del 27 con muchos amigos en la Residencia de Estudiantes, alguien muy lector y muy curioso\u201d, ha comentado el periodista Ant\u00f3n Castro al inicio del coloquio.<\/p>\n<p class=\"ft-text ft-helper-align-justify\">\u201cEra un hombre simp\u00e1tico, somard\u00f3n, con muchos amigos y una<strong> personalidad arrolladora<\/strong>\u201d, ha recordado el sobrino-nieto del arquitecto, dibujando la cara m\u00e1s personal de Garc\u00eda Mercadal, sus or\u00edgenes y un entorno familiar que favoreci\u00f3 su curiosidad y sus ganas de aprender. \u201cNo solo es uno de los arquitectos m\u00e1s importantes de la \u00e9poca contempor\u00e1nea en Arag\u00f3n, sino uno de los mejores\u201d, ha a\u00f1adido, por su parte, el historiador del arte<strong> Jes\u00fas Mart\u00ednez Ver\u00f3n.<\/strong> Y el arquitecto Fernando Aguerri ha abordado el \u201cviaje inici\u00e1tico\u201d de Garc\u00eda Mercadal a Francia tras concluir sus estudios de arquitectura en Madrid (viaje al que luego siguieron otros, por ejemplo, a Italia), cu\u00e1les fueron sus influencias tras aquella etapa formativa y c\u00f3mo <strong>\u201cincorpor\u00f3 todo eso a sus obras, como el Rinc\u00f3n de Goya\u201d<\/strong>. Un enclave que ha estado muy presente en la conversaci\u00f3n, dada su relevancia en la obra del arquitecto, pero tambi\u00e9n en la ciudad de Zaragoza.<\/p>\n<p class=\"ft-text ft-helper-align-justify\">El homenaje ha comenzado y concluido en clave art\u00edstica, con la voz de <strong>Pilar Marqu\u00e9s <\/strong>interpretando varias piezas cl\u00e1sicas.<\/p>\n<p>Legado y futuro<\/p>\n<p class=\"ft-text ft-helper-align-justify\">Y ampliando el foco a la vanguardia de las herramientas que hoy est\u00e1n al servicio de la <strong>arquitectura y el urbanismo<\/strong>, la C\u00e1tedra Lugares Digitales de la Universidad de Zaragoza ha celebrado un <strong>coloquio sobre el papel del patrimonio y la cultura digital<\/strong> en la era de la Inteligencia Artificial. El encuentro ha presentado la ciudad como interfaz o superficie inteligente, y ha reunido a expertos de primer nivel en un debate sobre los desaf\u00edos y oportunidades que ofrece la digitalizaci\u00f3n aplicada al arte, la arquitectura y el turismo.<\/p>\n<p class=\"ft-text ft-helper-align-justify\">Se ha hablado de la virtualizaci\u00f3n de edificios y monumentos mediante fotogrametr\u00eda, escaneado l\u00e1ser 3D, realidad virtual y aumentada, as\u00ed como las implicaciones que estas herramientas tienen para la <strong>preservaci\u00f3n, accesibilidad, investigaci\u00f3n, restauraci\u00f3n y educaci\u00f3n<\/strong>. Y en concreto se ha presentado una de los proyectos m\u00e1s novedosos y estrat\u00e9gico aplicado al patrimonio del Prineo aragon\u00e9s. Todo ello con la participaci\u00f3n de expertos de ITAINNOVA, Arag\u00f3n Digital Innovation Hub, Imascono y Turismo de Arag\u00f3n.<\/p>\n<p><img decoding=\"async\" src=\"https:\/\/www.europesays.com\/es\/wp-content\/uploads\/2025\/09\/ec216719-e69c-481d-a415-f379066f996a_alta-libre-aspect-ratio_default_0.jpg\" width=\"1200\" height=\"800\" alt=\"El Auditorio ha sido protagonista en la jornada de este jueves.\" class=\"ft-helper-img-rd\" loading=\"lazy\" hasdataaida=\"true\"\/><\/p>\n<p class=\"ft-helper-fontColor-quaternary ft-helper-fontSize-body-S ft-helper-spacer-t-xxs\">El Auditorio ha sido protagonista en la jornada de este jueves.  \/ Javier Navarro<\/p>\n<p>Del hospital Miguel Servet a Casa Gav\u00edn <\/p>\n<p class=\"ft-text ft-helper-align-justify\">Durante todo el d\u00eda el p\u00fablico ha llenado todas las visitas y actividades propuestas y ha celebrado la posibilidad de descubrir con otros ojos edificios tan cotidianos como el <strong>Hospital Miguel Servet<\/strong>, espacios in\u00e9ditos como la Casa Gav\u00edn, o propuestas todav\u00eda novedosas como el Ibercaja Estadio.<\/p>\n<p class=\"ft-text ft-helper-align-justify\">\u201c<strong>El festival se construye sobre la idea <\/strong>de que las visitas no son solo recorridos, sino una pedagog\u00eda ciudadana: tratamos a los ciudadanos como expertos de su propio espacio urbano\u201d, ha subrayado el director de Open House Zaragoza, <strong>Jos\u00e9 Javier Gallardo,<\/strong> quien tambi\u00e9n ha puesto en valor \u201cel poder contar con arquitectos, gestores y responsables de cada edificio explicando de primera mano su historia y su funcionamiento\u201d.<\/p>\n<p><img decoding=\"async\" src=\"https:\/\/www.europesays.com\/es\/wp-content\/uploads\/2025\/09\/7a0c8723-676c-4508-96a6-0e23f8da19d8_alta-libre-aspect-ratio_default_0.jpg\" width=\"1200\" height=\"800\" alt=\"Todas las actividades del primer d\u00eda han tenido una gran afluencia.\" class=\"ft-helper-img-rd\" loading=\"lazy\" hasdataaida=\"true\"\/><\/p>\n<p class=\"ft-helper-fontColor-quaternary ft-helper-fontSize-body-S ft-helper-spacer-t-xxs\">Todas las actividades del primer d\u00eda han tenido una gran afluencia.  \/ Javier Navarro<\/p>\n<p class=\"ft-text ft-helper-align-justify\">Tras ver la sorpresa para muchos ciudadanos de descubrir una joya como <strong>Casa Gav\u00edn, la coordinadora de la visita, la arquitecta Bel\u00e9n G\u00f3mez Navarro<\/strong> ha destacado que \u201cnos alegra poder descubrir mundos tan bonitos como este entorno modernista de Ricardo Magdalena, y tambi\u00e9n un mundo nuevo en torno al arte portable creado por <strong>dise\u00f1adores ligados a la ciudad\u201d<\/strong>, en alusi\u00f3n a la exposici\u00f3n de joyer\u00eda que acoge el s\u00f3tano del edificio.<\/p>\n<p class=\"ft-text ft-helper-align-justify\">El p\u00fablico ha valorado especialmente el cuidado con el que se gu\u00edan los grupos reducidos y la <strong>riqueza de los relatos<\/strong>, que permiten redescubrir la ciudad desde perspectivas inesperadas: la cara oculta del Auditorio, los entresijos de las Brigadas Municipales, rincones singulares como la Casa Moneva o espacios patrimoniales desconocidos como la Aljafer\u00eda oculta.<\/p>\n<p class=\"ft-text ft-helper-align-justify\"><strong>Ma\u00f1ana, una experiencia \u00fanica en el Palacio de Larrinaga <\/strong><\/p>\n<p class=\"ft-text ft-helper-align-justify\">El emblem\u00e1tico Palacio de Larrinaga acoger\u00e1 este viernes por la tarde habr\u00e1 dos pases de otra experiencia singular: &#8216;<strong>Explorando la sinestesia en la pintura&#8217;, <\/strong>de la mano de la artista <strong>Cuca Muro<\/strong>, reconocida acuarelista con una amplia trayectoria internacional. En esta demostraci\u00f3n art\u00edstica en directo la m\u00fasica guiar\u00e1 cada trazo y cada elecci\u00f3n crom\u00e1tica, transformando sonidos en<strong> colores y sensaciones en formas. <\/strong><\/p>\n","protected":false},"excerpt":{"rendered":"En el primer d\u00eda del Open House Zaragoza 2025, que hasta el 28 de septiembre organiza 32 actividades&hellip;\n","protected":false},"author":2,"featured_media":139625,"comment_status":"","ping_status":"","sticky":false,"template":"","format":"standard","meta":{"footnotes":""},"categories":[173],"tags":[801,229,233,231,230,232,234,146,147,25,24,43670,43668,43669,23,491],"class_list":{"0":"post-139624","1":"post","2":"type-post","3":"status-publish","4":"format-standard","5":"has-post-thumbnail","7":"category-arte-y-diseno","8":"tag-arquitectura","9":"tag-arte","10":"tag-arte-y-diseno","11":"tag-arts","12":"tag-arts-and-design","13":"tag-design","14":"tag-diseno","15":"tag-entertainment","16":"tag-entretenimiento","17":"tag-es","18":"tag-espana","19":"tag-open-house","20":"tag-open-house-zaragoza-reivindica-la-figura-de-garcia-mercadal","21":"tag-presenta-joyas-arquitectonicas-y-anuncia-experiencias-unicas","22":"tag-spain","23":"tag-zaragoza"},"share_on_mastodon":{"url":"","error":""},"_links":{"self":[{"href":"https:\/\/www.europesays.com\/es\/wp-json\/wp\/v2\/posts\/139624","targetHints":{"allow":["GET"]}}],"collection":[{"href":"https:\/\/www.europesays.com\/es\/wp-json\/wp\/v2\/posts"}],"about":[{"href":"https:\/\/www.europesays.com\/es\/wp-json\/wp\/v2\/types\/post"}],"author":[{"embeddable":true,"href":"https:\/\/www.europesays.com\/es\/wp-json\/wp\/v2\/users\/2"}],"replies":[{"embeddable":true,"href":"https:\/\/www.europesays.com\/es\/wp-json\/wp\/v2\/comments?post=139624"}],"version-history":[{"count":0,"href":"https:\/\/www.europesays.com\/es\/wp-json\/wp\/v2\/posts\/139624\/revisions"}],"wp:featuredmedia":[{"embeddable":true,"href":"https:\/\/www.europesays.com\/es\/wp-json\/wp\/v2\/media\/139625"}],"wp:attachment":[{"href":"https:\/\/www.europesays.com\/es\/wp-json\/wp\/v2\/media?parent=139624"}],"wp:term":[{"taxonomy":"category","embeddable":true,"href":"https:\/\/www.europesays.com\/es\/wp-json\/wp\/v2\/categories?post=139624"},{"taxonomy":"post_tag","embeddable":true,"href":"https:\/\/www.europesays.com\/es\/wp-json\/wp\/v2\/tags?post=139624"}],"curies":[{"name":"wp","href":"https:\/\/api.w.org\/{rel}","templated":true}]}}