{"id":139638,"date":"2025-09-26T08:14:10","date_gmt":"2025-09-26T08:14:10","guid":{"rendered":"https:\/\/www.europesays.com\/es\/139638\/"},"modified":"2025-09-26T08:14:10","modified_gmt":"2025-09-26T08:14:10","slug":"es-un-zasca-en-toda-regla","status":"publish","type":"post","link":"https:\/\/www.europesays.com\/es\/139638\/","title":{"rendered":"\u00abEs un &#8216;zasca&#8217; en toda regla\u00bb"},"content":{"rendered":"<p><img decoding=\"async\" class=\"voc-author__img\" src=\"https:\/\/www.europesays.com\/es\/wp-content\/uploads\/2025\/09\/autor-5261-foto-4.png\" alt=\"Mari Carmen Parra\"\/><\/p>\n<p class=\"voc-p\" style=\"\">Las memorias de <strong>Mar Flores<\/strong>, &#8216;Mar en calma&#8217;, est\u00e1n siendo la &#8216;comidilla&#8217; de la prensa del &#8216;coraz\u00f3n&#8217; desde que se publicaran hace aproximadamente dos semanas. As\u00ed, la salida al mercado del libro ha provocado que la modelo vuelva a estar en el ojo del hurac\u00e1n, tal y como lo estuvo hace a\u00f1os cuando era uno de los personajes m\u00e1s buscados de los &#8216;paparazzis&#8217;. Alessandro Lecquio, Ana Obreg\u00f3n o Carlo Constanzia han respondido a Mar Flores desde diferentes programas de televisi\u00f3n, pero el detalle que se ha considerado m\u00e1s \u00abfeo\u00bb ha sido el que le hizo <strong>Terelu Campos<\/strong> cuando pos\u00f3 para su cumplea\u00f1os con Carlo Constanzia, ex de la modelo. Una imagen de la que se ha hablado mucho y sobre la que ahora Mar Flores se ha pronunciado en unas declaraciones que no han pasado desapercibidas para el equipo de &#8216;Aruser@s&#8217; (<a href=\"https:\/\/www.abc.es\/noticias\/la-sexta\/\" target=\"_self\" data-voc-vtm-id=\"in-text-traffic\" title=\"La Sexta\" data-mrf-link=\"www.abc.es\" rel=\"nofollow noopener\">La Sexta<\/a>) que las han calificado de \u00abdardo en toda regla\u00bb.<\/p>\n<p class=\"voc-p\" style=\"\">El <a href=\"https:\/\/www.abc.es\/play\/television\/noticias\/saltan-alarmas-barbara-rey-deja-entrever-calla-20250925104458-nt.html\" target=\"_self\" data-voc-vtm-id=\"in-text-traffic\" title=\"programa\" data-mrf-link=\"www.abc.es\" rel=\"nofollow noopener\">programa<\/a> comandado por Alfonso Ar\u00fas se deten\u00eda en las \u00faltimas declaraciones que hab\u00eda ofrecido <strong>Mar Flores<\/strong> a los periodistas. \u00abDice que sus memorias no cuentan una verdad, cuenta la verdad\u00bb, se\u00f1alaba el presentador de &#8216;<strong>Aruser@s<\/strong>&#8216; que pasaba a ofrecer el v\u00eddeo del que hablaban.<\/p>\n<p class=\"voc-p\" style=\"\">\u00abCada uno interpreta la verdad como quiere para su propio inter\u00e9s, pero lo que dice en el libro no es mi verdad, es la verdad\u00bb, dec\u00eda <strong>Mar Flores<\/strong> en la pieza informativa, en la que tambi\u00e9n se pronunciaba sobre la ausencia de su hijo Carlo y sobre la \u00abnula relaci\u00f3n con su consuegra, con <strong>Terelu<\/strong>\u00bb<\/p>\n<p class=\"voc-p\" style=\"\">\u00abNo me pareci\u00f3 que fuera algo que se tuviera que haber hecho. Me parece innecesario\u00bb, respond\u00eda la modelo sobre la pol\u00e9mica foto de Terelu Campos con Carlo Constanzia. Adem\u00e1s, sobre la ausencia de su hijo explic\u00f3 que este le hab\u00eda dicho que ten\u00eda \u00abtrabajo\u00bb, pero que sus hijos la arropaban fueran o no. \u00abSobre todo no necesitamos una foto para justificar que nos queremos\u00bb, soltaba en una clara indirecta a<strong> Terelu Campos<\/strong> que no quedaba ah\u00ed, cuando los reporteros le preguntaban por su relaci\u00f3n con la colaboradora de Telecinco. \u00ab\u00bf&#8217;Has visto &#8216;De viernes?&#8217;, pues yo tambi\u00e9n\u00bb, lanzaba<strong> Mar Flores<\/strong> que provocaba la reacci\u00f3n en &#8216;<a href=\"https:\/\/www.abc.es\/play\/television\/noticias\/sentencian-padre-lamine-yamal-tras-ocurrido-gala-20250924105636-nt.html\" target=\"_self\" data-voc-vtm-id=\"in-text-traffic\" title=\"Aruser@s\" data-mrf-link=\"www.abc.es\" rel=\"nofollow noopener\">Aruser@s<\/a>&#8216;.<\/p>\n<p class=\"voc-p\" style=\"\">\u00ab&#8217;Zas&#8217; y ah\u00ed queda. Y yo creo es un &#8216;zasca&#8217; en toda regla cuando dice que no necesitan una foto para demostrar que se quieren\u00bb, se\u00f1alaba Tatiana Ar\u00fas, colaboradora del <a href=\"https:\/\/www.abc.es\/play\/television\/noticias\/aplaudido-zasca-david-bustamante-critican-cuerpos-ajenos-20250923105159-nt.html\" target=\"_self\" data-voc-vtm-id=\"in-text-traffic\" title=\"programa\" data-mrf-link=\"www.abc.es\" rel=\"nofollow noopener\">programa<\/a> de La Sexta, sobre la &#8216;pulla&#8217; de <strong>Mar Flores<\/strong> a <strong>Terelu Campos<\/strong>.<\/p>\n<p>Reportar un error<\/p>\n","protected":false},"excerpt":{"rendered":"Las memorias de Mar Flores, &#8216;Mar en calma&#8217;, est\u00e1n siendo la &#8216;comidilla&#8217; de la prensa del &#8216;coraz\u00f3n&#8217; desde&hellip;\n","protected":false},"author":2,"featured_media":139639,"comment_status":"","ping_status":"","sticky":false,"template":"","format":"standard","meta":{"footnotes":""},"categories":[91],"tags":[5615,43672,146,147,25,24,9646,29987,195,20987,16500,39625,23,5522,28664],"class_list":{"0":"post-139638","1":"post","2":"type-post","3":"status-publish","4":"format-standard","5":"has-post-thumbnail","7":"category-entretenimiento","8":"tag-campos","9":"tag-dolera","10":"tag-entertainment","11":"tag-entretenimiento","12":"tag-es","13":"tag-espana","14":"tag-flores","15":"tag-fulmina","16":"tag-mar","17":"tag-pulla","18":"tag-regla","19":"tag-sonora","20":"tag-spain","21":"tag-terelu","22":"tag-zasca"},"share_on_mastodon":{"url":"","error":""},"_links":{"self":[{"href":"https:\/\/www.europesays.com\/es\/wp-json\/wp\/v2\/posts\/139638","targetHints":{"allow":["GET"]}}],"collection":[{"href":"https:\/\/www.europesays.com\/es\/wp-json\/wp\/v2\/posts"}],"about":[{"href":"https:\/\/www.europesays.com\/es\/wp-json\/wp\/v2\/types\/post"}],"author":[{"embeddable":true,"href":"https:\/\/www.europesays.com\/es\/wp-json\/wp\/v2\/users\/2"}],"replies":[{"embeddable":true,"href":"https:\/\/www.europesays.com\/es\/wp-json\/wp\/v2\/comments?post=139638"}],"version-history":[{"count":0,"href":"https:\/\/www.europesays.com\/es\/wp-json\/wp\/v2\/posts\/139638\/revisions"}],"wp:featuredmedia":[{"embeddable":true,"href":"https:\/\/www.europesays.com\/es\/wp-json\/wp\/v2\/media\/139639"}],"wp:attachment":[{"href":"https:\/\/www.europesays.com\/es\/wp-json\/wp\/v2\/media?parent=139638"}],"wp:term":[{"taxonomy":"category","embeddable":true,"href":"https:\/\/www.europesays.com\/es\/wp-json\/wp\/v2\/categories?post=139638"},{"taxonomy":"post_tag","embeddable":true,"href":"https:\/\/www.europesays.com\/es\/wp-json\/wp\/v2\/tags?post=139638"}],"curies":[{"name":"wp","href":"https:\/\/api.w.org\/{rel}","templated":true}]}}