{"id":139643,"date":"2025-09-26T08:17:09","date_gmt":"2025-09-26T08:17:09","guid":{"rendered":"https:\/\/www.europesays.com\/es\/139643\/"},"modified":"2025-09-26T08:17:09","modified_gmt":"2025-09-26T08:17:09","slug":"trump-anuncia-nuevos-aranceles-entre-ellos-uno-del-100-a-los-medicamentos","status":"publish","type":"post","link":"https:\/\/www.europesays.com\/es\/139643\/","title":{"rendered":"Trump anuncia nuevos aranceles, entre ellos uno del 100% a los medicamentos"},"content":{"rendered":"<p>    <img src=\"https:\/\/www.europesays.com\/es\/wp-content\/uploads\/2025\/09\/2025-09-26T073A463A05Z-90070261.jpg\" width=\"1024\" height=\"682\" alt=\"\" loading=\"eager\" decoding=\"sync\" fetchpriority=\"high\"\/><\/p>\n<p>            afp_tickers        <\/p>\n<p>        Este contenido fue publicado en    <\/p>\n<p>        26 septiembre 2025 &#8211; 09:46\n<\/p>\n<p>El presidente de Estados Unidos, Donald Trump, reaviv\u00f3 el jueves su guerra comercial global con el anuncio de nuevos aranceles de hasta el 100% a los medicamentos, as\u00ed como tasas a los camiones de carga pesada y accesorios para remodelar el hogar y muebles.<\/p>\n<p>Esta medida comunicada a \u00faltima hora del jueves es la pol\u00edtica comercial m\u00e1s severa del magnate republicano desde la imposici\u00f3n de aranceles rec\u00edprocos en abril a pr\u00e1cticamente todos los socios comerciales de Estados Unidos en el mundo.<\/p>\n<p>A partir del 1 de octubre \u00abimpondremos un arancel del 100% a cualquier producto farmac\u00e9utico de marca o patentado, a menos que una empresa EST\u00c9 CONSTRUYENDO su planta de fabricaci\u00f3n farmac\u00e9utica en Estados Unidos\u00bb, escribi\u00f3 Trump en su red Truth Social.<\/p>\n<p>En otra publicaci\u00f3n, el mandatario escribi\u00f3 sobre un arancel del 25% adicional en \u00abtodos los \u2018camiones pesados\u2019 ensamblados en otras partes del mundo\u00bb para apoyar a fabricantes estadounidenses como \u00abPeterbilt, Kenworth, Freightliner, Mack Trucks y otros\u00bb.<\/p>\n<p>Dijo que los grav\u00e1menes para esos veh\u00edculos se justifican \u00abpor muchas razones, pero sobre todo, por prop\u00f3sitos de seguridad nacional\u00bb.<\/p>\n<p>Las empresas extranjeras que compiten con estos fabricantes en el mercado estadounidense incluyen la sueca Volvo y la alemana Daimler.<\/p>\n<p>Luego de regresar a la Casa Blanca a principios de este a\u00f1o, Trump inici\u00f3 una investigaci\u00f3n de la Secci\u00f3n 232 sobre las importaciones de camiones para \u00abdeterminar los efectos sobre la seguridad nacional\u00bb, preparando el terreno para el anuncio del jueves.<\/p>\n<p>El republicano tambi\u00e9n se refiri\u00f3 a los materiales para la renovaci\u00f3n del hogar.\u00a0<\/p>\n<p>\u00abImpondremos un arancel del 50% en todos los gabinetes de cocina, tocadores de ba\u00f1o y productos asociados\u00bb, precis\u00f3 en su red social.<\/p>\n<p>Esta tasa tambi\u00e9n entrar\u00eda en vigor el 1 de octubre.<\/p>\n<p>\u00abAdem\u00e1s, cobraremos un arancel del 30% en muebles tapizados\u00bb, a\u00f1adi\u00f3.<\/p>\n<p>Seg\u00fan la Comisi\u00f3n de Comercio Internacional de Estados Unidos, en 2022 las importaciones principalmente provenientes de Asia representaron el 60% de todos los muebles vendidos, incluyendo el 86% del mobiliario hecho de madera y el 42% de aquellos tapizados.<\/p>\n<p>Trump lidera una ofensiva arancelaria dirigida principalmente a reducir el d\u00e9ficit comercial de Estados Unidos.<\/p>\n<p>Su administraci\u00f3n impuso un gravamen base del 10% a todos los pa\u00edses, con tasas m\u00e1s altas individualizadas para aquellas naciones cuyas exportaciones a Estados Unidos superan ampliamente las importaciones.<\/p>\n<p>Esta guerra arancelaria reaviva los temores sobre la inflaci\u00f3n en Estados Unidos.<\/p>\n<p>Trump busca reconstruir el sector manufacturero con pol\u00edticas proteccionistas en oposici\u00f3n directa a las modernas disposiciones del pa\u00eds de mantener una econom\u00eda abierta y dependiente de las importaciones.<\/p>\n<p>sla\/acb\/cr\/cjc\/arm<\/p>\n","protected":false},"excerpt":{"rendered":"afp_tickers Este contenido fue publicado en 26 septiembre 2025 &#8211; 09:46 El presidente de Estados Unidos, Donald Trump,&hellip;\n","protected":false},"author":2,"featured_media":139644,"comment_status":"","ping_status":"","sticky":false,"template":"","format":"standard","meta":{"footnotes":""},"categories":[42],"tags":[17,18,82,14685,84,13,14,11,61,62,85,63,64,19,20,87,9,10,15,16,15950,89,90,12,21,22,65,66,67],"class_list":{"0":"post-139643","1":"post","2":"type-post","3":"status-publish","4":"format-standard","5":"has-post-thumbnail","7":"category-internacional","8":"tag-breaking-news","9":"tag-breakingnews","10":"tag-business","11":"tag-chemicals","12":"tag-economy-general","13":"tag-featured-news","14":"tag-featurednews","15":"tag-headlines","16":"tag-internacional","17":"tag-international","18":"tag-international-foreign-trade","19":"tag-international-news","20":"tag-internationalnews","21":"tag-latest-news","22":"tag-latestnews","23":"tag-macro-economics","24":"tag-news","25":"tag-noticias","26":"tag-noticias-destacadas","27":"tag-noticiasdestacadas","28":"tag-pharmaceutical","29":"tag-tariff","30":"tag-ticker","31":"tag-titulares","32":"tag-ultimas-noticias","33":"tag-ultimasnoticias","34":"tag-world","35":"tag-world-news","36":"tag-worldnews"},"share_on_mastodon":{"url":"","error":""},"_links":{"self":[{"href":"https:\/\/www.europesays.com\/es\/wp-json\/wp\/v2\/posts\/139643","targetHints":{"allow":["GET"]}}],"collection":[{"href":"https:\/\/www.europesays.com\/es\/wp-json\/wp\/v2\/posts"}],"about":[{"href":"https:\/\/www.europesays.com\/es\/wp-json\/wp\/v2\/types\/post"}],"author":[{"embeddable":true,"href":"https:\/\/www.europesays.com\/es\/wp-json\/wp\/v2\/users\/2"}],"replies":[{"embeddable":true,"href":"https:\/\/www.europesays.com\/es\/wp-json\/wp\/v2\/comments?post=139643"}],"version-history":[{"count":0,"href":"https:\/\/www.europesays.com\/es\/wp-json\/wp\/v2\/posts\/139643\/revisions"}],"wp:featuredmedia":[{"embeddable":true,"href":"https:\/\/www.europesays.com\/es\/wp-json\/wp\/v2\/media\/139644"}],"wp:attachment":[{"href":"https:\/\/www.europesays.com\/es\/wp-json\/wp\/v2\/media?parent=139643"}],"wp:term":[{"taxonomy":"category","embeddable":true,"href":"https:\/\/www.europesays.com\/es\/wp-json\/wp\/v2\/categories?post=139643"},{"taxonomy":"post_tag","embeddable":true,"href":"https:\/\/www.europesays.com\/es\/wp-json\/wp\/v2\/tags?post=139643"}],"curies":[{"name":"wp","href":"https:\/\/api.w.org\/{rel}","templated":true}]}}