{"id":139645,"date":"2025-09-26T08:18:04","date_gmt":"2025-09-26T08:18:04","guid":{"rendered":"https:\/\/www.europesays.com\/es\/139645\/"},"modified":"2025-09-26T08:18:04","modified_gmt":"2025-09-26T08:18:04","slug":"las-mujeres-de-cuatro-altos-cargos-del-psoe-entraron-sin-oposicion-en-lipasam-y-emvisesa","status":"publish","type":"post","link":"https:\/\/www.europesays.com\/es\/139645\/","title":{"rendered":"Las mujeres de cuatro altos cargos del PSOE entraron sin oposici\u00f3n en Lipasam y Emvisesa"},"content":{"rendered":"<p style=\"\">El expediente administrativo del arrendamiento de la parcela de <strong>Emvisesa<\/strong> en <strong>Pino Montano<\/strong> en favor de la mujer del que fuera exgerente de<strong> Lipasam<\/strong> y hasta hace escasos d\u00edas jefe de gabinete de la <strong>Delegaci\u00f3n del Gobierno en Andaluc\u00eda<\/strong>, el  &#8230; socialista <strong>Rafael Pineda<\/strong>, ha motivado una investigaci\u00f3n de la <strong>Unidad Central Operativa<\/strong> (UCO) de la Guardia Civil y ha permitido aflorar las estrechas relaciones empresariales de un grupo de dirigentes socialistas encabezados por <strong>Alfonso Rodr\u00edguez G\u00f3mez de Celis<\/strong>, actual vicepresidente del Congreso de los Diputados y miembro del n\u00facleo m\u00e1s cercano a Pedro S\u00e1nchez. Pero la red de intereses no acaba, como ya expuso ABC, en el entramado de sociedades mercantiles en la que aparecen quienes tuvieron responsabilidades municipales con Monteseir\u00edn o Espadas y sus parejas, sino que esas influencias permitieron los &#8216;fichajes&#8217; sin oposici\u00f3n de las mujeres de cuatro altos cargos del PSOE en las empresas p\u00fablicas del Ayuntamiento como son Lipasam o Emvisesa.<\/p>\n<p class=\"voc-p\" style=\"\">Precisamente fue la figura de Rafael Pineda, a quien G\u00f3mez de Celis coloc\u00f3 como gerente de la<strong> empresa municipal de limpieza<\/strong> entre 2007 y 2011, quien permiti\u00f3 gran parte de estos fichajes, como ya denunci\u00f3 entonces la oposici\u00f3n municipal. En esa larga lista de familiares y amigos contratados en las sociedades municipales, muchos eran apadrinados de G\u00f3mez de Celis. <\/p>\n<p class=\"voc-p\" style=\"\">Ah\u00ed sobresale el nombre de Marian Cap\u00f3n, la pareja del que fuera gerente de Urbanismo con S\u00e1nchez Monteseir\u00edn, <strong>Miguel \u00c1ngel Mill\u00e1n<\/strong>. Ambos son \u00edntimos de Pineda, quien la contrat\u00f3 a trav\u00e9s de una empresa externa como secretaria personal. En ese momento hab\u00eda hasta tres secretarias en la gerencia de Lipasam, pero se cre\u00f3 una plaza nueva para colocarla.<\/p>\n<p class=\"voc-p\" style=\"\">Otro de los fichajes de Pineda, cuya conversaci\u00f3n con un investigado en una causa de blanqueo de capitales vinculado al narcotr\u00e1fico deriv\u00f3 en la pieza separada de Emvisesa, fue <strong>Daniel Zambrana<\/strong>, director en el Ayuntamiento con Celis, que se qued\u00f3 sin empleo tras la defenestraci\u00f3n del que por entonces era &#8216;delf\u00edn&#8217; del alcalde S\u00e1nchez Monteseir\u00edn y que fue nombrado en 2010 jefe de servicio sin proceso selectivo alguno. Actualmente contin\u00faa siendo uno de los altos cargos de la empresa municipal. <\/p>\n<p>\nAgrupaci\u00f3n de Triana\n<\/p>\n<p class=\"voc-p\" style=\"\">Pero la lista de los nombres a los que Rafael Pineda integr\u00f3 en la plantilla de Lipasam no queda ah\u00ed. Sigui\u00f3 tirando de amistades con carnet socialista. En esta contexto aparecen Enrique Herbello, jefe de servicio, o Asunci\u00f3n Jim\u00e9nez, contratada como jefe t\u00e9cnico. Ambos proced\u00edan de la <strong>agrupaci\u00f3n del PSOE de Triana<\/strong>, aunque desaparecieron de la misma tras la llegada a la misma de Susana D\u00edaz. Es decir, dieron el salto del partido a cargos de Lipasam. Con la llegada de Juan Ignacio Zoido a la alcald\u00eda en 2011 estos dos, al menos, fueron cesados de sus cargos. <\/p>\n<p class=\"voc-p\" style=\"\">No por v\u00ednculos del partido pero s\u00ed de amistad, Pineda fich\u00f3 como directivo a Alejandro And\u00fajar, <strong>marido de una socia de su mujer.<\/strong> And\u00fajar es actualmente director general. Esto es, los fichajes de Pineda en \u00e9poca de S\u00e1nchez Monteseir\u00edn siguen con poder de decisi\u00f3n en Lipasam, cuyo gerente es Manuel Torregrosa.<\/p>\n<p class=\"voc-p\" style=\"\">Cuando salt\u00f3<strong> la pol\u00e9mica en 2011<\/strong> por todos los fichajes de Pineda, \u00e9ste defendi\u00f3 \u00abel actual equipo de trabajo\u00bb que \u00e9l conform\u00f3, desvinculando su decisi\u00f3n a v\u00ednculos del partido, asumiendo el coste pol\u00edtico de aquellas contrataciones. \u00abEnrique Herbello lleva ya algunos a\u00f1os fuera del PSOE, pero s\u00ed, estaba en mi agrupaci\u00f3n, en Triana, como Asunci\u00f3n Jim\u00e9nez, que sigue siendo del partido; pero no son directivos sino cargos t\u00e9cnicos. Mari\u00e1n Cap\u00f3n es la esposa de Miguel \u00c1ngel Mill\u00e1n, s\u00ed, y en cuanto a Daniel Zambrana, pues s\u00ed, es socialista, ha trabajado en el Ayuntamiento y es un gran profesional, un ingeniero muy cualificado. Pero bueno, lo asumo. Ahora bien, a los dem\u00e1s no se les puede estigmatizar porque nada tienen que ver con el PSOE, no se puede generalizar\u00bb. \u00c9stas fueron sus palabras hace catorce a\u00f1os sobre empleados de Lipasam, de los que siguen todos menos dos.<\/p>\n<p class=\"voc-p\" style=\"\">Otro de esos socialistas que aprovech\u00f3 su responsabilidad en el Ayuntamiento en el gobierno de S\u00e1nchez Monteseir\u00edn es <strong>David Hij\u00f3n<\/strong>, quien fue director del grupo socialista entre el a\u00f1o 2008 y 2011. Su mujer, Encarnaci\u00f3n Arias, trabaja desde 2008 en Emvisesa, siendo gerente<strong> Juan Carlos de Le\u00f3n<\/strong>, accediendo a trav\u00e9s de \u00abun proceso de selecci\u00f3n\u00bb dentro del grupo profesional &#8216;Especialista&#8217;, como se recoge en su curr\u00edculum. Actualmente es coordinadora del departamento de gesti\u00f3n patrimonial. <\/p>\n<p class=\"voc-p\" style=\"\">Con De Le\u00f3n, al que Antonio Mu\u00f1oz nombr\u00f3 gerente de Urbanismo, en la empresa municipal de vivienda no s\u00f3lo entr\u00f3 Arias sino tambi\u00e9n Irene Daza, la mujer de <strong>Fran P\u00e1ez<\/strong>, actual concejal del grupo municipal del PSOE en el Ayuntamiento de Sevilla, donde fue delegado de Econom\u00eda, Comercio con Juan Espadas, asumiendo las competencias de Turismo cuando Antonio Mu\u00f1oz lleg\u00f3 a la Alcald\u00eda. <\/p>\n<p class=\"voc-p\" style=\"\">Por su parte,<strong> Alfonso Rodr\u00edguez G\u00f3mez de Celis<\/strong>, el &#8216;padrino&#8217; pol\u00edtico de esta familia socialista, tambi\u00e9n cuenta con su actual pareja en las filas de Lipasam. Siendo Lucrecio Fern\u00e1ndez, quien sustituy\u00f3 en el cargo de delegado del Gobierno en Andaluc\u00eda a G\u00f3mez de Celis, fue nombrado hace tres a\u00f1os gerente de la empresa municipal de limpieza, incorporando en la plantilla a Iraida Cano, jefa de servicios del \u00e1rea de Comunicaci\u00f3n, en la que trabajan seis personas y hay dos jefes de servicio. <\/p>\n","protected":false},"excerpt":{"rendered":"El expediente administrativo del arrendamiento de la parcela de Emvisesa en Pino Montano en favor de la mujer&hellip;\n","protected":false},"author":2,"featured_media":139646,"comment_status":"","ping_status":"","sticky":false,"template":"","format":"standard","meta":{"footnotes":""},"categories":[8],"tags":[19156,17,18,16725,43673,43674,25,24,13,14,4190,11,19,20,43675,4044,9,10,15,16,32847,23,12,21,22],"class_list":{"0":"post-139645","1":"post","2":"type-post","3":"status-publish","4":"format-standard","5":"has-post-thumbnail","7":"category-espana","8":"tag-amigos","9":"tag-breaking-news","10":"tag-breakingnews","11":"tag-celis","12":"tag-coloco","13":"tag-emvisesa","14":"tag-es","15":"tag-espana","16":"tag-featured-news","17":"tag-featurednews","18":"tag-gomez","19":"tag-headlines","20":"tag-latest-news","21":"tag-latestnews","22":"tag-lipasam","23":"tag-mujeres","24":"tag-news","25":"tag-noticias","26":"tag-noticias-destacadas","27":"tag-noticiasdestacadas","28":"tag-nucleo","29":"tag-spain","30":"tag-titulares","31":"tag-ultimas-noticias","32":"tag-ultimasnoticias"},"share_on_mastodon":{"url":"","error":""},"_links":{"self":[{"href":"https:\/\/www.europesays.com\/es\/wp-json\/wp\/v2\/posts\/139645","targetHints":{"allow":["GET"]}}],"collection":[{"href":"https:\/\/www.europesays.com\/es\/wp-json\/wp\/v2\/posts"}],"about":[{"href":"https:\/\/www.europesays.com\/es\/wp-json\/wp\/v2\/types\/post"}],"author":[{"embeddable":true,"href":"https:\/\/www.europesays.com\/es\/wp-json\/wp\/v2\/users\/2"}],"replies":[{"embeddable":true,"href":"https:\/\/www.europesays.com\/es\/wp-json\/wp\/v2\/comments?post=139645"}],"version-history":[{"count":0,"href":"https:\/\/www.europesays.com\/es\/wp-json\/wp\/v2\/posts\/139645\/revisions"}],"wp:featuredmedia":[{"embeddable":true,"href":"https:\/\/www.europesays.com\/es\/wp-json\/wp\/v2\/media\/139646"}],"wp:attachment":[{"href":"https:\/\/www.europesays.com\/es\/wp-json\/wp\/v2\/media?parent=139645"}],"wp:term":[{"taxonomy":"category","embeddable":true,"href":"https:\/\/www.europesays.com\/es\/wp-json\/wp\/v2\/categories?post=139645"},{"taxonomy":"post_tag","embeddable":true,"href":"https:\/\/www.europesays.com\/es\/wp-json\/wp\/v2\/tags?post=139645"}],"curies":[{"name":"wp","href":"https:\/\/api.w.org\/{rel}","templated":true}]}}