{"id":139649,"date":"2025-09-26T08:20:05","date_gmt":"2025-09-26T08:20:05","guid":{"rendered":"https:\/\/www.europesays.com\/es\/139649\/"},"modified":"2025-09-26T08:20:05","modified_gmt":"2025-09-26T08:20:05","slug":"gran-debut-de-entrerrios-con-dos-victorias-ante-egipto","status":"publish","type":"post","link":"https:\/\/www.europesays.com\/es\/139649\/","title":{"rendered":"Gran debut de Entrerr\u00edos con dos victorias ante Egipto"},"content":{"rendered":"<p class=\"ft-text\">La Real Federaci\u00f3n Espa\u00f1ola de Balonmano (RFEBM) anunci\u00f3 el pasado 10 de septiembre que <a class=\"ft-link ft-link--decoration\" href=\"https:\/\/www.sport.es\/es\/noticias\/barca\/balonmano\/genio-raul-entrerrios-regresa-balonmano-121880957\" rel=\"nofollow noopener\" target=\"_blank\">el emblem\u00e1tico excentral azulgrana Ra\u00fal Entrerr\u00edos ser\u00eda el nuevo seleccionador espa\u00f1ol juvenil<\/a> en sustituci\u00f3n de un Nacho Moyano que lo ha bordado y se har\u00e1 cargo de los Hispanos Junior en una labor que compaginar\u00e1 con el objetivo de devolver al &#8216;Anaita&#8217; a la Liga ASOBAL.<\/p>\n<p class=\"ft-text\">Pr\u00e1cticamente sin tiempo para desembarcar, el gijon\u00e9s ofreci\u00f3 a la semana siguiente su primera convocatoria con la presencia de<strong> los blaugranas Albert Quesada (portero), Ian Viladiu (extremo derecho) y Eric Anselmo (pivote)<\/strong>, as\u00ed como a Joel Casas (Fraikin Granollers). Y el primer reto era de a\u00fapa: dos partidos a domicilio contra Egipto.<\/p>\n<p class=\"ft-text\">A los j\u00f3venes espa\u00f1oles les cost\u00f3 en la primera parte frente a un equipo con mucho talento que trabaja muy bien desde las categor\u00edas inferiores, como demostr\u00f3 este mismo a\u00f1o con su <strong>victoria frente a Espa\u00f1a en el Mundial Junior (30-29)<\/strong> que a la postre fue clave para la eliminaci\u00f3n de los de &#8216;Jabato&#8217; en su lucha por el cuarto t\u00edtulo universal.<\/p>\n<p class=\"ft-text\">Egipto se fue al descanso 18-17 arriba tras mandar por 17-14 en el 25&#8242;, pero termin\u00f3 mordiendo el polvo en gran medida por la excelente salida espa\u00f1ola de los vestuarios con un 2-9 en 10 minutos (20-26). Al final, <strong>36-40 con el blaugrana Viladiu y el pivote William Thompson (Balonmano Luceros)<\/strong> como m\u00e1ximos realizadores con seis goles cada uno.<\/p>\n<p class=\"ft-text\">\u00abMuy contentos por el debut, por el trabajo que est\u00e1 haciendo el equipo y por la aportaci\u00f3n de todos los jugadores. Ha sido un partido muy duro f\u00edsicamente. <strong>Hemos jugado contra una selecci\u00f3n egipcia que tiene gran potencial de lanzamiento<\/strong> y eso nos ha hecho bastante da\u00f1o en la primera parte\u00bb, coment\u00f3 <a class=\"ft-link ft-link--decoration\" href=\"https:\/\/www.sport.es\/es\/noticias\/opinion\/raul-entrerrios-o-normalidad-emblema-99687602\" rel=\"nofollow noopener\" target=\"_blank\">uno de los mejores centrales espa\u00f1oles de la historia<\/a>.<\/p>\n<p class=\"ft-text\">El choque de este jueves ha sido distinto, ya que Espa\u00f1a mandaba por tres goles en el 20&#8242; (12-15) y en el 25&#8242; (15-18), pero hab\u00eda empate en el intermedio (19-19). Por entonces el seleccionador ya hab\u00eda utilizado a los 16 jugadores. <strong>La segunda parte volvi\u00f3 a tener color espa\u00f1ol hasta el 32-37 definitivo <\/strong>con siete goles del lateral derecho Jorge Mart\u00ednez (RGCC Covadonga).<\/p>\n<p><img decoding=\"async\" src=\"https:\/\/www.europesays.com\/es\/wp-content\/uploads\/2025\/09\/d94080df-aea0-420a-876a-ef3f4275794f_alta-libre-aspect-ratio_default_0.jpg\" width=\"1200\" height=\"675\" alt=\"Entrerr\u00edos empez\u00f3 con muy bien pie con los Hispanos Juveniles\" class=\"ft-helper-img-rd\" loading=\"lazy\" hasdataaida=\"true\"\/><\/p>\n<p class=\"ft-helper-fontColor-quaternary ft-helper-fontSize-body-S ft-helper-spacer-t-xxs\">Entrerr\u00edos empez\u00f3 con muy bien pie con los Hispanos Juveniles  \/ RFEBM<\/p>\n<p class=\"ft-text\"><strong>\u00abSegundo partido superado y con mejores sensaciones si cabe<\/strong>. Dimos un paso adelante en algunos aspectos que hab\u00edamos hablado y creo que el equipo ha hecho otra vez un partido completo. No s\u00e9 si a partir de la defensa y de nuestra actividad hemos podido por encima todo el partido. Ha sido una muestra de madurez y de ir creciendo\u00bb, recalc\u00f3 <a class=\"ft-link ft-link--decoration\" href=\"https:\/\/www.sport.es\/es\/noticias\/deportes\/juegos-olimpicos\/juan-carlos-pastor-heroe-enemigo-106584236\" rel=\"nofollow noopener\" target=\"_blank\">el campe\u00f3n mundial en 2005<\/a>.<\/p>\n<p class=\"ft-text\">\u00abTodos los que han entrado en pista han aportado en cada momento en sus diferentes funciones y ese era uno de los objetivos prioritarios, as\u00ed que muy bien. Cerramos esta actividad con un buen trabajo y<strong> creo que nos ser\u00e1 muy \u00fatil de cara al futuro\u00bb, a\u00f1adi\u00f3 el emblem\u00e1tico exjugador del Bar\u00e7a<\/strong> y de los Hispanos, entre otros.<\/p>\n","protected":false},"excerpt":{"rendered":"La Real Federaci\u00f3n Espa\u00f1ola de Balonmano (RFEBM) anunci\u00f3 el pasado 10 de septiembre que el emblem\u00e1tico excentral azulgrana&hellip;\n","protected":false},"author":2,"featured_media":139650,"comment_status":"","ping_status":"","sticky":false,"template":"","format":"standard","meta":{"footnotes":""},"categories":[278],"tags":[376,168,5284,28962,25,24,375,23705,42711,12886,23,167],"class_list":{"0":"post-139649","1":"post","2":"type-post","3":"status-publish","4":"format-standard","5":"has-post-thumbnail","7":"category-balonmano","8":"tag-balonmano","9":"tag-deportes","10":"tag-egipto","11":"tag-entrerrios","12":"tag-es","13":"tag-espana","14":"tag-handball","15":"tag-hispanos-juveniles","16":"tag-raul-entrerrios","17":"tag-rfebm","18":"tag-spain","19":"tag-sports"},"share_on_mastodon":{"url":"","error":""},"_links":{"self":[{"href":"https:\/\/www.europesays.com\/es\/wp-json\/wp\/v2\/posts\/139649","targetHints":{"allow":["GET"]}}],"collection":[{"href":"https:\/\/www.europesays.com\/es\/wp-json\/wp\/v2\/posts"}],"about":[{"href":"https:\/\/www.europesays.com\/es\/wp-json\/wp\/v2\/types\/post"}],"author":[{"embeddable":true,"href":"https:\/\/www.europesays.com\/es\/wp-json\/wp\/v2\/users\/2"}],"replies":[{"embeddable":true,"href":"https:\/\/www.europesays.com\/es\/wp-json\/wp\/v2\/comments?post=139649"}],"version-history":[{"count":0,"href":"https:\/\/www.europesays.com\/es\/wp-json\/wp\/v2\/posts\/139649\/revisions"}],"wp:featuredmedia":[{"embeddable":true,"href":"https:\/\/www.europesays.com\/es\/wp-json\/wp\/v2\/media\/139650"}],"wp:attachment":[{"href":"https:\/\/www.europesays.com\/es\/wp-json\/wp\/v2\/media?parent=139649"}],"wp:term":[{"taxonomy":"category","embeddable":true,"href":"https:\/\/www.europesays.com\/es\/wp-json\/wp\/v2\/categories?post=139649"},{"taxonomy":"post_tag","embeddable":true,"href":"https:\/\/www.europesays.com\/es\/wp-json\/wp\/v2\/tags?post=139649"}],"curies":[{"name":"wp","href":"https:\/\/api.w.org\/{rel}","templated":true}]}}