{"id":139654,"date":"2025-09-26T08:24:10","date_gmt":"2025-09-26T08:24:10","guid":{"rendered":"https:\/\/www.europesays.com\/es\/139654\/"},"modified":"2025-09-26T08:24:10","modified_gmt":"2025-09-26T08:24:10","slug":"no-todo-el-mundo-puede-ser-tenista-profesional-o-ganar-25-salarios-minimos-al-mes-como-garamendi","status":"publish","type":"post","link":"https:\/\/www.europesays.com\/es\/139654\/","title":{"rendered":"No todo el mundo puede ser tenista profesional o ganar 25 salarios m\u00ednimos al mes como Garamendi"},"content":{"rendered":"<p>                <img decoding=\"async\" class=\"lazy\" loading=\"lazy\" data-src=\"https:\/\/static.eldiario.es\/clip\/4861f1db-75ed-46e9-b782-988fca2c1b85_16-9-aspect-ratio_default_1126597.jpg\" src=\"data:image\/svg+xml,%3Csvg xmlns=\" http:=\"\" viewbox=\"0 0 16 9\" alt=\"Yolanda D\u00edaz visita este jueves los astilleros de Navantia en la r\u00eda de Ferrol, donde se reunir\u00e1 con la direcci\u00f3n y representantes sindicales.\"\/><\/p>\n<p class=\"article-text\">\n        La vicepresidenta segunda y ministra de Trabajo, Yolanda D\u00edaz, ha respondido a <a href=\"https:\/\/www.eldiario.es\/economia\/garamendi-reduccion-jornada-laboral-crees-alcaraz-trabaja-37-horas-media-semana-no_1_12633800.html\" data-mrf-recirculation=\"links-noticia\" class=\"link\" rel=\"nofollow noopener\" target=\"_blank\">las \u00faltimas declaraciones del presidente de la CEOE, Antonio Garamendi<\/a>, sobre la reducci\u00f3n de la jornada laboral a 37 horas y media semanales y \u201cfomentar la cultura del esfuerzo\u201d con una comparaci\u00f3n con el tenista Carlos Alcarez. \u201cNo todo el mundo puede ser tenista profesional o ganar 25 salarias m\u00ednimos al mes como gana Garamendi. Nosotros no defendemos la cultura del sufrimiento, sino la del reparto del tiempo. Que lo vayan asumiendo\u201d, ha escrito en Bluesky.\n    <\/p>\n<blockquote class=\"bluesky-embed\" data-bluesky-uri=\"at:\/\/did:plc:zfx7buwh3bdf3nneuh5or3ns\/app.bsky.feed.post\/3lzor3jhpdk2r\" data-bluesky-cid=\"bafyreiawnlrfd2xz74ajgcn27gmwyuikd46zqvhmjeuc6itbne5b4msnhi\" data-bluesky-embed-color-mode=\"system\">\n<p lang=\"es\">No todo el mundo puede ser tenista profesional o ganar 25 SMI al mes como gana Garamendi.<\/p>\n<p>Nosotros no defendemos la cultura del sufrimiento, sino la del reparto del tiempo. Que lo vayan asumiendo.<\/p>\n<p>elpais.com\/economia\/202&#8230;<\/p>\n<p><a href=\"https:\/\/bsky.app\/profile\/did:plc:zfx7buwh3bdf3nneuh5or3ns\/post\/3lzor3jhpdk2r?ref_src=embed\" rel=\"nofollow noopener\" target=\"_blank\">[image or embed]<\/a><\/p>\n<p>\u2014 Yolanda D\u00edaz (<a href=\"https:\/\/bsky.app\/profile\/did:plc:zfx7buwh3bdf3nneuh5or3ns?ref_src=embed\" rel=\"nofollow noopener\" target=\"_blank\">@yolandadiaz.bsky.social<\/a>) <a href=\"https:\/\/bsky.app\/profile\/did:plc:zfx7buwh3bdf3nneuh5or3ns\/post\/3lzor3jhpdk2r?ref_src=embed\" rel=\"nofollow noopener\" target=\"_blank\">25 de septiembre de 2025, 22:10<\/a><\/p><\/blockquote>\n<p class=\"article-text\">\n        En su intervenci\u00f3n en el Forbes Spain Economic Summit, Garamendi aprovech\u00f3 su intervenci\u00f3n para volver a cargar contra el Ministerio de D\u00edaz. El l\u00edder de la patronal explic\u00f3 que se \u201cest\u00e1 rompiendo el di\u00e1logo social\u201d al intentar sacar adelante un cambio en el registro horario despu\u00e9s de que las Cortes rechazaran la reducci\u00f3n de la jornada laboral.\n    <\/p>\n<p class=\"article-text\">\n        Garamendi asegur\u00f3 que \u201cel di\u00e1logo social por parte del Ministerio de Trabajo cada d\u00eda es menor\u201d. \u201cYo lo defino como el mon\u00f3logo social\u201d, brome\u00f3, antes de lanzarse a hacer una defensa cerrada de la cultura del esfuerzo ante el mensaje de \u201ctrabajar menos para vivir mejor\u201d : \u201c\u00bfT\u00fa crees que Carlitos [Alcaraz] trabaja 37 horas y media a la semana? No. Es la cultura del esfuerzo, de sufrir, de saber qu\u00e9 pierdes y qu\u00e9 ganas\u201d.\n    <\/p>\n","protected":false},"excerpt":{"rendered":"La vicepresidenta segunda y ministra de Trabajo, Yolanda D\u00edaz, ha respondido a las \u00faltimas declaraciones del presidente de&hellip;\n","protected":false},"author":2,"featured_media":139655,"comment_status":"","ping_status":"","sticky":false,"template":"","format":"standard","meta":{"footnotes":""},"categories":[274],"tags":[517,168,2125,25,24,1458,952,23,167,327,326,1885],"class_list":{"0":"post-139654","1":"post","2":"type-post","3":"status-publish","4":"format-standard","5":"has-post-thumbnail","7":"category-tenis","8":"tag-actualidad","9":"tag-deportes","10":"tag-directo","11":"tag-es","12":"tag-espana","13":"tag-hora","14":"tag-politica","15":"tag-spain","16":"tag-sports","17":"tag-tenis","18":"tag-tennis","19":"tag-ultima"},"share_on_mastodon":{"url":"","error":""},"_links":{"self":[{"href":"https:\/\/www.europesays.com\/es\/wp-json\/wp\/v2\/posts\/139654","targetHints":{"allow":["GET"]}}],"collection":[{"href":"https:\/\/www.europesays.com\/es\/wp-json\/wp\/v2\/posts"}],"about":[{"href":"https:\/\/www.europesays.com\/es\/wp-json\/wp\/v2\/types\/post"}],"author":[{"embeddable":true,"href":"https:\/\/www.europesays.com\/es\/wp-json\/wp\/v2\/users\/2"}],"replies":[{"embeddable":true,"href":"https:\/\/www.europesays.com\/es\/wp-json\/wp\/v2\/comments?post=139654"}],"version-history":[{"count":0,"href":"https:\/\/www.europesays.com\/es\/wp-json\/wp\/v2\/posts\/139654\/revisions"}],"wp:featuredmedia":[{"embeddable":true,"href":"https:\/\/www.europesays.com\/es\/wp-json\/wp\/v2\/media\/139655"}],"wp:attachment":[{"href":"https:\/\/www.europesays.com\/es\/wp-json\/wp\/v2\/media?parent=139654"}],"wp:term":[{"taxonomy":"category","embeddable":true,"href":"https:\/\/www.europesays.com\/es\/wp-json\/wp\/v2\/categories?post=139654"},{"taxonomy":"post_tag","embeddable":true,"href":"https:\/\/www.europesays.com\/es\/wp-json\/wp\/v2\/tags?post=139654"}],"curies":[{"name":"wp","href":"https:\/\/api.w.org\/{rel}","templated":true}]}}