{"id":139668,"date":"2025-09-26T08:31:18","date_gmt":"2025-09-26T08:31:18","guid":{"rendered":"https:\/\/www.europesays.com\/es\/139668\/"},"modified":"2025-09-26T08:31:18","modified_gmt":"2025-09-26T08:31:18","slug":"esta-escritora-vasca-conquista-el-gran-premio-literario-del-ano-con-un-libro-para-ninos-sobre-la-guerra-en-euskera","status":"publish","type":"post","link":"https:\/\/www.europesays.com\/es\/139668\/","title":{"rendered":"Esta escritora vasca conquista el gran premio literario del a\u00f1o con un libro para ni\u00f1os sobre la guerra en euskera"},"content":{"rendered":"<p data-start=\"446\" data-end=\"821\">\u00bfC\u00f3mo contar la guerra a los m\u00e1s peque\u00f1os? Es la pregunta a la que da respuesta\u00a0<strong data-start=\"1532\" data-end=\"1577\">Leire Bilbao Barruetabe\u00f1a <\/strong>(Bizkaia, 1978) en &#8216;Klera&#8217;, que acaba de llevarse\u00a0el <strong data-start=\"1221\" data-end=\"1273\">Premio Nacional de Literatura Infantil y Juvenil<\/strong>, uno de los galardones m\u00e1s codiciados del a\u00f1o.\u00a0<\/p>\n<p data-start=\"446\" data-end=\"821\">La obra habla sin tapujos de lo que normalmente se oculta a la infancia. Su propuesta, a medio camino entre la poes\u00eda y la ilustraci\u00f3n, aborda los conflictos b\u00e9licos, el dolor y la p\u00e9rdida desde una mirada accesible y delicada, y est\u00e1 publicada \u00fanicamente en euskera por la editorial <a href=\"https:\/\/www.elkar.eus\/es\" target=\"_blank\" rel=\"noopener nofollow\">Elkar<\/a>.<\/p>\n<p><img decoding=\"async\" id=\"c30409e2-6317-bb9d-bc32-cce43ac2364c\" class=\"photo lazy inline\" loading=\"lazy\" data-component=\"lazy-embed\" src=\"https:\/\/www.europesays.com\/es\/wp-content\/uploads\/2025\/09\/1758875478_905_image.webp.webp\" alt=\"Leire Bilbao. \" data-caption=\"\" data-credit=\"Leire Bilbao. \" data-width-class=\"\" data-image-id=\"106323712\"\/>&#13;<br \/>\nLeire Bilbao.&#13;<\/p>\n<p data-start=\"446\" data-end=\"821\">El fallo destaca la \u00abbelleza po\u00e9tica\u00bb de la obra y su compromiso con <strong>la cultura, la paz y la convivencia<\/strong>, as\u00ed como su capacidad de ofrecer una lecci\u00f3n de literatura \u00absin etiquetas, interdisciplinar y profundamente hermosa\u00bb.\u00a0El galard\u00f3n est\u00e1 dotado con 30.000 euros.\u00a0<\/p>\n<p>Delicada y necesaria<\/p>\n<p data-start=\"446\" data-end=\"821\">El jurado subraya que &#8216;Klera&#8217; es \u00abuna pieza delicada y necesaria que enra\u00edza con<strong> lo m\u00e1s profundo de la naturaleza humana\u00bb.<\/strong> Una obra que demuestra que la literatura infantil tambi\u00e9n puede abordar cuestiones universales sin perder sensibilidad ni belleza. Con este reconocimiento, se refuerza la idea de que los libros dirigidos a la infancia tienen la capacidad de abrir debates y acompa\u00f1ar a los lectores m\u00e1s j\u00f3venes en la comprensi\u00f3n del mundo que les rodea.<\/p>\n<p data-start=\"1516\" data-end=\"1938\">La galardonada\u00a0cuenta con una amplia trayectoria que incluye <strong>poemarios<\/strong> como &#8216;Ezkatak&#8217; o &#8216;Scanner&#8217;, y t\u00edtulos infantiles premiados como &#8216;Xomorropoemak&#8217; (Premio Euskadi de Literatura 2017) o &#8216;Bichopoemas y otras bestias&#8217; (Premio Kirico 2019). Su nombre se suma ahora a una lista de ganadores en la que figuran autores como M\u00f3nica Rodr\u00edguez, Rafael Salmer\u00f3n o Ledicia Costas.<\/p>\n<p><strong>NO TE LO PIERDAS: <a href=\"https:\/\/www.timeout.es\/madrid\/es\/ninos\" target=\"_blank\" rel=\"nofollow noopener\">Qu\u00e9 hacer con ni\u00f1os en Madrid<\/a><br \/><\/strong><br \/>\n<strong>\u00bfBuscas m\u00e1s planes? \u00a1Inscr\u00edbete en nuestra\u00a0<a href=\"https:\/\/www.timeout.es\/madrid\/es\/newsletter?cid=mad~editorial~acquisition~newsletter~contentlink\" target=\"_blank\" data-saferedirecturl=\"https:\/\/www.google.com\/url?q=https:\/\/www.timeout.es\/madrid\/es\/newsletter?cid%3Dmad~editorial~acquisition~newsletter~contentlink&amp;source=gmail&amp;ust=1715088232784000&amp;usg=AOvVaw1l0Ah0eZexOJldYPoJn4E1\" rel=\"nofollow noopener\">newsletter<\/a>\u00a0y no te pierdas ninguno!<\/strong><\/p>\n","protected":false},"excerpt":{"rendered":"\u00bfC\u00f3mo contar la guerra a los m\u00e1s peque\u00f1os? Es la pregunta a la que da respuesta\u00a0Leire Bilbao Barruetabe\u00f1a&hellip;\n","protected":false},"author":2,"featured_media":139669,"comment_status":"","ping_status":"","sticky":false,"template":"","format":"standard","meta":{"footnotes":""},"categories":[172],"tags":[224,34579,146,147,25,24,29929,225,2932,34580,23],"class_list":{"0":"post-139668","1":"post","2":"type-post","3":"status-publish","4":"format-standard","5":"has-post-thumbnail","7":"category-libros","8":"tag-books","9":"tag-categorias-ninos","10":"tag-entertainment","11":"tag-entretenimiento","12":"tag-es","13":"tag-espana","14":"tag-familiar-good-for-apto-para-ninos","15":"tag-libros","16":"tag-ninos","17":"tag-noticias-ninos","18":"tag-spain"},"share_on_mastodon":{"url":"","error":""},"_links":{"self":[{"href":"https:\/\/www.europesays.com\/es\/wp-json\/wp\/v2\/posts\/139668","targetHints":{"allow":["GET"]}}],"collection":[{"href":"https:\/\/www.europesays.com\/es\/wp-json\/wp\/v2\/posts"}],"about":[{"href":"https:\/\/www.europesays.com\/es\/wp-json\/wp\/v2\/types\/post"}],"author":[{"embeddable":true,"href":"https:\/\/www.europesays.com\/es\/wp-json\/wp\/v2\/users\/2"}],"replies":[{"embeddable":true,"href":"https:\/\/www.europesays.com\/es\/wp-json\/wp\/v2\/comments?post=139668"}],"version-history":[{"count":0,"href":"https:\/\/www.europesays.com\/es\/wp-json\/wp\/v2\/posts\/139668\/revisions"}],"wp:featuredmedia":[{"embeddable":true,"href":"https:\/\/www.europesays.com\/es\/wp-json\/wp\/v2\/media\/139669"}],"wp:attachment":[{"href":"https:\/\/www.europesays.com\/es\/wp-json\/wp\/v2\/media?parent=139668"}],"wp:term":[{"taxonomy":"category","embeddable":true,"href":"https:\/\/www.europesays.com\/es\/wp-json\/wp\/v2\/categories?post=139668"},{"taxonomy":"post_tag","embeddable":true,"href":"https:\/\/www.europesays.com\/es\/wp-json\/wp\/v2\/tags?post=139668"}],"curies":[{"name":"wp","href":"https:\/\/api.w.org\/{rel}","templated":true}]}}