{"id":139683,"date":"2025-09-26T08:39:07","date_gmt":"2025-09-26T08:39:07","guid":{"rendered":"https:\/\/www.europesays.com\/es\/139683\/"},"modified":"2025-09-26T08:39:07","modified_gmt":"2025-09-26T08:39:07","slug":"el-ine-eleva-el-crecimiento-de-espana-hasta-el-08-en-el-segundo-trimestre-una-decima-por-encima-del-calculo-inicial-economia","status":"publish","type":"post","link":"https:\/\/www.europesays.com\/es\/139683\/","title":{"rendered":"El INE eleva el crecimiento de Espa\u00f1a hasta el 0,8% en el segundo trimestre, una d\u00e9cima por encima del c\u00e1lculo inicial | Econom\u00eda"},"content":{"rendered":"<p class=\"\">La posici\u00f3n de Espa\u00f1a como alumno aventajado entre las econom\u00edas avanzadas se fortalece. El PIB creci\u00f3 un 0,8% entre abril y junio, seg\u00fan el dato definitivo publicado este viernes por el Instituto Nacional de Estad\u00edstica (INE). La cifra es una d\u00e9cima superior al dato adelantado el pasado julio, ratificando as\u00ed que Espa\u00f1a esquiv\u00f3 con nota uno de los trimestres m\u00e1s agitados de los \u00faltimos tiempos en el plano internacional, <a href=\"https:\/\/elpais.com\/us\/2025-04-02\/la-tabla-de-aranceles-de-donald-trump.html\" target=\"_self\" rel=\"nofollow noopener\" title=\"https:\/\/elpais.com\/us\/2025-04-02\/la-tabla-de-aranceles-de-donald-trump.html\">con Donald Trump blandiendo tablas de aranceles<\/a> a m\u00e1s de 100 pa\u00edses al poco de comenzar el mes de abril. La mejora de la actividad se sit\u00faa en el 3,1% si se compara con el mismo trimestre de hace un a\u00f1o, tres d\u00e9cimas m\u00e1s de lo esperado inicialmente.<\/p>\n<p class=\"\">En el \u00e1mbito dom\u00e9stico, todo fue mucho m\u00e1s pl\u00e1cido. La econom\u00eda sigui\u00f3 creando empleo a toda m\u00e1quina, <a href=\"https:\/\/elpais.com\/economia\/2025-07-24\/espana-supera-por-primera-vez-los-22-millones-de-trabajadores.html\" target=\"_self\" rel=\"nofollow noopener\" title=\"https:\/\/elpais.com\/economia\/2025-07-24\/espana-supera-por-primera-vez-los-22-millones-de-trabajadores.html\">y se superaron por primera vez los 22 millones de trabajadores<\/a>. El fuerte tir\u00f3n del mercado laboral est\u00e1 empujando la demanda nacional, que aport\u00f3 las ocho d\u00e9cimas de crecimiento de la actividad, frente al avance pr\u00e1cticamente nulo de la demanda externa. Se convierte as\u00ed el gran vector en que se apoya el crecimiento hoy en d\u00eda, gracias al repunte del consumo de las familias (0,8%) y la inversi\u00f3n (1,8%).<\/p>\n<p class=\"\">Desde el Ministerio de Econom\u00eda estiman que el dato \u201ccertifica el dinamismo de la econom\u00eda espa\u00f1ola\u201d, que acumula ocho trimestres creciendo un 0,6% o m\u00e1s, aumentando la brecha frente a pa\u00edses como Francia \u2014que en el segundo trimestre creci\u00f3 tres d\u00e9cimas\u2014 o Alemania \u2014cuyo PIB perdi\u00f3 tres d\u00e9cimas en ese periodo\u2014. Espa\u00f1a ve adem\u00e1s c\u00f3mo el tiempo corre a su favor: cada vez que se acomete la revisi\u00f3n de una estad\u00edstica, el resultado es favorable. <a href=\"https:\/\/elpais.com\/economia\/2025-09-19\/el-ine-corrige-el-crecimiento-de-2024-y-lo-eleva-en-tres-decimas-hasta-el-35.html\" target=\"_self\" rel=\"nofollow noopener\" title=\"https:\/\/elpais.com\/economia\/2025-09-19\/el-ine-corrige-el-crecimiento-de-2024-y-lo-eleva-en-tres-decimas-hasta-el-35.html\">As\u00ed sucedi\u00f3 recientemente con el PIB de 2024<\/a>, corregido al alza tres d\u00e9cimas, hasta el 3,5%.<\/p>\n<p class=\"\">Eso se est\u00e1 traduciendo en una mayor atenci\u00f3n externa hacia el modelo espa\u00f1ol. En 2024, la econom\u00eda nacional fue responsable del 40% de todo el crecimiento registrado en la zona euro, y este curso la historia va camino de repetirse de la mano del s\u00f3lido gasto de los hogares y el incremento de la inversi\u00f3n, que est\u00e1n siendo ajenos tanto a la incertidumbre comercial y geopol\u00edtica como a la aton\u00eda de los grandes socios del euro. <\/p>\n<p class=\"\">Esas dos variables han tomado el relevo como motores al consumo p\u00fablico y las exportaciones: el gasto en consumo de los hogares aument\u00f3 un 0,8% en el segundo trimestre, mientras que el de las Administraciones P\u00fablicas lo hizo solo un 0,1%. En el caso de los env\u00edos al exterior de bienes y servicios, su expansi\u00f3n se ha ralentizado. Subieron un 1,3%, lo que supone 1,1 puntos menos que en el primer trimestre. Por su parte, las importaciones crecieron un 1,6%, cuatro d\u00e9cimas menos que en el trimestre precedente.<\/p>\n<p class=\"\">Para Mar\u00eda Jes\u00fas Fern\u00e1ndez, analista de Funcas, las revisiones al alza del INE puede provocar una cascada de cambios en las previsiones. Y vaticina que el crecimiento espa\u00f1ol estar\u00e1 cerca del 3% este a\u00f1o debido al efecto arrastre. En el lado negativo, se\u00f1ala que la composici\u00f3n del crecimiento de los dos primeros trimestres ha cambiado, y sin ser dram\u00e1tico, \u201cha ido a peor\u201d, porque se sustenta algo m\u00e1s sobre el consumo privado y menos sobre la inversi\u00f3n.<\/p>\n<p class=\"\">El ministro de Econom\u00eda, Carlos Cuerpo, ha afirmado que la mejora del dato de crecimiento sit\u00faa a Espa\u00f1a en una posici\u00f3n \u201cconfortable\u201d para cumplir con las previsiones de crecimiento del 2,7% para este a\u00f1o, lo que deja entrever que no son descartables nuevas revisiones al alza de ese porcentaje. Frente a las cr\u00edticas por el hecho de que las buenas cifras macro no siempre se trasladen a la situaci\u00f3n a pie de calle, ha remarcado que el crecimiento tiene un impacto en la mejora del poder adquisitivo de los ciudadanos. \u201cSe prev\u00e9n crecimientos de salarios por encima de los precios, y hay resultados hist\u00f3ricos en muchos sectores. Es un c\u00edrculo virtuoso que queremos seguir potenciando\u201d.<\/p>\n<p class=\"\">Volviendo a los n\u00fameros presentados por el INE, del lado de la oferta, todos los grandes sectores de actividad han marcado datos positivos, salvo el primario (-6,4% intertrimestral). La industria avanz\u00f3 un 0,9%; el valor a\u00f1adido bruto de la construcci\u00f3n se increment\u00f3 un 2,3%, y el de los servicios un 1%.<\/p>\n<p class=\"\">El turismo extranjero, que junto al gasto p\u00fablico fue protagonista en la recuperaci\u00f3n poscovid, pierde peso en la ecuaci\u00f3n. Y eso pese a que se encamina hacia nuevos r\u00e9cords: seg\u00fan las previsiones, la cifra final <a href=\"https:\/\/elpais.com\/economia\/2025-09-01\/la-entrada-de-turistas-supero-por-primera-vez-los-11-millones-en-julio-pero-se-confirma-el-enfriamiento-del-sector.html\" target=\"_self\" rel=\"nofollow noopener\" title=\"https:\/\/elpais.com\/economia\/2025-09-01\/la-entrada-de-turistas-supero-por-primera-vez-los-11-millones-en-julio-pero-se-confirma-el-enfriamiento-del-sector.html\">no andar\u00e1 demasiado lejos de los 100 millones de visitantes<\/a>, pero con una desaceleraci\u00f3n en el ritmo de viajeros que llegan. Fern\u00e1ndez, de Funcas, apunta que la reducci\u00f3n de la aportaci\u00f3n del turismo al PIB ha sido compensada por la construcci\u00f3n, la inversi\u00f3n en bienes de equipo y ligeramente por el consumo de la administraciones p\u00fablicas. \u201cLa cuesti\u00f3n es si en 2026 la construcci\u00f3n y la inversi\u00f3n pueden sustituir completamente al turismo como motor de crecimiento\u201d, se pregunta.<\/p>\n<p class=\"\">El INE muestra que el n\u00famero de horas trabajadas creci\u00f3 un 1,3% interanual, seis d\u00e9cimas menos que el anterior trimestre; la productividad por puesto de trabajo entr\u00f3 en terreno negativo con una tasa interanual del -0,4%. La productividad por hora efectivamente trabajada, en cambio, se increment\u00f3 un 1,7% interanual y un 0,5% trimestral. Y <a href=\"https:\/\/elpais.com\/economia\/2025-05-30\/las-dos-mayores-subidas-salariales-de-la-ultima-decada-se-quedan-cortas-ante-la-escalada-de-precios.html\" rel=\"nofollow noopener\" title=\"https:\/\/elpais.com\/economia\/2025-05-30\/las-dos-mayores-subidas-salariales-de-la-ultima-decada-se-quedan-cortas-ante-la-escalada-de-precios.html\" target=\"_blank\">Las rentas de los hogares avanzaron gracias a las mejoras salariales<\/a>. El crecimiento del 7,1% de la remuneraci\u00f3n de los asalariados entre abril y junio responde tanto al aumento en el n\u00famero de empleos como de la remuneraci\u00f3n media.<\/p>\n<p class=\"\">La recta final del a\u00f1o deber\u00e1 confirmar el buen momento por el que pasa la econom\u00eda espa\u00f1ola. Por ahora, septiembre ha sido un mes de buenas noticias: la prima de riesgo baj\u00f3 de los 55 puntos <a href=\"https:\/\/cincodias.elpais.com\/mercados-financieros\/2025-09-15\/la-prima-de-riesgo-espanola-roza-minimos-de-2009-tras-la-mejora-de-calificacion-de-la-deuda.html\" target=\"_self\" rel=\"nofollow noopener\" title=\"https:\/\/cincodias.elpais.com\/mercados-financieros\/2025-09-15\/la-prima-de-riesgo-espanola-roza-minimos-de-2009-tras-la-mejora-de-calificacion-de-la-deuda.html\">por primera vez en 19 a\u00f1os<\/a> gracias a la mejora de calificaci\u00f3n de S&amp;P, y los inversores ya piden menos rentabilidad a la deuda espa\u00f1ola que a la francesa, lo que puede ayudar a reducir la factura en intereses. Adem\u00e1s, tanto el Banco de Espa\u00f1a como la Organizaci\u00f3n para la Cooperaci\u00f3n y el Desarrollo Econ\u00f3micos (OCDE), elevaron la previsi\u00f3n de crecimiento anual para Espa\u00f1a en dos d\u00e9cimas, situ\u00e1ndola ambos en el 2,6%. El Gobierno tambi\u00e9n revis\u00f3 sus n\u00fameros para 2025: apuesta por un avance de la actividad del 2,7%, una d\u00e9cima m\u00e1s que antes. <\/p>\n<p>Amenaza exterior<\/p>\n<p class=\"\">Esa mir\u00edada de datos positivos se enfrenta, sin embargo, a un entorno internacional repleto de riesgos. Donald Trump despert\u00f3 en la noche de este jueves una agenda arancelaria que parec\u00eda dormida tras los recientes acuerdos comerciales firmados por Estados Unidos, y <a href=\"https:\/\/elpais.com\/internacional\/2025-09-26\/trump-impondra-aranceles-del-100-a-los-farmacos-que-no-se-produzcan-en-estados-unidos.html\" target=\"_self\" rel=\"nofollow noopener\" title=\"https:\/\/elpais.com\/internacional\/2025-09-26\/trump-impondra-aranceles-del-100-a-los-farmacos-que-no-se-produzcan-en-estados-unidos.html\">anunci\u00f3 que a partir de octubre entrar\u00e1n en vigor nuevos grav\u00e1menes<\/a> a f\u00e1rmacos, camiones pesados y muebles de cocina y ba\u00f1o.<\/p>\n<p class=\"\">Tambi\u00e9n est\u00e1 por ver si la inmunidad demostrada por Espa\u00f1a frente a las turbulencias en pa\u00edses vecinos se mantiene. La situaci\u00f3n en los principales pa\u00edses emisores de turistas dista de ser la ideal: la debilidad del Gobierno brit\u00e1nico es patente, y el extremista Nigel Farage gana terreno en las encuestas; Francia convive con una inestabilidad pol\u00edtica que no cesa de empeorar y ha visto rebajada la nota de su deuda; mientras Alemania se aferra a las multimillonarias inversiones en defensa e infraestructuras para revertir su flaqueza.<\/p>\n","protected":false},"excerpt":{"rendered":"La posici\u00f3n de Espa\u00f1a como alumno aventajado entre las econom\u00edas avanzadas se fortalece. El PIB creci\u00f3 un 0,8%&hellip;\n","protected":false},"author":2,"featured_media":139684,"comment_status":"","ping_status":"","sticky":false,"template":"","format":"standard","meta":{"footnotes":""},"categories":[80],"tags":[4135,82,5852,40208,95,94,25,24,5855,5856,8068,40207,8064,23],"class_list":{"0":"post-139683","1":"post","2":"type-post","3":"status-publish","4":"format-standard","5":"has-post-thumbnail","7":"category-economia","8":"tag-aranceles","9":"tag-business","10":"tag-comercio-exterior","11":"tag-comercio-y-empresa","12":"tag-economia","13":"tag-economy","14":"tag-es","15":"tag-espana","16":"tag-exportaciones","17":"tag-importaciones","18":"tag-ine","19":"tag-ministerio-de-economia","20":"tag-pib","21":"tag-spain"},"share_on_mastodon":{"url":"","error":""},"_links":{"self":[{"href":"https:\/\/www.europesays.com\/es\/wp-json\/wp\/v2\/posts\/139683","targetHints":{"allow":["GET"]}}],"collection":[{"href":"https:\/\/www.europesays.com\/es\/wp-json\/wp\/v2\/posts"}],"about":[{"href":"https:\/\/www.europesays.com\/es\/wp-json\/wp\/v2\/types\/post"}],"author":[{"embeddable":true,"href":"https:\/\/www.europesays.com\/es\/wp-json\/wp\/v2\/users\/2"}],"replies":[{"embeddable":true,"href":"https:\/\/www.europesays.com\/es\/wp-json\/wp\/v2\/comments?post=139683"}],"version-history":[{"count":0,"href":"https:\/\/www.europesays.com\/es\/wp-json\/wp\/v2\/posts\/139683\/revisions"}],"wp:featuredmedia":[{"embeddable":true,"href":"https:\/\/www.europesays.com\/es\/wp-json\/wp\/v2\/media\/139684"}],"wp:attachment":[{"href":"https:\/\/www.europesays.com\/es\/wp-json\/wp\/v2\/media?parent=139683"}],"wp:term":[{"taxonomy":"category","embeddable":true,"href":"https:\/\/www.europesays.com\/es\/wp-json\/wp\/v2\/categories?post=139683"},{"taxonomy":"post_tag","embeddable":true,"href":"https:\/\/www.europesays.com\/es\/wp-json\/wp\/v2\/tags?post=139683"}],"curies":[{"name":"wp","href":"https:\/\/api.w.org\/{rel}","templated":true}]}}