{"id":139687,"date":"2025-09-26T08:41:13","date_gmt":"2025-09-26T08:41:13","guid":{"rendered":"https:\/\/www.europesays.com\/es\/139687\/"},"modified":"2025-09-26T08:41:13","modified_gmt":"2025-09-26T08:41:13","slug":"hay-un-senor-ridiculizando-las-instituciones","status":"publish","type":"post","link":"https:\/\/www.europesays.com\/es\/139687\/","title":{"rendered":"\u00abHay un se\u00f1or ridiculizando las instituciones\u00bb"},"content":{"rendered":"<p style=\"\">La agenda pol\u00edtica nacional <a href=\"https:\/\/www.abc.es\/espana\/frentes-judiciales-eclipsan-oasis-gobierno-gaza-20250925191149-nt.html\" target=\"_self\" data-voc-vtm-id=\"in-text-traffic\" title=\"ha vuelto a virar a la arena judicial\" data-mrf-link=\"www.abc.es\" rel=\"nofollow noopener\">ha vuelto a virar a la arena judicial<\/a>, pese a los esfuerzos del presidente del Gobierno por mantenerla alejada, a miles de kil\u00f3metros, en concreto, los m\u00e1s de 3.600 que la separan de Gaza. La estrategia se ha deshecho  &#8230; en menos de 24 horas, las que mediaron entre la apertura de juicio oral al hermano del presidente del Gobierno, David S\u00e1nchez, y el movimiento del juez Juan Carlos Peinado informando a Bego\u00f1a G\u00f3mez de que su caso por malversaci\u00f3n <a href=\"https:\/\/www.abc.es\/espana\/peinado-acuerda-begona-gomez-juzgada-malversacion-jurado-20250924092712-nt.html\" target=\"_self\" data-voc-vtm-id=\"in-text-traffic\" title=\"se ver\u00e1 ante un jurado popular, en caso de llegar a juicio\" data-mrf-link=\"www.abc.es\" rel=\"nofollow noopener\">se ver\u00e1 ante un jurado popular, en caso de llegar a juicio<\/a>. <\/p>\n<p class=\"voc-p\" style=\"\">En Moncloa escenificaron un reparto de papeles en la reacci\u00f3n al golpe: muy airada por los ministros y el entorno de Pedro S\u00e1nchez en Madrid y <a href=\"https:\/\/www.abc.es\/espana\/sanchez-adopta-perfil-bajo-reitera-inocencia-hermano-20250924210017-nt.html\" target=\"_self\" data-voc-vtm-id=\"in-text-traffic\" title=\"absolutamente contenida por parte de un presidente que comparec\u00eda desde la sede de la ONU\" data-mrf-link=\"www.abc.es\" rel=\"nofollow noopener\">absolutamente contenida por parte de un presidente que comparec\u00eda desde la sede de la ONU<\/a> en Nueva York. Por un lado, considerando que lo que busca el instructor es <strong>la \u00abhumillaci\u00f3n p\u00fablica\u00bb de G\u00f3mez<\/strong> y, por otro, limit\u00e1ndose a defender la inocencia de su mujer y su hermano. Pero la cr\u00edtica excede a este magistrado en concreto, es de mayor calado.<\/p>\n<p class=\"voc-p\" style=\"\">En Moncloa existe un profundo malestar por la falta de proactividad del Consejo General del Poder Judicial (CGPJ) ante \u2013lo que consideran\u2013 \u00abextralimitaciones\u00bb por parte de algunos jueces. <strong>En el Ejecutivo critican su \u00absilencio c\u00f3mplice\u00bb<\/strong> por no reaccionar ante instrucciones judiciales \u00absurrealistas\u00bb o que \u00abno se sostienen\u00bb. \u00abTodo esto empez\u00f3 con unos recortes de prensa, algo expresamente prohibido por el Supremo\u00bb, recuerdan las fuentes consultadas. <\/p>\n<p class=\"voc-p\" style=\"\">En el Gobierno llevan meses haciendo movimientos discretos, trasladando este malestar al \u00f3rgano de gobierno de los jueces sin \u00e9xito. <strong>\u00abLes dejan hacer\u00bb, critican<\/strong>, consider\u00e1ndoles corresponsables de las actuaciones de otros magistrados, ante las que no emiten ning\u00fan reproche. <strong>\u00abHay un se\u00f1or ridiculizando las instituciones y nadie hace nada\u00bb, sentencian<\/strong> en el Ejecutivo.<\/p>\n<p class=\"voc-p\" style=\"\">Es por esto que, seg\u00fan ha podido saber ABC, <strong>desde el Gobierno se ha presionado al CGPJ para que avanzara en alg\u00fan tipo de medida disciplinaria<\/strong> por el \u00abdesprestigio para la justicia\u00bb que suponen casos como los de la esposa del presidente. <strong>\u00abSe ha intentado, pero nada ha funcionado\u00bb<\/strong>, confirman fuentes gubernamentales. <strong>\u00abHay que pararle los pies\u00bb, tercian desde el entorno de S\u00e1nchez<\/strong>. Dentro de estos movimientos se encuadran las \u2013al menos\u2013 dos quejas interpuestas por el ministro de la Presidencia, Justicia y Relaciones con las Cortes, F\u00e9lix Bola\u00f1os, ante el CGPJ por la declaraci\u00f3n que el instructor le tom\u00f3 el pasado 16 de abril en el complejo de la Moncloa, en su despacho, en relaci\u00f3n a la contrataci\u00f3n de Cristina \u00c1lvarez, la asesora de la mujer del presidente del Gobierno. <\/p>\n<p class=\"voc-p\" style=\"\">Bola\u00f1os inst\u00f3 al \u00f3rgano rector de los jueces a que <strong>\u00abdepure responsabilidades\u00bb por las \u00abirregularidades\u00bb que le atribuye a Peinado<\/strong>. El CGPJ mantiene estas y, al menos, otra diligencia informativa abierta por \u00abdejaci\u00f3n de deberes\u00bb contra el instructor por otra causa contra un alto cargo de Almeida. Bola\u00f1os decidi\u00f3 dar el paso tras un intercambio marcado por la tensi\u00f3n y los reproches del magistrado, que le acus\u00f3 de contestar \u00abcon evasivas\u00bb y a quien espet\u00f3: \u00abNo s\u00e9 a qu\u00e9 obedece que esboce usted una sonrisa\u00bb. <strong>La intenci\u00f3n del Gobierno era que esta dos quejas no trascendieran.<\/strong><\/p>\n<p>\nOfensiva p\u00fablica\n<\/p>\n<p class=\"voc-p\" style=\"\">Una vez que esta estrategia de presi\u00f3n interna ha resultado infructuosa, desde el Gobierno decidieron escalarla hasta un ataque p\u00fablico a \u00abalgunos jueces\u00bb a los que el propio presidente del Gobierno acus\u00f3 de \u00abhacer pol\u00edtica\u00bb. En la misma entrevista en RTVE, S\u00e1nchez tambi\u00e9n <strong>lanz\u00f3 una carga de profundidad contra el CGPJ<\/strong>, aunque pas\u00f3 m\u00e1s inadvertida, pidiendo abrir una reflexi\u00f3n sobre <strong>\u00abc\u00f3mo defenderse ante procesos que claramente son muy defectuosos tanto en el fondo como en la forma\u00bb.<\/strong> En Moncloa definen estas pol\u00e9micas declaraciones del presidente como <strong>\u00abun grito desesperado\u00bb<\/strong> ante lo que consideran es una \u00abinjusticia\u00bb y una campa\u00f1a de \u00abacoso\u00bb a la figura del jefe del Ejecutivo a trav\u00e9s de su entorno m\u00e1s directo.<\/p>\n<p class=\"voc-p\" style=\"\"><strong>\u00abLas casualidades no existen\u00bb, sentencian<\/strong>, para poner en evidencia el escaso margen temporal que separa los procesamientos del hermano y de la mujer del presidente. Tras conocerse el mi\u00e9rcoles el \u00faltimo movimiento de Peinado, desde el Gabinete volv\u00edan a la carga: <strong>\u00abSi esto est\u00e1 sucediendo es porque el Poder Judicial lo consiente<\/strong>. La justicia de este pa\u00eds quedar\u00e1 arrumbada tras esta etapa infame. Les da igual, porque les da igual arrasar con todo\u00bb, escribi\u00f3 el ministro \u00d3scar Puente en sus redes sociales.<\/p>\n<p class=\"voc-p\" style=\"\">La negativa del CGPJ a las pretensiones del Gobierno no solo se aprecia en la falta de apercibimientos \u2013hasta la fecha\u2013 a Peinado, sino que el curso pasado <strong>el Consejo General del Poder Judicial le autoriz\u00f3 una pr\u00f3rroga, a continuar en activo hasta los 72 a\u00f1os<\/strong>, es decir, se jubilar\u00e1 en septiembre de 2026. Tampoco en los pronunciamientos p\u00fablicos de la presidenta del \u00f3rgano, Isabel Perell\u00f3, se aprecia ning\u00fan reproche al instructor. En lugar de censurar al Poder Judicial se ha centrado en repeler los ataques del Poder Ejecutivo. En concreto, <a href=\"https:\/\/www.abc.es\/espana\/perello-planta-cara-ataques-gobierno-jueces-obedecemos-20250905130437-nt.html\" target=\"_self\" data-voc-vtm-id=\"in-text-traffic\" title=\"durante la apertura del A\u00f1o Judicial a principios de este mes de septiembre\" data-mrf-link=\"www.abc.es\" rel=\"nofollow noopener\">durante la apertura del A\u00f1o Judicial a principios de este mes de septiembre<\/a>, la tambi\u00e9n presidenta del Tribunal Supremo, record\u00f3 la m\u00e1xima de que la independencia judicial no es un privilegio de los jueces, sino una garant\u00eda de los ciudadanos y que la carrera, por lo tanto, est\u00e1 llamada a preservarla. \u00abEste respeto no es una f\u00f3rmula ret\u00f3rica:<strong> exige que no se nos presione, que no se nos condicione que no se erosione la credibilidad de los tribunales con juicios de oportunidad pol\u00edtica<\/strong> o de cualquier otro tipo (&#8230;): Si falta un poder judicial independiente, desaparece el propio Estado de Derecho\u00bb, apostill\u00f3. <\/p>\n<p class=\"voc-p\" style=\"\">Ya en el mes de junio, Perell\u00f3 tambi\u00e9n se revolvi\u00f3 contra las \u00abpresiones\u00bb que sufren algunos jueces a los que se les atribuyen \u00abprop\u00f3sitos desviados\u00bb en sus decisiones. \u00abQuiero hacer un llamamiento a autoridades y particulares para <strong>recuperar el respeto, y reclamo el cese de cualquier presi\u00f3n o interferencia en la labor judicial<\/strong>\u00bb, se\u00f1al\u00f3. El choque entre poderes al que estamos asistiendo, entre el Ejecutivo y el Judicial, es in\u00e9dito. De las cr\u00edticas p\u00fablicas y acusaciones veladas de prevaricaci\u00f3n se escal\u00f3 a los hechos, <strong>el propio presidente del Gobierno interpuso \u2013v\u00eda la Abogac\u00eda del Estado\u2013 una querella por prevaricaci\u00f3n que fue desestimada<\/strong>. Con la frustraci\u00f3n de que no se haya actuado en el sentido que se reclamaba por parte del Ejecutivo, las fuentes consultadas <strong>se encomiendan ya a las instancias superiores para que reviertan por \u00abinconsistentes\u00bb las decisiones de Peinado<\/strong>. \u00abEl sistema espa\u00f1ol es garantista y confiamos en que un tribunal imparcial pondr\u00e1 las cosas en su sitio\u00bb, asegur\u00f3 este mi\u00e9rcoles Bola\u00f1os, en los pasillos del Congreso, tras conocerse el \u00faltimo movimiento de Peinado en la causa de Bego\u00f1a G\u00f3mez.<\/p>\n","protected":false},"excerpt":{"rendered":"La agenda pol\u00edtica nacional ha vuelto a virar a la arena judicial, pese a los esfuerzos del presidente&hellip;\n","protected":false},"author":2,"featured_media":139688,"comment_status":"","ping_status":"","sticky":false,"template":"","format":"standard","meta":{"footnotes":""},"categories":[8],"tags":[17,18,4867,25,24,13,14,11,19,20,10277,9,10,15,16,43678,24182,36846,43677,23,12,21,22],"class_list":{"0":"post-139687","1":"post","2":"type-post","3":"status-publish","4":"format-standard","5":"has-post-thumbnail","7":"category-espana","8":"tag-breaking-news","9":"tag-breakingnews","10":"tag-cgpj","11":"tag-es","12":"tag-espana","13":"tag-featured-news","14":"tag-featurednews","15":"tag-headlines","16":"tag-latest-news","17":"tag-latestnews","18":"tag-moncloa","19":"tag-news","20":"tag-noticias","21":"tag-noticias-destacadas","22":"tag-noticiasdestacadas","23":"tag-pararle","24":"tag-peinado","25":"tag-pies","26":"tag-presiono","27":"tag-spain","28":"tag-titulares","29":"tag-ultimas-noticias","30":"tag-ultimasnoticias"},"share_on_mastodon":{"url":"","error":""},"_links":{"self":[{"href":"https:\/\/www.europesays.com\/es\/wp-json\/wp\/v2\/posts\/139687","targetHints":{"allow":["GET"]}}],"collection":[{"href":"https:\/\/www.europesays.com\/es\/wp-json\/wp\/v2\/posts"}],"about":[{"href":"https:\/\/www.europesays.com\/es\/wp-json\/wp\/v2\/types\/post"}],"author":[{"embeddable":true,"href":"https:\/\/www.europesays.com\/es\/wp-json\/wp\/v2\/users\/2"}],"replies":[{"embeddable":true,"href":"https:\/\/www.europesays.com\/es\/wp-json\/wp\/v2\/comments?post=139687"}],"version-history":[{"count":0,"href":"https:\/\/www.europesays.com\/es\/wp-json\/wp\/v2\/posts\/139687\/revisions"}],"wp:featuredmedia":[{"embeddable":true,"href":"https:\/\/www.europesays.com\/es\/wp-json\/wp\/v2\/media\/139688"}],"wp:attachment":[{"href":"https:\/\/www.europesays.com\/es\/wp-json\/wp\/v2\/media?parent=139687"}],"wp:term":[{"taxonomy":"category","embeddable":true,"href":"https:\/\/www.europesays.com\/es\/wp-json\/wp\/v2\/categories?post=139687"},{"taxonomy":"post_tag","embeddable":true,"href":"https:\/\/www.europesays.com\/es\/wp-json\/wp\/v2\/tags?post=139687"}],"curies":[{"name":"wp","href":"https:\/\/api.w.org\/{rel}","templated":true}]}}