{"id":139694,"date":"2025-09-26T08:46:08","date_gmt":"2025-09-26T08:46:08","guid":{"rendered":"https:\/\/www.europesays.com\/es\/139694\/"},"modified":"2025-09-26T08:46:08","modified_gmt":"2025-09-26T08:46:08","slug":"la-primera-victoria-foranea-de-europa-alumbro-la-pareja-seve-olazabal","status":"publish","type":"post","link":"https:\/\/www.europesays.com\/es\/139694\/","title":{"rendered":"La primera victoria for\u00e1nea de Europa alumbr\u00f3 la pareja Seve-Olaz\u00e1bal"},"content":{"rendered":"<p data-mrf-recirculation=\"Links P\u00e1rrafos\" class=\"ue-c-article__paragraph paragraph ue-c-article--first-letter-highlighted\">L<strong>a Ryder Cup tiene un gran componente psicol\u00f3gico. Quiz\u00e1s porque a los golfistas <\/strong>se les ha olvidado la sensaci\u00f3n de pertenencia a un equipo de la etapa universitaria estadounidense en su mayor\u00eda -hasta cuatro europeos- o de los equipos nacionales, desde que el deporte introdujo herramientas de motivaci\u00f3n no hay capit\u00e1n que falle.<\/p>\n<p data-mrf-recirculation=\"Links P\u00e1rrafos\" class=\"ue-c-article__paragraph paragraph\"><strong>Luke Donald, que ha regalado un R\u00f3lex como es tradici\u00f3n a cada uno de sus muchachos<\/strong> y lo ha extendido esta vez tambi\u00e9n a las acompa\u00f1antes, impregn\u00f3 el vestuario con frases de Seve como aquella de \u201csi sientes piedad por alguien en un campo de golf, vete a casa. Si no le matas, \u00e9l lo har\u00e1\u201d.<\/p>\n<p data-mrf-recirculation=\"Links P\u00e1rrafos\" class=\"ue-c-article__paragraph paragraph\"><strong>Ahora, en la visita a Nueva York, el hilo argumental son las cuatro victorias a domicilio que ha logrado Europa<\/strong> en su historia (1987, 1995, 2004 y 2012) encabezados por otra frase del genio c\u00e1ntabro. \u201cLe miro a los ojos, le doy la mano, una palmadita en la espalda y le deseo suerte. Pero lo que estoy pensando es: \u2018Te voy a enterrar\u2019\u201d. Y un v\u00eddeo que recuerda que son 37 los europeos que han ganado alguna vez  a domicilio y se anima a aumentar el n\u00famero. Entre ellos, cinco espa\u00f1oles: Ballesteros, Olaz\u00e1bal, Rivero, Sergio y Jim\u00e9nez.<\/p>\n<p data-mrf-recirculation=\"Links P\u00e1rrafos\" class=\"ue-c-article__paragraph paragraph\"><strong>Seve particip\u00f3 en el primer raid en 1987 en Muirfield (Ohio). Dos a\u00f1os antes, por fin, despu\u00e9s de 28 a\u00f1os,<\/strong> se hab\u00eda detenido la racha ganadora estadounidense con la abultada victoria en The Belfry (Inglaterra), pero la hegemon\u00eda americana en su casa nunca hab\u00eda sido quebrantada.<\/p>\n<p><img decoding=\"async\" width=\"1024\" height=\"664\" class=\"ue-c-article__image lazyload\" alt=\"Seve y el capit\u00e1n Tony Jacklin celebran la victoria\" loading=\"lazy\" src=\"https:\/\/www.europesays.com\/es\/wp-content\/uploads\/2025\/09\/68d6362785be6.jpeg\"\/><\/p>\n<p>Seve y el capit\u00e1n Tony Jacklin celebran la victoria<\/p>\n<p data-mrf-recirculation=\"Links P\u00e1rrafos\" class=\"ue-c-article__paragraph paragraph\"><strong>El periodo \u2018entreRyders\u2019 hab\u00eda favorecido al golf de Estados Unidos.<\/strong> Hab\u00edan ganado seis de los ocho grandes, con la excepci\u00f3n del ingl\u00e9s Nick Faldo, que hab\u00eda ganado el Open haciendo 18 pares en la \u00faltima jornada, y el australiano Greg Norman. S\u00f3lo un dato hab\u00eda jugado a favor de Europa en los dos \u00faltimos a\u00f1os. Se hab\u00eda creado el r\u00e1nking mundial y hab\u00eda sido liderado por dos europeos -Langer y Seve- y ning\u00fan estadounidense.<\/p>\n<p data-mrf-recirculation=\"Links P\u00e1rrafos\" class=\"ue-c-article__paragraph paragraph\"><strong>Europa aline\u00f3 a tres espa\u00f1oles. Junto a Seve se hab\u00eda clasificado Pep\u00edn Rivero y Tony Jacklin,<\/strong> el capit\u00e1n, escogi\u00f3 entre sus tres invitaciones a Jos\u00e9 Mar\u00eda Olaz\u00e1bal, de s\u00f3lo 21 a\u00f1os, el benjam\u00edn de largo. Aquella decisi\u00f3n marc\u00f3 el comienzo de la mejor pareja de la historia.<\/p>\n<p data-mrf-recirculation=\"Links P\u00e1rrafos\" class=\"ue-c-article__paragraph paragraph\"><strong>Con Seve y Olaz\u00e1bal cerrando sesi\u00f3n, los europeos igualaron los partidos de la ma\u00f1ana<\/strong> y borraron del mapa a sus contricantes en los fourball de la tarde (4-0) para irse a la cama con un 6-2. A\u00fan se estir\u00f3 un punto m\u00e1s el s\u00e1bado.<\/p>\n<p data-mrf-recirculation=\"Links P\u00e1rrafos\" class=\"ue-c-article__paragraph paragraph\"><strong>Con esa renta se lleg\u00f3 a los individuales, donde estaba la fortaleza americana. <\/strong>El equipo de Nicklaus comenz\u00f3 a morder la diferencia. Cedi\u00f3 Olaz\u00e1bal con Stewart y, de inmediato, Rivero ante Simpson. Se ol\u00eda la remontada. Pero Eamon Darcy, golfista de un swing muy particular, bati\u00f3 a Crenshaw, que rompi\u00f3 su putt y pate\u00f3 12 hoyos con el hierro 1, y Seve por 2 y 1 consum\u00f3 la haza\u00f1a ante Strange.<\/p>\n<p data-mrf-recirculation=\"Links P\u00e1rrafos\" class=\"ue-c-article__paragraph paragraph\"><strong>El c\u00e1ntabro, autor de cuatro puntos, agarr\u00f3 una botella de champ\u00e1n y roci\u00f3 a todos.<\/strong> Fue el fin a una dinast\u00eda de 60 a\u00f1os. A los estadounidenses se les achac\u00f3 que ganaban muchos d\u00f3lares en el PGA Tour y que se hab\u00edan acomodado. Am\u00e9rica siempre hablando de dinero.\u00a0<\/p>\n","protected":false},"excerpt":{"rendered":"La Ryder Cup tiene un gran componente psicol\u00f3gico. Quiz\u00e1s porque a los golfistas se les ha olvidado la&hellip;\n","protected":false},"author":2,"featured_media":139695,"comment_status":"","ping_status":"","sticky":false,"template":"","format":"standard","meta":{"footnotes":""},"categories":[275],"tags":[168,25,24,329,23,167],"class_list":{"0":"post-139694","1":"post","2":"type-post","3":"status-publish","4":"format-standard","5":"has-post-thumbnail","7":"category-golf","8":"tag-deportes","9":"tag-es","10":"tag-espana","11":"tag-golf","12":"tag-spain","13":"tag-sports"},"share_on_mastodon":{"url":"","error":""},"_links":{"self":[{"href":"https:\/\/www.europesays.com\/es\/wp-json\/wp\/v2\/posts\/139694","targetHints":{"allow":["GET"]}}],"collection":[{"href":"https:\/\/www.europesays.com\/es\/wp-json\/wp\/v2\/posts"}],"about":[{"href":"https:\/\/www.europesays.com\/es\/wp-json\/wp\/v2\/types\/post"}],"author":[{"embeddable":true,"href":"https:\/\/www.europesays.com\/es\/wp-json\/wp\/v2\/users\/2"}],"replies":[{"embeddable":true,"href":"https:\/\/www.europesays.com\/es\/wp-json\/wp\/v2\/comments?post=139694"}],"version-history":[{"count":0,"href":"https:\/\/www.europesays.com\/es\/wp-json\/wp\/v2\/posts\/139694\/revisions"}],"wp:featuredmedia":[{"embeddable":true,"href":"https:\/\/www.europesays.com\/es\/wp-json\/wp\/v2\/media\/139695"}],"wp:attachment":[{"href":"https:\/\/www.europesays.com\/es\/wp-json\/wp\/v2\/media?parent=139694"}],"wp:term":[{"taxonomy":"category","embeddable":true,"href":"https:\/\/www.europesays.com\/es\/wp-json\/wp\/v2\/categories?post=139694"},{"taxonomy":"post_tag","embeddable":true,"href":"https:\/\/www.europesays.com\/es\/wp-json\/wp\/v2\/tags?post=139694"}],"curies":[{"name":"wp","href":"https:\/\/api.w.org\/{rel}","templated":true}]}}