{"id":139738,"date":"2025-09-26T09:11:04","date_gmt":"2025-09-26T09:11:04","guid":{"rendered":"https:\/\/www.europesays.com\/es\/139738\/"},"modified":"2025-09-26T09:11:04","modified_gmt":"2025-09-26T09:11:04","slug":"mundial-kigali-orengo-somos-una-seleccion-potente","status":"publish","type":"post","link":"https:\/\/www.europesays.com\/es\/139738\/","title":{"rendered":"Mundial Kigali \/ Orengo: \u00abSomos una selecci\u00f3n potente\u00bb"},"content":{"rendered":"<p><a href=\"https:\/\/www.ciclo21.com\/wp-content\/uploads\/2025\/09\/Captura-de-Pantalla-2025-09-25-a-las-15.26.15.png\" target=\"_blank\" rel=\"noopener nofollow\"><img fetchpriority=\"high\" decoding=\"async\" aria-describedby=\"caption-attachment-448434\" class=\"wp-image-448434 size-large lazy\" src=\"data:image\/svg+xml,%3Csvg%20xmlns=\" http:=\"\" data-src=\"https:\/\/www.europesays.com\/es\/wp-content\/uploads\/2025\/09\/Captura-de-Pantalla-2025-09-25-a-las-15.26.15-1024x590.png\" alt=\"\" width=\"620\" height=\"357\" data- data-\/><\/a><\/p>\n<p id=\"caption-attachment-448434\" class=\"wp-caption-text\">\u00c1lvarez y Pericas \u00a9 RFEC<\/p>\n<p><strong>Redacci\u00f3n \/ <a href=\"https:\/\/www.ciclo21.com\/whatsapp-telegram-2025\/\" target=\"_blank\" rel=\"noopener nofollow\">Ciclo 21<\/a><\/strong><\/p>\n<p style=\"text-align: justify;\"><strong>Pascual Orengo,<\/strong> como el j\u00fanior<strong> Eleuterio Anguita,<\/strong> tambi\u00e9n vive en <a href=\"https:\/\/www.ciclo21.com\/mundial-kigali-juniors-2025\/\" target=\"_blank\" rel=\"noopener nofollow\"><strong>Ruanda su primer Campeonato del Mundo como seleccionador sub-23,<\/strong><\/a> una categor\u00eda cada vez m\u00e1s profesional y m\u00e1s hipotecada por las restricciones de la UCI que provocan que <strong>Pablo Torres<\/strong> y\/o <strong>Iv\u00e1n Romeo<\/strong> no los pueda convocar. Pero en Kigali se presenta con un bloque compacto comandado -tanto monta- por los valencianos <strong>H\u00e9ctor \u00c1lvarez y Pau Mart\u00ed<\/strong> y el catal\u00e1n <strong>Adri\u00e0 Pericas<\/strong> pero sin un favorito claro como el belga Widar o el italiano Finn, oro j\u00fanior 2024.. Por tanto han de saber moverse en el enrevesado, pesado y tramposo circuito de Kigali.<\/p>\n<p style=\"text-align: justify;\"><strong>-Su primer Mundial sub-23 como seleccionador. \u00bfC\u00f3mo lo ve en las horas previas, c\u00f3mo se lo plantea?<\/strong><\/p>\n<p style=\"text-align: justify;\">-Somos una de las selecciones m\u00e1s fuertes y ser\u00eda mi responsabilidad que se nos fuese la carrera pronto. Luego ya con el paso de las vueltas, pues es un circuito que va a poner a cada uno su sitio. Con los que tengamos nos presentaremos en esa disputa de carrera o no o pelearemos por las posiciones m\u00e1s normales, que al final ser\u00e1n en coherencia con la fuerza de los corredores, porque el planteamiento va a ser claro. Pod\u00edamos estructurar en tres partes de la carrera. En ese primer tercio, creo que nosotros debemos ser una de las selecciones que asumamos el control de la carrera o el tener presencia en las escapadas. A partir de ese primer tercio tiene tanto desnivel que podr\u00eda ser como una etapa en el Tour de Francia en la que cada uno vaya a su lugar.<\/p>\n<p style=\"text-align: justify;\"><strong>-A diferencia de los juniors con Noval y las sub-23 con Blasi, tiene m\u00e1s abanico de posibilidades. Hay establecida una jerarqu\u00eda entre \u00c1lvarez, Mart\u00ed y Pericas o va a ir en funci\u00f3n de la carrera.<\/strong><\/p>\n<p style=\"text-align: justify;\">-Son las dos afirmaciones que yo te puedo contestar. Hay dos bloques que son los tres corredores que ya tienen un contrato profesional este a\u00f1o y luego es cierto que me voy a adherir a lo que t\u00fa acabas de decir. Va a ir seg\u00fan el funcionamiento de la carrera, porque por ejemplo, esos corredores que vienen a trabajar o a estar al servicio de estos tres nombres que hemos mencionado, entra el grupo grande de principio de carrera. Y si de ese grupo sale otro m\u00e1s reducido que pudiese llegar, pues al final se cambian los roles y se invierte el planteamiento, y eso es algo que tambi\u00e9n he puesto encima de la mesa. En principio, hay dos bloques. Los tres con los que yo creo que voy a disputar y los tres que en principio ya sab\u00edan de casa que ven\u00edan a trabajar.<\/p>\n<p style=\"text-align: justify;\"><strong>-Obviamente sub-23 ya es una categor\u00eda m\u00e1s seria y m\u00e1s ahora con tantos que est\u00e1n en equipos profesionales. Decir que se aspira al podio, es muy arriesgado \u00bfno?<\/strong><\/p>\n<p style=\"text-align: justify;\">-S\u00ed porque tiene mucho desnivel esta carrera. Si tuviese menos creo que tengo corredores ganadores, Mart\u00ed lo he demostrado, \u00c1lvarez\u00a0 es de los mejores del mundo, y Pericas, aunque es verdad, que estuvo m\u00e1s fuerte a principios de a\u00f1o que ahora, son tres hombres muy buenos. Lo que pasa es que es verdad que vienes de hacer un Giro, un Tour del Porvenir, vienes de hacer unos vueltas donde Finn o Widar demuestran que estamos peor que ellos hacia arriba.<\/p>\n<p style=\"text-align: justify;\"><strong>-Esa era la pr\u00f3xima pregunta, sus favoritos.<\/strong><\/p>\n<p style=\"text-align: justify;\">-Yo soy realista de que mis tres corredores no tienen en el nivel cuando se empina mucho a la carretera de Widar ni de Lorenzo Finn. Pero luego es verdad que yo tengo tres segundos espadas, y que ellos lo mejor tienen una y tienen que tener el d\u00eda. En cambio, yo tengo tres, que es muy probable, que alguno de los tres tenga el d\u00eda como ya lo han tenido en otros momentos de su carrera. Por tanto, vamos a jugar con que haya tres nombres, Widar, Finn y un espa\u00f1ol que de esos tres pueda tener el d\u00eda ideal.<\/p>\n<p style=\"text-align: justify;\"><strong>-\u00bfLa norma de la UCI de que los sub-23 de los equipos de primera divisi\u00f3n perjudica a Espa\u00f1a? Hablo de Torres y Romeo<\/strong><\/p>\n<p style=\"text-align: justify;\">-Yo creo que ha perjudicado mucho a Espa\u00f1a. Tendr\u00edamos una selecci\u00f3n m\u00e1s potente y quiz\u00e1s a la mejor selecci\u00f3n de la mundo, pero a nivel personal me enorgullece ganar con corredores cuyo resultado les promocionar\u00e1 su carrera deportiva. Corredores que ya est\u00e1n asentados o que ya tienen un muy contrato en esta categor\u00eda, yo voy a romper una a favor de UCI, me parece una buena decisi\u00f3n.<\/p>\n<p style=\"text-align: justify;\"><strong>-Has visto a la carrera de las sub-23. \u00bfLe vale de algo como ejemplo? \u00bfSe puede repetir?<\/strong><\/p>\n<p style=\"text-align: justify;\">S\u00ed, me vale, s\u00ed. Porque, al final, en hombres, el nivel yo considero que a veces entre los m\u00e1s fuertes es m\u00e1s parejo. Y, entonces, pensamos que el recorrido es muy duro, pero s\u00ed a la \u00faltima subida han llegado nueve chicas igual me ha roto un poquito los esquemas y no se dinamita tanto la carrera como yo pensaba. Aqu\u00ed, por los corrillos del hotel el \u00fanico comentario que existe de la selecci\u00f3n que sea, es que ma\u00f1ana van a llegar de uno a uno, pero despu\u00e9s de ver la carrera de las chicas, ha cambiado un poquito la percepci\u00f3n.<\/p>\n<p><strong>PREVIA<\/strong><\/p>\n<p><a href=\"https:\/\/www.ciclo21.com\/mundial-ruanda-junior-2025\/\" target=\"_blank\" rel=\"noopener nofollow\"><strong>SELECCIONES JUNIORS<\/strong><\/a><\/p>\n<p>Las selecciones espa\u00f1olas sub-23 femenina y masculina se aproximan a la edici\u00f3n 2025 del <a href=\"https:\/\/www.ciclo21.com\/mundial-2025-ruanda-programa-perfiles-selecciones\/\" target=\"_blank\" rel=\"noopener nofollow\"><strong>Campeonato del Mundo de carretera de Kigali (Ruanda)<\/strong><\/a> tras haber completado sendas actuaciones en el reci\u00e9n finalizado <a href=\"https:\/\/www.ciclo21.com\/6a-tour-porvenir-2025-seixas\/\" target=\"_blank\" rel=\"noopener nofollow\"><strong>Tour del Porvenir<\/strong><\/a> que las situ\u00e1n como una de las escuadras m\u00e1s destacadas de la categor\u00eda. <strong>Paula Blasi<\/strong> logr\u00f3 la sexta plaza en la general y <strong>Pablo Torres<\/strong> dejando patente que se encuentran un a\u00f1o m\u00e1s entre la \u00e9lite mundial de la categor\u00eda, algo que <strong>Adri\u00e0 Pericas, Pau Mart\u00ed y H\u00e9ctor \u00c1lvarez<\/strong> llevan demostrando durante todo el curso.<\/p>\n<p>Este Mundial ser\u00e1 adem\u00e1s especial porque por primera vez se celebrar\u00e1n de forma separada las competiciones femeninas sub-23 de las pruebas de la categor\u00eda \u00e9lite. Las elegidas por la seleccionadora nacional <strong>Gema Pascual<\/strong> para participar en las mismas ser\u00e1n <strong>Paula Blasi,<\/strong> que har\u00e1 la crono y la ruta, <strong>Luc\u00eda Ruiz, Laura Ruiz y Ainara Albert.<\/strong><\/p>\n<p>La <strong>convocatoria sub-23 masculina,<\/strong> dise\u00f1ada por el seleccionador nacional <strong>Pascual Orengo,<\/strong> la integrar\u00e1n <strong>Iker G\u00f3mez, Unai Ramos, Samuel Fern\u00e1ndez y Pau Mart\u00ed,<\/strong> que estar\u00e1n presentes en el fondo junto a <strong>Adri\u00e0 Pericas y H\u00e9ctor \u00c1lvarez,<\/strong> que competir\u00e1n tambi\u00e9n en la contrarreloj.<\/p>\n<p>En cuanto a las <strong>pruebas de fondo<\/strong>, las <strong>chicas sub-23<\/strong> competir\u00e1n el <strong>jueves 25<\/strong> y los sub-23 har\u00e1n lo propio el <strong>viernes 26.<\/strong> El fondo femenino constar\u00e1 de 119,3 km y 2.435 metros de desnivel, fruto de dar ocho giros al circuito local de Kigali, que incluye en cada vuelta el paso por la Cote de Kimihurura y al famoso Mur de Kigali, de 800 metros al 8,1% de pendiente media. Los chicos cubrir\u00e1n un total de 164,4 km y 3.350 metros de desnivel tras completar once vueltas a este mismo circuito como indica la RFEC.<\/p>\n","protected":false},"excerpt":{"rendered":"\u00c1lvarez y Pericas \u00a9 RFEC Redacci\u00f3n \/ Ciclo 21 Pascual Orengo, como el j\u00fanior Eleuterio Anguita, tambi\u00e9n vive&hellip;\n","protected":false},"author":2,"featured_media":139739,"comment_status":"","ping_status":"","sticky":false,"template":"","format":"standard","meta":{"footnotes":""},"categories":[273],"tags":[313,312,168,25,24,39237,3714,23,167],"class_list":{"0":"post-139738","1":"post","2":"type-post","3":"status-publish","4":"format-standard","5":"has-post-thumbnail","7":"category-ciclismo","8":"tag-ciclismo","9":"tag-cycling","10":"tag-deportes","11":"tag-es","12":"tag-espana","13":"tag-mundial-kigali","14":"tag-seleccion-espanola","15":"tag-spain","16":"tag-sports"},"share_on_mastodon":{"url":"","error":""},"_links":{"self":[{"href":"https:\/\/www.europesays.com\/es\/wp-json\/wp\/v2\/posts\/139738","targetHints":{"allow":["GET"]}}],"collection":[{"href":"https:\/\/www.europesays.com\/es\/wp-json\/wp\/v2\/posts"}],"about":[{"href":"https:\/\/www.europesays.com\/es\/wp-json\/wp\/v2\/types\/post"}],"author":[{"embeddable":true,"href":"https:\/\/www.europesays.com\/es\/wp-json\/wp\/v2\/users\/2"}],"replies":[{"embeddable":true,"href":"https:\/\/www.europesays.com\/es\/wp-json\/wp\/v2\/comments?post=139738"}],"version-history":[{"count":0,"href":"https:\/\/www.europesays.com\/es\/wp-json\/wp\/v2\/posts\/139738\/revisions"}],"wp:featuredmedia":[{"embeddable":true,"href":"https:\/\/www.europesays.com\/es\/wp-json\/wp\/v2\/media\/139739"}],"wp:attachment":[{"href":"https:\/\/www.europesays.com\/es\/wp-json\/wp\/v2\/media?parent=139738"}],"wp:term":[{"taxonomy":"category","embeddable":true,"href":"https:\/\/www.europesays.com\/es\/wp-json\/wp\/v2\/categories?post=139738"},{"taxonomy":"post_tag","embeddable":true,"href":"https:\/\/www.europesays.com\/es\/wp-json\/wp\/v2\/tags?post=139738"}],"curies":[{"name":"wp","href":"https:\/\/api.w.org\/{rel}","templated":true}]}}