{"id":139759,"date":"2025-09-26T09:23:07","date_gmt":"2025-09-26T09:23:07","guid":{"rendered":"https:\/\/www.europesays.com\/es\/139759\/"},"modified":"2025-09-26T09:23:07","modified_gmt":"2025-09-26T09:23:07","slug":"leonor-se-estrena-como-princesa-de-viana-con-una-visita-de-dos-dias-por-navarra-el-mundo","status":"publish","type":"post","link":"https:\/\/www.europesays.com\/es\/139759\/","title":{"rendered":"Leonor se estrena como Princesa de Viana con una visita de dos d\u00edas por Navarra &#8211; El Mundo"},"content":{"rendered":"<ol>\n<li><a href=\"https:\/\/news.google.com\/rss\/articles\/CBMiekFVX3lxTE41QzM4SHZoRnhCaTluaXhxLVV2S015NW1wd2phY0pybDZqdDRQbmxFNDV0VEVSanRKZHNOYXBqelpUbDBPdTdIQWtLenhfaHNncV9fOHI4TnNJbFdYSjBKME5NYkJtajdUeGtZMmEwSkxITzNfTmhRaWh30gF6QVVfeXFMTVlJbHVOSkMwS2JqLW5aUDh2T3NMWmdmM3JpcTZTM1RUZHZWbW5SakVMeXowamdYUzR3VFZQaVU0NkY3SlJMU29FdllYX2xWb3BZZjRraTdrak50OW01VzVQWUZVRWNRVXFucndxQW5FaTNYN2NhSFUxbHc?oc=5\" target=\"_blank\" rel=\"nofollow noopener\">Leonor se estrena como Princesa de Viana con una visita de dos d\u00edas por Navarra<\/a>&nbsp;&nbsp;El Mundo<\/li>\n<li><a href=\"https:\/\/news.google.com\/rss\/articles\/CBMi0AFBVV95cUxNMU1CMGtzdUcxT1M0aUlrMkQ0WDBvNUpUcTFkRXZMakdRU251R2RkN3VhX1Q2YUtRU3JXV0RCalc4UUFRcHljSUFreE9PU2xUMHJ0UWVBQnV4bUY2WFl1SFBxVF9nTzQ1SHhTeVdrVXl2T2FQRkVCbTBFN3VDT1o3ZGhKMmNLdEszYXdxckk2RG9wb0ZDa2xuVi1uYlJWOUdxYl9UejhFODU3eXZBUk1aZG5SclpzQ2l4ZlRpdnRUVG9FdWRIdk5kYWZ4YmpqR2FG?oc=5\" target=\"_blank\" rel=\"nofollow noopener\">Leonor de Borb\u00f3n debuta en Navarra como princesa de Viana 10 a\u00f1os despu\u00e9s de recibir el t\u00edtulo<\/a>&nbsp;&nbsp;EL PA\u00cdS<\/li>\n<li><a href=\"https:\/\/news.google.com\/rss\/articles\/CBMi5AFBVV95cUxPTk1mVmdEeFBGUWtiWHlHU0hPSDlEUHZKNXBvYW12VG1nSFZFXzVKM1hLVmI3dEljVXcxR0RTNHRkb0FUQ0pzRmc2R2tGYmhrOFlEVjB6Nllzc3FkRjJ0QnRLMUZ1OXhQdjF3d2xzQ1daUzFTZ0lzODBGUllXZHNSZ0E4MzBObld3Rkl0VlUyM2ZBMUdVRTBmMTFYXzJLNE1VZHp3dEVKT2NYczFycEprLW8tSm5CNmNwaU85S3J5eWJ0dW1PNkJvMERtNzVQaWI0VTVvWm0xam5nU3V5WmJ5U1k5QnfSAeoBQVVfeXFMTWJKUEU5MTQzczhEQWFXdm5JZ2w4WDV2aHlLbFcxMDYwX3k3bHhaTzVxa2ZIQjNUbWhETEFjc2FnUDVHMWNrQ05WMDFseXFJN3EwUDJlcVlJMW9yZy0xeEpua2tFQnJQZU5DUDBDYVIxUHFnUThzQ2J6RkdxVV9UUnczNUVrUTA0ZFZUckQ5d21SOXBSTjJZTnFQNE5sWHl6bDRMYnJOYVdSYllqb0hLM3RYR3ExZjEyMGxlYUZpTzZKdEZLSW8yMEpFQml6VGtBRjlRbncwT1ZFMkg4UXhpak5YbU04eXJnenpn?oc=5\" target=\"_blank\" rel=\"nofollow noopener\">La reina Letizia apuesta por un traje burdeos en Pamplona, a conjunto con Leonor en su debut como princesa de Viana<\/a>&nbsp;&nbsp;Vanitatis<\/li>\n<li><a href=\"https:\/\/news.google.com\/rss\/articles\/CBMixAFBVV95cUxNR2EyaV9XZHFPazlKb0w5MVU1MlNBU2JPZl9aSVlMYzZkYXdtYlE1RmM5TVU2Y1pMUTlFYlkzX093Vl9UaVBLYXFXRFgwVGtQR1N6VVoyLWVTS25PZmFvOXNjNXRaVENJdWJ3MlZYVjFKdDh3RzRoLTRvSWJOamI2TmZQTVJldW5DeHdyNEs1Vjk3dFRwYmI2d0JoMHVuUUg1ZnZLTUdhVFdCMmY5LXVfLTFrRnB2ZElPRlJmQTU3bmt1bHdk?oc=5\" target=\"_blank\" rel=\"nofollow noopener\">Fotos de la visita de los Reyes y de la princesa Leonor a Navarra<\/a>&nbsp;&nbsp;diariodenavarra.es<\/li>\n<li><a href=\"https:\/\/news.google.com\/rss\/articles\/CBMiuAFBVV95cUxOVmpzazVucFhjdWx6NzVYazhQeEJrYXY2UThGeml2LWNtcVM3QVJYbnhWbjVQOElJVkc2VnhiYUtncmhMZFN2UERXcFRLRFVIbzIzRjNKQkl2T0NfTzNBR3NOekFCZFMzOWs2a1VRTjlmZWxJQkVOX1lOcmJpWkxsVVVrSWNENUp2TUdkcU9oOHdGa3c3OTkwTHpPMi01dTM1enNIOWdvdTJuRXpmUXN6RXhLWjJxdG8t?oc=5\" target=\"_blank\" rel=\"nofollow noopener\">Visita de Felipe de Borb\u00f3n, Leonor y Letizia a Navarra (viernes 26 de septiembre de 2025)<\/a>&nbsp;&nbsp;Noticias de Navarra<\/li>\n<\/ol>\n","protected":false},"excerpt":{"rendered":"Leonor se estrena como Princesa de Viana con una visita de dos d\u00edas por Navarra&nbsp;&nbsp;El Mundo Leonor de&hellip;\n","protected":false},"author":2,"featured_media":139760,"comment_status":"","ping_status":"","sticky":false,"template":"","format":"standard","meta":{"footnotes":""},"categories":[91],"tags":[146,147,25,24,11439,811,11362,23],"class_list":{"0":"post-139759","1":"post","2":"type-post","3":"status-publish","4":"format-standard","5":"has-post-thumbnail","7":"category-entretenimiento","8":"tag-entertainment","9":"tag-entretenimiento","10":"tag-es","11":"tag-espana","12":"tag-felipe-vi","13":"tag-princesa-leonor","14":"tag-reina-letizia","15":"tag-spain"},"share_on_mastodon":{"url":"","error":""},"_links":{"self":[{"href":"https:\/\/www.europesays.com\/es\/wp-json\/wp\/v2\/posts\/139759","targetHints":{"allow":["GET"]}}],"collection":[{"href":"https:\/\/www.europesays.com\/es\/wp-json\/wp\/v2\/posts"}],"about":[{"href":"https:\/\/www.europesays.com\/es\/wp-json\/wp\/v2\/types\/post"}],"author":[{"embeddable":true,"href":"https:\/\/www.europesays.com\/es\/wp-json\/wp\/v2\/users\/2"}],"replies":[{"embeddable":true,"href":"https:\/\/www.europesays.com\/es\/wp-json\/wp\/v2\/comments?post=139759"}],"version-history":[{"count":0,"href":"https:\/\/www.europesays.com\/es\/wp-json\/wp\/v2\/posts\/139759\/revisions"}],"wp:featuredmedia":[{"embeddable":true,"href":"https:\/\/www.europesays.com\/es\/wp-json\/wp\/v2\/media\/139760"}],"wp:attachment":[{"href":"https:\/\/www.europesays.com\/es\/wp-json\/wp\/v2\/media?parent=139759"}],"wp:term":[{"taxonomy":"category","embeddable":true,"href":"https:\/\/www.europesays.com\/es\/wp-json\/wp\/v2\/categories?post=139759"},{"taxonomy":"post_tag","embeddable":true,"href":"https:\/\/www.europesays.com\/es\/wp-json\/wp\/v2\/tags?post=139759"}],"curies":[{"name":"wp","href":"https:\/\/api.w.org\/{rel}","templated":true}]}}